{"id":182152,"date":"2021-05-10T17:51:01","date_gmt":"2021-05-10T20:51:01","guid":{"rendered":"https:\/\/diarioregionaldigital.com.br\/?p=182152"},"modified":"2021-05-10T17:51:01","modified_gmt":"2021-05-10T20:51:01","slug":"estado-se-organiza-para-recebimento-e-entrega-de-coranavac-astrazeneca-e-pfizer","status":"publish","type":"post","link":"https:\/\/diarioregionaldigital.com.br\/?p=182152","title":{"rendered":"Estado se organiza para recebimento e entrega de Coranavac, AstraZeneca e Pfizer"},"content":{"rendered":"<p>Nesta segunda-feira (10\/5), o\u00a0<a href=\"https:\/\/www.mg.gov.br\/\" target=\"_blank\" rel=\"noopener noreferrer\">Governo de Minas Gerais<\/a>, por meio da\u00a0<a href=\"https:\/\/www.saude.mg.gov.br\/\" target=\"_blank\" rel=\"noopener noreferrer\">Secretaria de Estado de Sa\u00fade (SES-MG)<\/a>, come\u00e7ou a distribui\u00e7\u00e3o do 18\u00ba lote de vacinas contra a covid-19, para as Unidades Regionais de Sa\u00fade (URS). As URSs de Belo Horizonte, Ponte Nova, Juiz de Fora, S\u00e3o Jo\u00e3o del-Rei, Barbacena, Itabira, Divin\u00f3polis e Sete Lagoas retiraram, nesta manh\u00e3, na Central Rede de Frio do Estado, doses da Coronavac e da AstraZeneca.<\/p>\n<p>Na ter\u00e7a-feira (11\/5), a partir das 8h, a entrega das vacinas continua, com a distribui\u00e7\u00e3o, por via a\u00e9rea, para as rotas de Governador Valadares, Pedra Azul, Diamantina, Montes Claros, Uberl\u00e2ndia, Una\u00ed, Alfenas, Patos de Minas, Ub\u00e1, Manhua\u00e7u, Ituiutaba e Uberaba.<\/p>\n<p><strong>P\u00fablicos priorit\u00e1rios<\/strong><\/p>\n<p>Os 100.200 imunizantes da Coronavac ser\u00e3o usados para dar continuidade \u00e0 aplica\u00e7\u00e3o da 2\u00aa dose em idosos de 65 a 69 anos e de 60 a 64 anos. J\u00e1 as 396.500 doses da AstraZeneca ser\u00e3o destinadas a pessoas com comorbidades e para a continuidade de imuniza\u00e7\u00e3o de For\u00e7as de Seguran\u00e7a e de Salvamento, gr\u00e1vidas e m\u00e3es que acabaram de dar \u00e0 luz.<\/p>\n<p>Ainda dentro da 18\u00aa remessa de vacina, Minas Gerais recebe, nesta segunda-feira, o imunizante da Pfizer. S\u00e3o 112.320 doses que chegar\u00e3o a partir das 20h no Aeroporto de Confins e ser\u00e3o encaminhadas para a Rede de Frio do Estado para inspe\u00e7\u00e3o. Na ter\u00e7a-feira (11\/5), as vacinas da Pfizer ser\u00e3o transportadas a -25 graus para a Rede de Frio de Belo Horizonte, onde ficar\u00e3o acondicionadas a -70 graus, conforme orienta\u00e7\u00e3o do Plano Nacional de Imuniza\u00e7\u00e3o (PNI), para garantir a durabilidade de at\u00e9 seis meses.<\/p>\n<p><a href=\"http:\/\/www.agenciaminas.mg.gov.br\/ckeditor_assets\/attachments\/11032\/vacinas_covid_-18_pauta_de_distribuicao_final_08-05-2021_1.xlsx\" target=\"_blank\" rel=\"noopener\">Clique aqui<\/a>\u00a0para acessar a tabela com o detalhamento da distribui\u00e7\u00e3o (arquivo em formato .XLS).<\/p>\n<p><strong>Apoio e seguran\u00e7a<\/strong><\/p>\n<p>A maior opera\u00e7\u00e3o de vacina\u00e7\u00e3o da hist\u00f3ria de Minas Gerais conta com apoio das For\u00e7as de Seguran\u00e7a e Salvamento, que disponibilizam aeronaves do Batalh\u00e3o de Opera\u00e7\u00f5es A\u00e9reas (BOA), do\u00a0<a href=\"https:\/\/www.bombeiros.mg.gov.br\/\" target=\"_blank\" rel=\"noopener noreferrer\">Corpo de Bombeiros Militar de Minas Gerais (CBMMG)<\/a>, da\u00a0<a href=\"https:\/\/www.policiamilitar.mg.gov.br\/\" target=\"_blank\" rel=\"noopener noreferrer\">Pol\u00edcia Militar de Minas Gerais (PMMG)<\/a>, al\u00e9m de efetivo terrestre da\u00a0<a href=\"https:\/\/www.policiacivil.mg.gov.br\/\" target=\"_blank\" rel=\"noopener noreferrer\">Pol\u00edcia Civil de Minas Gerais (PCMG)<\/a>\u00a0para escola de insumos.<\/p>\n<p><span style=\"font-weight: 400;\"><br \/>\n<\/span><span style=\"font-weight: 400;\">Fonte: Ag\u00eancia Minas<\/span><\/p>\n","protected":false},"excerpt":{"rendered":"<p>Nesta segunda-feira (10\/5), o\u00a0Governo de Minas Gerais, por meio da\u00a0Secretaria de Estado de Sa\u00fade (SES-MG), come\u00e7ou a distribui\u00e7\u00e3o do 18\u00ba lote de vacinas contra a covid-19, para as Unidades Regionais de Sa\u00fade (URS). As URSs de Belo Horizonte, Ponte Nova, Juiz de Fora, S\u00e3o Jo\u00e3o del-Rei, Barbacena, Itabira, Divin\u00f3polis e Sete Lagoas retiraram, nesta manh\u00e3, [&hellip;]<\/p>\n","protected":false},"author":246,"featured_media":182153,"comment_status":"closed","ping_status":"closed","sticky":false,"template":"","format":"standard","meta":{"footnotes":""},"categories":[436,262,254,439],"tags":[],"class_list":["post-182152","post","type-post","status-publish","format-standard","has-post-thumbnail","hentry","category-destaque-da-semana","category-noticias","category-politica","category-ultima-hora"],"_links":{"self":[{"href":"https:\/\/diarioregionaldigital.com.br\/index.php?rest_route=\/wp\/v2\/posts\/182152","targetHints":{"allow":["GET"]}}],"collection":[{"href":"https:\/\/diarioregionaldigital.com.br\/index.php?rest_route=\/wp\/v2\/posts"}],"about":[{"href":"https:\/\/diarioregionaldigital.com.br\/index.php?rest_route=\/wp\/v2\/types\/post"}],"author":[{"embeddable":true,"href":"https:\/\/diarioregionaldigital.com.br\/index.php?rest_route=\/wp\/v2\/users\/246"}],"replies":[{"embeddable":true,"href":"https:\/\/diarioregionaldigital.com.br\/index.php?rest_route=%2Fwp%2Fv2%2Fcomments&post=182152"}],"version-history":[{"count":1,"href":"https:\/\/diarioregionaldigital.com.br\/index.php?rest_route=\/wp\/v2\/posts\/182152\/revisions"}],"predecessor-version":[{"id":182154,"href":"https:\/\/diarioregionaldigital.com.br\/index.php?rest_route=\/wp\/v2\/posts\/182152\/revisions\/182154"}],"wp:featuredmedia":[{"embeddable":true,"href":"https:\/\/diarioregionaldigital.com.br\/index.php?rest_route=\/wp\/v2\/media\/182153"}],"wp:attachment":[{"href":"https:\/\/diarioregionaldigital.com.br\/index.php?rest_route=%2Fwp%2Fv2%2Fmedia&parent=182152"}],"wp:term":[{"taxonomy":"category","embeddable":true,"href":"https:\/\/diarioregionaldigital.com.br\/index.php?rest_route=%2Fwp%2Fv2%2Fcategories&post=182152"},{"taxonomy":"post_tag","embeddable":true,"href":"https:\/\/diarioregionaldigital.com.br\/index.php?rest_route=%2Fwp%2Fv2%2Ftags&post=182152"}],"curies":[{"name":"wp","href":"https:\/\/api.w.org\/{rel}","templated":true}]}}