{"id":182148,"date":"2021-05-10T17:47:58","date_gmt":"2021-05-10T20:47:58","guid":{"rendered":"https:\/\/diarioregionaldigital.com.br\/?p=182148"},"modified":"2021-05-10T17:47:58","modified_gmt":"2021-05-10T20:47:58","slug":"romeu-zema-lanca-reviva-turismo-programa-de-retomada-gradual-e-segura-do-setor","status":"publish","type":"post","link":"https:\/\/diarioregionaldigital.com.br\/?p=182148","title":{"rendered":"Romeu Zema lan\u00e7a Reviva Turismo, programa de retomada gradual e segura do setor"},"content":{"rendered":"<p><main class=\"clear margin-md-bottom-3\"><\/p>\n<div class=\"clear \">\n<p>O processo de recupera\u00e7\u00e3o do Turismo em Minas Gerais ganha mais for\u00e7a e incentivo a partir desta segunda-feira (10\/5). O governador Romeu Zema e o secret\u00e1rio de\u00a0<a href=\"http:\/\/secult.mg.gov.br\/\" target=\"_blank\" rel=\"noopener\">Cultura e Turismo<\/a>, Le\u00f4nidas de Oliveira, lan\u00e7aram o programa Reviva Turismo, que dar\u00e1 impulso \u00e0 retomada gradual e segura das atividades tur\u00edsticas, com base em quatro eixos: biosseguran\u00e7a, estrutura\u00e7\u00e3o, capacita\u00e7\u00e3o e marketing do destino Minas Gerais.<\/p>\n<p>Um dos principais objetivos do programa \u00e9 resgatar o setor, um dos mais prejudicados pela crise em fun\u00e7\u00e3o da pandemia de covid-19, e estimular toda sua cadeia produtiva, que envolve oficialmente 15 segmentos econ\u00f4micos, segundo crit\u00e9rios do Minist\u00e9rio do Turismo. O programa vai investir cerca de R$ 17,5 milh\u00f5es em 2021, por meio de parcerias p\u00fablico-privadas e patroc\u00ednios,\u00a0e a meta \u00e9 que o Turismo gere 100 mil empregos at\u00e9 2022, colocando Minas entre os tr\u00eas principais destinos do pa\u00eds.<\/p>\n<p>Romeu Zema destacou que se reuniu por diversas vezes com representantes do setor para ouvir as demandas e buscar uma solu\u00e7\u00e3o. Segundo ele, a expectativa \u00e9 a de que o Turismo, respons\u00e1vel por cerca de 12% das empresas e quase 8% dos empregados formais em Minas Gerais, atue como uma alavanca para o desenvolvimento socioecon\u00f4mico do estado.<\/p>\n<p>\u201cTalvez nenhum outro estado do Brasil tenha o que temos aqui. Cidades hist\u00f3ricas, lagos, cachoeiras, parques naturais, gastronomia, o Turismo ligado ao queijo, ao caf\u00e9, ao vinho, \u00e0 cacha\u00e7a. Precisamos reerguer este mercado que foi t\u00e3o afetado pela pandemia. Vamos, com seguran\u00e7a e responsabilidade, erguer novamente este setor que tem tanto a ver com a nossa mineiridade. Somos acolhedores e estamos prontos para reativar este setor t\u00e3o importante na gera\u00e7\u00e3o de empregos\u201d, afirmou o governador durante o lan\u00e7amento.<\/p>\n<p><strong>Potencialidades<\/strong><\/p>\n<p>O Reviva Turismo foi desenhado de acordo com as m\u00faltiplas potencialidades tur\u00edsticas de Minas Gerais \u2013 paisagens naturais e urbanas exuberantes; a singular cozinha mineira; concentra\u00e7\u00e3o de patrim\u00f4nios hist\u00f3ricos, culturais e da humanidade; complexo de \u00e1guas e est\u00e2ncias hidrominerais e toda a mineiridade representada pelo povo acolhedor.<\/p>\n<p>A estrutura\u00e7\u00e3o do programa se deu em conson\u00e2ncia com o plano Minas Consciente e com as tend\u00eancias mundiais para o Turismo no atual cen\u00e1rio, que envolvem a busca por atividades ao ar livre e turismo de natureza, de aventura, rural, cultural e de experi\u00eancias.<\/p>\n<p>\u201cA retomada do Turismo representa tamb\u00e9m a retomada do desenvolvimento econ\u00f4mico, e vai trazer f\u00f4lego e estimular diversas outras atividades no estado que t\u00eam conex\u00e3o com essa cadeia produtiva. A reabertura gradual est\u00e1 sendo pensada seguindo protocolos do Minas Consciente, com a\u00e7\u00f5es e parcerias estrat\u00e9gicas elaboradas para refor\u00e7ar o potencial de Minas Gerais e nos posicionar como destino seguro, atrativo, hospitaleiro e repleto de novas experi\u00eancias\u201d, ressaltou o secret\u00e1rio de Cultura e Turismo, Le\u00f4nidas Oliveira.<\/p>\n<p>\u201cAs a\u00e7\u00f5es do Reviva Turismo foram estruturadas de modo a promover a volta da atividade tur\u00edstica em Minas de forma sustent\u00e1vel, garantindo a gera\u00e7\u00e3o de emprego, renda e a valoriza\u00e7\u00e3o cultural em um ambiente criativo e inclusivo\u201d, finalizou o secret\u00e1rio.<\/p>\n<p><strong>Plano operacional<\/strong><\/p>\n<p>Entre as a\u00e7\u00f5es de estrutura\u00e7\u00e3o do Turismo do programa est\u00e3o a formata\u00e7\u00e3o de novos produtos tur\u00edsticos, de acordo com novas tend\u00eancias do setor na retomada, por meio da articula\u00e7\u00e3o com entidades p\u00fablicas e privadas; a revis\u00e3o de diretrizes e regulamenta\u00e7\u00f5es de pol\u00edticas centrais; a atra\u00e7\u00e3o de voos para o estado e amplia\u00e7\u00e3o da conectividade entre as cidades mineiras pelos modais terrestre e a\u00e9reo; o monitoramento de dados, por meio do\u00a0<a href=\"https:\/\/www.observatorioturismo.mg.gov.br\/\" target=\"_blank\" rel=\"noopener\">Observat\u00f3rio do Turismo de Minas Gerais<\/a>, com produ\u00e7\u00e3o de relat\u00f3rios de panoramas e tend\u00eancias para o turismo p\u00f3s-Covid, e boletins especiais para orientar o setor; e a\u00e7\u00f5es de apoio ao\u00a0trade.<\/p>\n<p>J\u00e1 no eixo da capacita\u00e7\u00e3o, ser\u00e3o lan\u00e7ados dez cursos de educa\u00e7\u00e3o a dist\u00e2ncia (EaD), al\u00e9m de webin\u00e1rios e a\u00e7\u00f5es de forma\u00e7\u00e3o. As estrat\u00e9gias incluem a\u00e7\u00f5es de marketing cruzado e cooperado em parcerias com o Rio de Janeiro e operadoras, ag\u00eancias on-line de viagens e entidades nacionais, para apoio \u00e0 comercializa\u00e7\u00e3o de destinos e roteiros tur\u00edsticos mineiros; e a promo\u00e7\u00e3o do destino por meio de campanhas variadas e inovadoras.<\/p>\n<p>A Cozinha Mineira, um dos maiores atrativos tur\u00edsticos do estado e considerada um dos principais pilares para o desenvolvimento econ\u00f4mico regional, ganha destaque no Reviva Turismo com projetos transversais aos eixos do programa, voltados \u00e0 sua promo\u00e7\u00e3o, estrutura\u00e7\u00e3o e proje\u00e7\u00e3o como patrim\u00f4nio cultural imaterial.<\/p>\n<p>Entre as a\u00e7\u00f5es est\u00e3o a cria\u00e7\u00e3o do Selo da Cozinha Mineira, da Rota Cozinha Mineira no\u00a0<a href=\"http:\/\/circuitoliberdade.mg.gov.br\/\" target=\"_blank\" rel=\"noopener\">Circuito Liberdade<\/a>\u00a0e do Museu da Cozinha Mineira. Al\u00e9m disso, ser\u00e1 conclu\u00eddo o registro imaterial da Cozinha Mineira como patrim\u00f4nio cultural estadual e se fortalecem as importantes parcerias com diferentes segmentos do meio empresarial, do com\u00e9rcio e do poder p\u00fablico do estado e dos munic\u00edpios para o avan\u00e7o das a\u00e7\u00f5es.<\/p>\n<p><strong>Selo Evento Seguro<\/strong><\/p>\n<p>Na ocasi\u00e3o, o governador Romeu Zema e o secret\u00e1rio Le\u00f4nidas Oliveira tamb\u00e9m lan\u00e7aram o Selo Evento Seguro, que ser\u00e1 concedido a estabelecimentos, atividades culturais, tur\u00edsticas e de eventos que cumprirem requisitos relacionados \u00e0 ado\u00e7\u00e3o de protocolos sanit\u00e1rios durante o per\u00edodo de distanciamento social.<\/p>\n<p>A concess\u00e3o do selo \u00e9 mais um passo para estimular a retomada segura das atividades dos setores envolvidos, integrando o eixo Biosseguran\u00e7a do Programa Reviva Turismo. O selo estabelece medidas gerais de prote\u00e7\u00e3o, como cuidados relacionados ao espa\u00e7o f\u00edsico dos locais; orienta\u00e7\u00f5es para sinaliza\u00e7\u00e3o e circula\u00e7\u00e3o de pessoas; orienta\u00e7\u00f5es para pavilh\u00f5es e centros de conven\u00e7\u00f5es; para eventos ao ar livre; eventos drive in; eventos de\u00a0valet; orienta\u00e7\u00f5es relativas \u00e0 sa\u00edda de eventos; bem como diretrizes espec\u00edficas para galerias e museus; orienta\u00e7\u00f5es para teatros; para bastidores de eventos; para cinemas; incluindo ainda orienta\u00e7\u00f5es para o funcionamento e atendimento ao p\u00fablico do\u00a0<a href=\"http:\/\/www.siaapm.cultura.mg.gov.br\/\" target=\"_blank\" rel=\"noopener\">Arquivo P\u00fablico Mineiro<\/a>\u00a0e da\u00a0<a href=\"http:\/\/www.bibliotecapublica.mg.gov.br\/\" target=\"_blank\" rel=\"noopener\">Biblioteca P\u00fablica Estadual de Minas Gerais<\/a>.<\/p>\n<p>A ado\u00e7\u00e3o do selo \u00e9 norteada pelos protocolos do plano Minas Consciente e suas diretrizes poder\u00e3o sofrer atualiza\u00e7\u00f5es e modifica\u00e7\u00f5es de acordo com a tend\u00eancia da pandemia.<\/p>\n<p>Este novo selo criado pela Secult dialoga com o Selo WTTC #Safetravels, que \u00e9 o selo Viagem Segura do Conselho Mundial de Viagens de Turismo, concedido a estabelecimentos tur\u00edsticos que cumprem protocolos sanit\u00e1rios recomendados por autoridades mundiais. O\u00a0destino Minas Gerais possui tal selo, em fun\u00e7\u00e3o do reconhecimento dos protocolos sanit\u00e1rios do Minas Consciente como adequados a padr\u00f5es mundiais de seguran\u00e7a sanit\u00e1ria para combate \u00e0 pandemia de covid-19. No estado, a Secult coordena\u00a0o processo de concess\u00e3o do selo para entidades do setor interessadas em us\u00e1-lo.<\/p>\n<p><strong>Fomento ao setor cultural<\/strong><\/p>\n<p>Outra boa not\u00edcia \u00e9 o an\u00fancio da destina\u00e7\u00e3o de R$ 16 milh\u00f5es a editais de fomento a artistas e profissionais da cultura no estado. Todos os editais ser\u00e3o lan\u00e7ados at\u00e9 o final de junho. Os recursos s\u00e3o do Fundo Estadual de Cultura (FEC) e ir\u00e3o contemplar projetos em temas como artes c\u00eanicas, m\u00fasica, audiovisual, literatura, culturas populares, artes visuais, entre outros; al\u00e9m de atividades de forma\u00e7\u00e3o e capacita\u00e7\u00e3o; e a\u00e7\u00f5es de estrutura\u00e7\u00e3o de sistemas de cultura.<\/p>\n<p>O primeiro edital, o \u201cDesperta Cultura \u2013 Premia\u00e7\u00e3o Pessoa F\u00edsica\u201d, \u00e9 voltado \u00e0 forma\u00e7\u00e3o e \u00e0 qualifica\u00e7\u00e3o dos profissionais da cultura. A a\u00e7\u00e3o vai disponibilizar R$ 2.490.000,00 para projetos que contemplem a\u00e7\u00f5es de pesquisa e documenta\u00e7\u00e3o, semin\u00e1rios, cursos, oficinas, workshops. Ser\u00e3o distribu\u00eddos at\u00e9 385 bolsas\/pr\u00eamios.<\/p>\n<p><span style=\"font-weight: 400;\">Fonte: Ag\u00eancia Minas <\/span><\/p>\n<\/div>\n<p><\/main><\/p>\n","protected":false},"excerpt":{"rendered":"<p>O processo de recupera\u00e7\u00e3o do Turismo em Minas Gerais ganha mais for\u00e7a e incentivo a partir desta segunda-feira (10\/5). O governador Romeu Zema e o secret\u00e1rio de\u00a0Cultura e Turismo, Le\u00f4nidas de Oliveira, lan\u00e7aram o programa Reviva Turismo, que dar\u00e1 impulso \u00e0 retomada gradual e segura das atividades tur\u00edsticas, com base em quatro eixos: biosseguran\u00e7a, estrutura\u00e7\u00e3o, [&hellip;]<\/p>\n","protected":false},"author":246,"featured_media":182149,"comment_status":"closed","ping_status":"closed","sticky":false,"template":"","format":"standard","meta":{"footnotes":""},"categories":[440,254,439],"tags":[],"class_list":["post-182148","post","type-post","status-publish","format-standard","has-post-thumbnail","hentry","category-destaques-do-dia","category-politica","category-ultima-hora"],"_links":{"self":[{"href":"https:\/\/diarioregionaldigital.com.br\/index.php?rest_route=\/wp\/v2\/posts\/182148","targetHints":{"allow":["GET"]}}],"collection":[{"href":"https:\/\/diarioregionaldigital.com.br\/index.php?rest_route=\/wp\/v2\/posts"}],"about":[{"href":"https:\/\/diarioregionaldigital.com.br\/index.php?rest_route=\/wp\/v2\/types\/post"}],"author":[{"embeddable":true,"href":"https:\/\/diarioregionaldigital.com.br\/index.php?rest_route=\/wp\/v2\/users\/246"}],"replies":[{"embeddable":true,"href":"https:\/\/diarioregionaldigital.com.br\/index.php?rest_route=%2Fwp%2Fv2%2Fcomments&post=182148"}],"version-history":[{"count":2,"href":"https:\/\/diarioregionaldigital.com.br\/index.php?rest_route=\/wp\/v2\/posts\/182148\/revisions"}],"predecessor-version":[{"id":182151,"href":"https:\/\/diarioregionaldigital.com.br\/index.php?rest_route=\/wp\/v2\/posts\/182148\/revisions\/182151"}],"wp:featuredmedia":[{"embeddable":true,"href":"https:\/\/diarioregionaldigital.com.br\/index.php?rest_route=\/wp\/v2\/media\/182149"}],"wp:attachment":[{"href":"https:\/\/diarioregionaldigital.com.br\/index.php?rest_route=%2Fwp%2Fv2%2Fmedia&parent=182148"}],"wp:term":[{"taxonomy":"category","embeddable":true,"href":"https:\/\/diarioregionaldigital.com.br\/index.php?rest_route=%2Fwp%2Fv2%2Fcategories&post=182148"},{"taxonomy":"post_tag","embeddable":true,"href":"https:\/\/diarioregionaldigital.com.br\/index.php?rest_route=%2Fwp%2Fv2%2Ftags&post=182148"}],"curies":[{"name":"wp","href":"https:\/\/api.w.org\/{rel}","templated":true}]}}