{"id":182146,"date":"2021-05-10T17:43:40","date_gmt":"2021-05-10T20:43:40","guid":{"rendered":"https:\/\/diarioregionaldigital.com.br\/?p=182146"},"modified":"2021-05-10T18:50:11","modified_gmt":"2021-05-10T21:50:11","slug":"faturamento-da-industria-volta-a-crescer-em-marco-segundo-cni","status":"publish","type":"post","link":"https:\/\/diarioregionaldigital.com.br\/?p=182146","title":{"rendered":"Faturamento da ind\u00fastria volta a crescer em mar\u00e7o, segundo CNI"},"content":{"rendered":"<p>A atividade industrial voltou a crescer no m\u00eas de mar\u00e7o, com uma alta de 2,2% no faturamento das ind\u00fastrias, segundo a pesquisa Indicadores Industriais, divulgada mensalmente pela Confedera\u00e7\u00e3o Nacional da Ind\u00fastria (CNI).<\/p>\n<p>O resultado do m\u00eas de mar\u00e7o compensa em parte a queda de 3,6% no faturamento registrado em fevereiro, quando a atividade industrial sentiu os efeitos da segunda onda da pandemia de covid-19.<\/p>\n<p>Na compara\u00e7\u00e3o com o m\u00eas do ano passado, a alta no faturamento de mar\u00e7o foi de 12,7%. Contudo, \u00e9 importante lembrar que em mar\u00e7o de 2020 os resultados foram afetados pelos primeiros efeitos da pandemia de covid-19 sobre a atividade industrial.<\/p>\n<p>A pesquisa tamb\u00e9m registrou alta de 0,9% no n\u00famero de horas trabalhadas em mar\u00e7o, revertendo queda de 0,5% em fevereiro. Na compara\u00e7\u00e3o com o mesmo m\u00eas do ano passado, a alta foi de 10,7%, o que \u201creflete a recuperac\u0327a\u0303o da crise e a consolidac\u0327a\u0303o em um patamar superior ao verificado antes da pandemia\u201d, disse a CNI no material de divulga\u00e7\u00e3o.<\/p>\n<p>A massa salarial (soma dos sal\u00e1rios pagos corrigida pela infla\u00e7\u00e3o) tamb\u00e9m teve alta em mar\u00e7o deste ano, quando cresceu 2,2%, mas apresentou uma queda de 4,6% na compara\u00e7\u00e3o com mar\u00e7o de 2020 e ainda se mant\u00e9m em patamares abaixo do pr\u00e9-pandemia.<\/p>\n<p>\u201cParte da queda e\u0301 explicada pelos desligamentos ocorridos naquele peri\u0301odo e o consequente aumento no pagamento de verbas resciso\u0301rias, que conferiu a marc\u0327o de 2020 um pico descolado da tende\u0302ncia que se apresentava ate\u0301 enta\u0303o\u201d, disse a CNI ao divulgar os dados.<\/p>\n<p>A utiliza\u00e7\u00e3o da capacidade instalada chegou a 81,1% em mar\u00e7o, alta de 0,4 ponto percentual em rela\u00e7\u00e3o a fevereiro. Todos os indicadores est\u00e3o com ajuste sazonal, desconsiderando oscila\u00e7\u00f5es t\u00edpicas de determinadas \u00e9pocas do ano, como n\u00famero de feriados e datas comemorativas.<\/p>\n<p><strong>Emprego<br \/>\n<\/strong><br \/>\nO \u00fanico indicador que mant\u00e9m tend\u00eancia de alta, sem quebras, ao longo dos \u00faltimos oito meses, \u00e9 o do emprego industrial, que registrou alta de 0,3% em mar\u00e7o em rela\u00e7\u00e3o a fevereiro, e de 1,2% na compara\u00e7\u00e3o com mar\u00e7o de 2020.<\/p>\n<p>Fonte: Ag\u00eancia Brasil<\/p>\n","protected":false},"excerpt":{"rendered":"<p>A atividade industrial voltou a crescer no m\u00eas de mar\u00e7o, com uma alta de 2,2% no faturamento das ind\u00fastrias, segundo a pesquisa Indicadores Industriais, divulgada mensalmente pela Confedera\u00e7\u00e3o Nacional da Ind\u00fastria (CNI). O resultado do m\u00eas de mar\u00e7o compensa em parte a queda de 3,6% no faturamento registrado em fevereiro, quando a atividade industrial sentiu [&hellip;]<\/p>\n","protected":false},"author":246,"featured_media":182183,"comment_status":"closed","ping_status":"closed","sticky":false,"template":"","format":"standard","meta":{"footnotes":""},"categories":[440,261,439],"tags":[],"class_list":["post-182146","post","type-post","status-publish","format-standard","has-post-thumbnail","hentry","category-destaques-do-dia","category-economia","category-ultima-hora"],"_links":{"self":[{"href":"https:\/\/diarioregionaldigital.com.br\/index.php?rest_route=\/wp\/v2\/posts\/182146","targetHints":{"allow":["GET"]}}],"collection":[{"href":"https:\/\/diarioregionaldigital.com.br\/index.php?rest_route=\/wp\/v2\/posts"}],"about":[{"href":"https:\/\/diarioregionaldigital.com.br\/index.php?rest_route=\/wp\/v2\/types\/post"}],"author":[{"embeddable":true,"href":"https:\/\/diarioregionaldigital.com.br\/index.php?rest_route=\/wp\/v2\/users\/246"}],"replies":[{"embeddable":true,"href":"https:\/\/diarioregionaldigital.com.br\/index.php?rest_route=%2Fwp%2Fv2%2Fcomments&post=182146"}],"version-history":[{"count":1,"href":"https:\/\/diarioregionaldigital.com.br\/index.php?rest_route=\/wp\/v2\/posts\/182146\/revisions"}],"predecessor-version":[{"id":182147,"href":"https:\/\/diarioregionaldigital.com.br\/index.php?rest_route=\/wp\/v2\/posts\/182146\/revisions\/182147"}],"wp:featuredmedia":[{"embeddable":true,"href":"https:\/\/diarioregionaldigital.com.br\/index.php?rest_route=\/wp\/v2\/media\/182183"}],"wp:attachment":[{"href":"https:\/\/diarioregionaldigital.com.br\/index.php?rest_route=%2Fwp%2Fv2%2Fmedia&parent=182146"}],"wp:term":[{"taxonomy":"category","embeddable":true,"href":"https:\/\/diarioregionaldigital.com.br\/index.php?rest_route=%2Fwp%2Fv2%2Fcategories&post=182146"},{"taxonomy":"post_tag","embeddable":true,"href":"https:\/\/diarioregionaldigital.com.br\/index.php?rest_route=%2Fwp%2Fv2%2Ftags&post=182146"}],"curies":[{"name":"wp","href":"https:\/\/api.w.org\/{rel}","templated":true}]}}