{"id":182139,"date":"2021-05-09T07:28:12","date_gmt":"2021-05-09T10:28:12","guid":{"rendered":"https:\/\/diarioregionaldigital.com.br\/?p=182139"},"modified":"2021-05-09T07:28:12","modified_gmt":"2021-05-09T10:28:12","slug":"dia-das-maes-5","status":"publish","type":"post","link":"https:\/\/diarioregionaldigital.com.br\/?p=182139","title":{"rendered":"DIA DAS M\u00c3ES"},"content":{"rendered":"<p>Dia das m\u00e3es e n\u00e3o poderia deixar de dedicar esse espa\u00e7o a elas. Al\u00e9m da tend\u00eancia, Tal m\u00e3e, tal filha, vou te contar sobre m\u00e3e e filha que trabalham lado a lado. Mas antes, queria dividir minha hist\u00f3ria com voc\u00eas. Falar que \u00e9 inspira\u00e7\u00e3o fica clich\u00ea, mas minha m\u00e3e, Luciana, \u00e9 minha maior influ\u00eancia em todos os sentidos. Desde crian\u00e7a me fez apaixonar pelas roupas e usar minha criatividade para montar meus looks. E n\u00e3o \u00e9 que essa paix\u00e3o de se vestir se tornou minha profiss\u00e3o! Nosso guarda roupa tem roupas semelhantes e compartilhamos estilos parecidos. Ela me mostra a for\u00e7a que tem a cada dia que passa. Sou sua maior admiradora e quero ser pelo menos uma pequena porcentagem do que ela \u00e9!<\/p>\n<p>&nbsp;<\/p>\n<p>&nbsp;<\/p>\n<p><a href=\"https:\/\/diarioregionaldigital.com.br\/wp-content\/uploads\/2021\/05\/diario-pagina-06-48.pdf\">CLIQUE AQUI PARA LER A COLUNA COMPLETA<\/a><\/p>\n","protected":false},"excerpt":{"rendered":"<p>Dia das m\u00e3es e n\u00e3o poderia deixar de dedicar esse espa\u00e7o a elas. Al\u00e9m da tend\u00eancia, Tal m\u00e3e, tal filha, vou te contar sobre m\u00e3e e filha que trabalham lado a lado. Mas antes, queria dividir minha hist\u00f3ria com voc\u00eas. Falar que \u00e9 inspira\u00e7\u00e3o fica clich\u00ea, mas minha m\u00e3e, Luciana, \u00e9 minha maior influ\u00eancia em [&hellip;]<\/p>\n","protected":false},"author":249,"featured_media":182140,"comment_status":"closed","ping_status":"closed","sticky":false,"template":"","format":"standard","meta":{"footnotes":""},"categories":[1230],"tags":[],"class_list":["post-182139","post","type-post","status-publish","format-standard","has-post-thumbnail","hentry","category-moda-maria-carolina"],"_links":{"self":[{"href":"https:\/\/diarioregionaldigital.com.br\/index.php?rest_route=\/wp\/v2\/posts\/182139","targetHints":{"allow":["GET"]}}],"collection":[{"href":"https:\/\/diarioregionaldigital.com.br\/index.php?rest_route=\/wp\/v2\/posts"}],"about":[{"href":"https:\/\/diarioregionaldigital.com.br\/index.php?rest_route=\/wp\/v2\/types\/post"}],"author":[{"embeddable":true,"href":"https:\/\/diarioregionaldigital.com.br\/index.php?rest_route=\/wp\/v2\/users\/249"}],"replies":[{"embeddable":true,"href":"https:\/\/diarioregionaldigital.com.br\/index.php?rest_route=%2Fwp%2Fv2%2Fcomments&post=182139"}],"version-history":[{"count":1,"href":"https:\/\/diarioregionaldigital.com.br\/index.php?rest_route=\/wp\/v2\/posts\/182139\/revisions"}],"predecessor-version":[{"id":182142,"href":"https:\/\/diarioregionaldigital.com.br\/index.php?rest_route=\/wp\/v2\/posts\/182139\/revisions\/182142"}],"wp:featuredmedia":[{"embeddable":true,"href":"https:\/\/diarioregionaldigital.com.br\/index.php?rest_route=\/wp\/v2\/media\/182140"}],"wp:attachment":[{"href":"https:\/\/diarioregionaldigital.com.br\/index.php?rest_route=%2Fwp%2Fv2%2Fmedia&parent=182139"}],"wp:term":[{"taxonomy":"category","embeddable":true,"href":"https:\/\/diarioregionaldigital.com.br\/index.php?rest_route=%2Fwp%2Fv2%2Fcategories&post=182139"},{"taxonomy":"post_tag","embeddable":true,"href":"https:\/\/diarioregionaldigital.com.br\/index.php?rest_route=%2Fwp%2Fv2%2Ftags&post=182139"}],"curies":[{"name":"wp","href":"https:\/\/api.w.org\/{rel}","templated":true}]}}