{"id":182130,"date":"2021-05-07T20:31:31","date_gmt":"2021-05-07T23:31:31","guid":{"rendered":"https:\/\/diarioregionaldigital.com.br\/?p=182130"},"modified":"2021-05-07T20:31:31","modified_gmt":"2021-05-07T23:31:31","slug":"unidades-basicas-de-saude-comeca-a-receber-visitas-da-secretaria-de-saude","status":"publish","type":"post","link":"https:\/\/diarioregionaldigital.com.br\/?p=182130","title":{"rendered":"Unidades B\u00e1sicas de Sa\u00fade come\u00e7a a receber visitas da Secret\u00e1ria de Sa\u00fade"},"content":{"rendered":"<p>Ana Pimentel, a secret\u00e1ria de Sa\u00fade (SS) da Prefeitura de Juiz de Fora (PJF), come\u00e7ou uma s\u00e9rie de visitas \u00e0s Unidades B\u00e1sicas de Sa\u00fade (UBSs) do munic\u00edpio para conhecer a realidade de cada uma das unidades e das comunidades que s\u00e3o atendidas por meio de cada uma delas, no in\u00edcio desta semana.<\/p>\n<p>Segundo informa\u00e7\u00f5es do site da Prefeitura de Juiz de Fora, a primeira visita foi feita \u00e0 UBS do bairro Jardim da Lua, regi\u00e3o sudeste da cidade. A visita foi acompanhada pelo secret\u00e1rio executivo do Conselho Municipal de Sa\u00fade (CMS), Jorge Ramos. Na unidade, a secret\u00e1ria se reuniu com os membros da mesa diretora do conselho de sa\u00fade local. Participaram Marilia de Lourdes Dias Teixeiras, presidente; Joaquim Louren\u00e7o, vice-presidente; Sandra Aurora Belligeli, secret\u00e1ria da mesa diretora; Ademir Nogueira, conselheiro local; Vera L\u00facia Azarias, agente comunit\u00e1ria, e Cristiana Vargas da Silva, enfermeira e supervisora da unidade, tamb\u00e9m estiveram presentes.<\/p>\n<p>Por ter uma import\u00e2ncia significativa nas a\u00e7\u00f5es desenvolvidas pela aten\u00e7\u00e3o b\u00e1sica do munic\u00edpio, a UBS do bairro Jardim da Lua foi onde houve a implementa\u00e7\u00e3o do primeiro Programa de Sa\u00fade da Fam\u00edlia (PSF) na cidade. Ana Pimentel explicou que os gestores em sa\u00fade precisam estar pr\u00f3ximos dos profissionais da \u201cponta\u201d, aqueles que lidam diariamente com os pacientes e com a comunidade para conhecer a realidade e os desafios de cada local.<\/p>\n<p>\u201cQueremos desenvolver o di\u00e1logo e uma gest\u00e3o participativa, a proximidade com essas pessoas que s\u00e3o parte fundamental para que a assist\u00eancia em sa\u00fade aconte\u00e7a, pois s\u00e3o eles que conhecem a realidade e as necessidades de cada localidade\u201d, ressaltou a secret\u00e1ria.<\/p>\n<p>A secret\u00e1ria de Sa\u00fade vistoriou a unidade e verificou a necessidade de reparos, na visita, e conheceu o perfil epidemiol\u00f3gico do bairro, ouviu as reivindica\u00e7\u00f5es da mesa diretora do conselho local, e p\u00f4de conhecer como \u00e9 feito o acolhimento aos pacientes.<\/p>\n","protected":false},"excerpt":{"rendered":"<p>Ana Pimentel, a secret\u00e1ria de Sa\u00fade (SS) da Prefeitura de Juiz de Fora (PJF), come\u00e7ou uma s\u00e9rie de visitas \u00e0s Unidades B\u00e1sicas de Sa\u00fade (UBSs) do munic\u00edpio para conhecer a realidade de cada uma das unidades e das comunidades que s\u00e3o atendidas por meio de cada uma delas, no in\u00edcio desta semana. Segundo informa\u00e7\u00f5es do [&hellip;]<\/p>\n","protected":false},"author":246,"featured_media":182131,"comment_status":"closed","ping_status":"closed","sticky":false,"template":"","format":"standard","meta":{"footnotes":""},"categories":[253,439],"tags":[],"class_list":["post-182130","post","type-post","status-publish","format-standard","has-post-thumbnail","hentry","category-cidade","category-ultima-hora"],"_links":{"self":[{"href":"https:\/\/diarioregionaldigital.com.br\/index.php?rest_route=\/wp\/v2\/posts\/182130","targetHints":{"allow":["GET"]}}],"collection":[{"href":"https:\/\/diarioregionaldigital.com.br\/index.php?rest_route=\/wp\/v2\/posts"}],"about":[{"href":"https:\/\/diarioregionaldigital.com.br\/index.php?rest_route=\/wp\/v2\/types\/post"}],"author":[{"embeddable":true,"href":"https:\/\/diarioregionaldigital.com.br\/index.php?rest_route=\/wp\/v2\/users\/246"}],"replies":[{"embeddable":true,"href":"https:\/\/diarioregionaldigital.com.br\/index.php?rest_route=%2Fwp%2Fv2%2Fcomments&post=182130"}],"version-history":[{"count":1,"href":"https:\/\/diarioregionaldigital.com.br\/index.php?rest_route=\/wp\/v2\/posts\/182130\/revisions"}],"predecessor-version":[{"id":182132,"href":"https:\/\/diarioregionaldigital.com.br\/index.php?rest_route=\/wp\/v2\/posts\/182130\/revisions\/182132"}],"wp:featuredmedia":[{"embeddable":true,"href":"https:\/\/diarioregionaldigital.com.br\/index.php?rest_route=\/wp\/v2\/media\/182131"}],"wp:attachment":[{"href":"https:\/\/diarioregionaldigital.com.br\/index.php?rest_route=%2Fwp%2Fv2%2Fmedia&parent=182130"}],"wp:term":[{"taxonomy":"category","embeddable":true,"href":"https:\/\/diarioregionaldigital.com.br\/index.php?rest_route=%2Fwp%2Fv2%2Fcategories&post=182130"},{"taxonomy":"post_tag","embeddable":true,"href":"https:\/\/diarioregionaldigital.com.br\/index.php?rest_route=%2Fwp%2Fv2%2Ftags&post=182130"}],"curies":[{"name":"wp","href":"https:\/\/api.w.org\/{rel}","templated":true}]}}