{"id":182127,"date":"2021-05-07T20:26:46","date_gmt":"2021-05-07T23:26:46","guid":{"rendered":"https:\/\/diarioregionaldigital.com.br\/?p=182127"},"modified":"2021-05-07T20:26:46","modified_gmt":"2021-05-07T23:26:46","slug":"entre-segunda-e-quinta-feira-a-equipe-de-fiscalizacao-realizou-217-vistorias","status":"publish","type":"post","link":"https:\/\/diarioregionaldigital.com.br\/?p=182127","title":{"rendered":"Entre segunda e quinta-feira, a equipe de fiscaliza\u00e7\u00e3o realizou 217 vistorias"},"content":{"rendered":"<p>Mais de 200 vistorias foram realizadas pela opera\u00e7\u00e3o Fiscaliza\u00e7\u00e3o pela Vida entre segunda-feira, 3, e quinta-feira, 6. O objetivo da a\u00e7\u00e3o \u00e9 verificar o cumprimento das normas sanit\u00e1rias de combate ao coronav\u00edrus.<\/p>\n<p>Os fiscais de posturas da Secretaria de Sustentabilidade em Meio Ambiente e Atividades Urbanas (Sesmaur) realizaram 170 vistorias neste per\u00edodo. Foram emitidas 54 notifica\u00e7\u00f5es e seis autos de infra\u00e7\u00e3o. Durante a semana, tamb\u00e9m houve ocupa\u00e7\u00e3o da Guarda Municipal na Get\u00falio Vargas, na Francisco Bernardino e na Avenida Brasil a fim de evitar aglomera\u00e7\u00f5es.<\/p>\n<p>Segundo informa\u00e7\u00f5es do site da Prefeitura de Juiz de Fora, a Ag\u00eancia de Prote\u00e7\u00e3o e Defesa do Consumidor (Procon) realizou 47 vistorias, sendo a maioria em institui\u00e7\u00f5es banc\u00e1rias. Na ter\u00e7a-feira, 4, as tr\u00eas ag\u00eancias do banco Mercantil do Brasil localizadas em Juiz de Fora foram autuadas. A fiscaliza\u00e7\u00e3o constatou aglomera\u00e7\u00e3o nas filas e descumprimento da lei 11.023\/2005, que exige que o atendimento ao p\u00fablico nos bancos seja realizado em at\u00e9 15 minutos durante os dias da semana e em at\u00e9 30 minutos em v\u00e9speras ou ap\u00f3s feriados prolongados.<\/p>\n<p><b>Fiscaliza\u00e7\u00e3o pela Vida<\/b><\/p>\n<p>A opera\u00e7\u00e3o \u201cFiscaliza\u00e7\u00e3o pela Vida\u201d \u00e9 uma atua\u00e7\u00e3o conjunta dos fiscais de posturas da Secretaria de Sustentabilidade em Meio Ambiente e Atividades Urbanas (Sesmaur); dos guardas municipais da Secretaria de Seguran\u00e7a Urbana e Cidadania (Sesuc); dos agentes de transporte e tr\u00e2nsito da Secretaria de Mobilidade Urbana (SMU), do Procon e da Pol\u00edcia Militar de Minas Gerais (PMMG). A a\u00e7\u00e3o \u00e9 coordenada pela secret\u00e1ria de Governo, Cidinha Louzada.<\/p>\n","protected":false},"excerpt":{"rendered":"<p>Mais de 200 vistorias foram realizadas pela opera\u00e7\u00e3o Fiscaliza\u00e7\u00e3o pela Vida entre segunda-feira, 3, e quinta-feira, 6. O objetivo da a\u00e7\u00e3o \u00e9 verificar o cumprimento das normas sanit\u00e1rias de combate ao coronav\u00edrus. Os fiscais de posturas da Secretaria de Sustentabilidade em Meio Ambiente e Atividades Urbanas (Sesmaur) realizaram 170 vistorias neste per\u00edodo. Foram emitidas 54 [&hellip;]<\/p>\n","protected":false},"author":246,"featured_media":182128,"comment_status":"closed","ping_status":"closed","sticky":false,"template":"","format":"standard","meta":{"footnotes":""},"categories":[253,439],"tags":[],"class_list":["post-182127","post","type-post","status-publish","format-standard","has-post-thumbnail","hentry","category-cidade","category-ultima-hora"],"_links":{"self":[{"href":"https:\/\/diarioregionaldigital.com.br\/index.php?rest_route=\/wp\/v2\/posts\/182127","targetHints":{"allow":["GET"]}}],"collection":[{"href":"https:\/\/diarioregionaldigital.com.br\/index.php?rest_route=\/wp\/v2\/posts"}],"about":[{"href":"https:\/\/diarioregionaldigital.com.br\/index.php?rest_route=\/wp\/v2\/types\/post"}],"author":[{"embeddable":true,"href":"https:\/\/diarioregionaldigital.com.br\/index.php?rest_route=\/wp\/v2\/users\/246"}],"replies":[{"embeddable":true,"href":"https:\/\/diarioregionaldigital.com.br\/index.php?rest_route=%2Fwp%2Fv2%2Fcomments&post=182127"}],"version-history":[{"count":1,"href":"https:\/\/diarioregionaldigital.com.br\/index.php?rest_route=\/wp\/v2\/posts\/182127\/revisions"}],"predecessor-version":[{"id":182129,"href":"https:\/\/diarioregionaldigital.com.br\/index.php?rest_route=\/wp\/v2\/posts\/182127\/revisions\/182129"}],"wp:featuredmedia":[{"embeddable":true,"href":"https:\/\/diarioregionaldigital.com.br\/index.php?rest_route=\/wp\/v2\/media\/182128"}],"wp:attachment":[{"href":"https:\/\/diarioregionaldigital.com.br\/index.php?rest_route=%2Fwp%2Fv2%2Fmedia&parent=182127"}],"wp:term":[{"taxonomy":"category","embeddable":true,"href":"https:\/\/diarioregionaldigital.com.br\/index.php?rest_route=%2Fwp%2Fv2%2Fcategories&post=182127"},{"taxonomy":"post_tag","embeddable":true,"href":"https:\/\/diarioregionaldigital.com.br\/index.php?rest_route=%2Fwp%2Fv2%2Ftags&post=182127"}],"curies":[{"name":"wp","href":"https:\/\/api.w.org\/{rel}","templated":true}]}}