{"id":182124,"date":"2021-05-07T20:21:59","date_gmt":"2021-05-07T23:21:59","guid":{"rendered":"https:\/\/diarioregionaldigital.com.br\/?p=182124"},"modified":"2021-05-07T20:21:59","modified_gmt":"2021-05-07T23:21:59","slug":"pronunciamento-sobre-o-projeto-maos-dadas-do-governo-de-minas-e-feito-pela-prefeita","status":"publish","type":"post","link":"https:\/\/diarioregionaldigital.com.br\/?p=182124","title":{"rendered":"Pronunciamento sobre o projeto \u201cM\u00e3os Dadas\u201d do Governo de Minas \u00e9 feito pela Prefeita\u00a0"},"content":{"rendered":"<p>A prefeita Margarida Salom\u00e3o, acompanhada da Secret\u00e1ria de Educa\u00e7\u00e3o, N\u00e1dia Ribas, se pronunciou em v\u00eddeo sobre a decis\u00e3o do munic\u00edpio em n\u00e3o aderir ao projeto \u201cM\u00e3os Dadas\u201d do Governo de Minas Gerais, na tarde desta ter\u00e7a-feira, 7. O projeto consiste na municipaliza\u00e7\u00e3o das escolas estaduais em rela\u00e7\u00e3o aos Anos Iniciais do Ensino Fundamental.<\/p>\n<p>Ressaltando a import\u00e2ncia do trabalho realizado pelas escolas estaduais em Juiz de Fora, a prefeita ressaltou: \u201cNa Constitui\u00e7\u00e3o Brasileira, de fato, est\u00e1 definido que a Educa\u00e7\u00e3o Fundamental e a Educa\u00e7\u00e3o Infantil s\u00e3o miss\u00f5es do munic\u00edpio, mas n\u00f3s aqui em Juiz de Fora, historicamente, contamos com uma participa\u00e7\u00e3o muito importante do estado, uma rede forte de escolas estaduais muito boas, muito qualificadas, e a gente n\u00e3o pode tamb\u00e9m de repente apagar a hist\u00f3ria\u201d.<\/p>\n<p>Segundo informa\u00e7\u00f5es do site da Prefeitura de Juiz de Fora, um dos fatores determinantes para a n\u00e3o ades\u00e3o ao projeto, de acordo com a gest\u00e3o municipal, foi a falta de di\u00e1logo com as escolas estaduais com uma gest\u00e3o pautada pelo di\u00e1logo com todos os setores da sociedade, conforme explica N\u00e1dia: \u201cAp\u00f3s uma avalia\u00e7\u00e3o muito cuidadosa com toda a equipe [da Secretaria de Educa\u00e7\u00e3o], n\u00f3s chegamos a conclus\u00e3o que n\u00e3o \u00e9 poss\u00edvel essa ades\u00e3o neste momento da forma como foi proposta, pelas quest\u00f5es pedag\u00f3gicas, pois acreditamos que essa \u00e9 uma quest\u00e3o que deve ser discutida com toda a comunidade escolar. E percebemos que este fato n\u00e3o aconteceu. E tamb\u00e9m n\u00e3o temos como fazer uma avalia\u00e7\u00e3o do impacto financeiro de uma proposta como essa para toda a nossa cidade\u201d.<\/p>\n<p>A prefeita ainda explica que \u201ccada uma dessas escolas tem a sua cultura e a sua tradi\u00e7\u00e3o. Ent\u00e3o ela [a escola] tem que ser ouvida, se ela quer ou n\u00e3o vir para o munic\u00edpio. E isso \u00e9 uma coisa que n\u00e3o aconteceu. Portanto essa \u00e9 uma raz\u00e3o forte, \u00e9 uma raz\u00e3o pedag\u00f3gica pela qual n\u00f3s n\u00e3o vamos aderir ao processo de municipaliza\u00e7\u00e3o das escolas estaduais\u201d.<\/p>\n<p><b>Informa\u00e7\u00f5es insatisfat\u00f3rias<\/b><\/p>\n<p>A dificuldade do munic\u00edpio em obter informa\u00e7\u00f5es contundentes acerca dos recursos investidos no projeto que seriam repassados a Juiz de Fora caso houvesse ades\u00e3o tamb\u00e9m foi ressaltado pela prefeita: &#8220;As informa\u00e7\u00f5es que n\u00f3s solicitamos, e que nos foram repassadas, sobre transfer\u00eancias de recursos para arcar com mais essa responsabilidade s\u00e3o informa\u00e7\u00f5es muito insatisfat\u00f3rias\u201d, disse.<\/p>\n<p>N\u00f3s n\u00e3o podemos assumir um caso, inclusive sem receber os recursos correspondentes. Por essas raz\u00f5es, pedag\u00f3gicas, pelo respeito que n\u00f3s temos pela Comunidade Escolar, as doc\u00eancias, aos trabalhadores de Educa\u00e7\u00e3o, aos alunos de cada escola estadual de Juiz de Fora. Por essa raz\u00e3o de impacto financeiro e or\u00e7ament\u00e1rio que \u00e9 fortemente relevante na gest\u00e3o do munic\u00edpio, n\u00f3s em Juiz de Fora n\u00e3o vamos aderir ao projeto \u201cM\u00e3o Dadas\u201d.<\/p>\n","protected":false},"excerpt":{"rendered":"<p>A prefeita Margarida Salom\u00e3o, acompanhada da Secret\u00e1ria de Educa\u00e7\u00e3o, N\u00e1dia Ribas, se pronunciou em v\u00eddeo sobre a decis\u00e3o do munic\u00edpio em n\u00e3o aderir ao projeto \u201cM\u00e3os Dadas\u201d do Governo de Minas Gerais, na tarde desta ter\u00e7a-feira, 7. O projeto consiste na municipaliza\u00e7\u00e3o das escolas estaduais em rela\u00e7\u00e3o aos Anos Iniciais do Ensino Fundamental. Ressaltando a [&hellip;]<\/p>\n","protected":false},"author":246,"featured_media":182125,"comment_status":"closed","ping_status":"closed","sticky":false,"template":"","format":"standard","meta":{"footnotes":""},"categories":[253,440,439],"tags":[],"class_list":["post-182124","post","type-post","status-publish","format-standard","has-post-thumbnail","hentry","category-cidade","category-destaques-do-dia","category-ultima-hora"],"_links":{"self":[{"href":"https:\/\/diarioregionaldigital.com.br\/index.php?rest_route=\/wp\/v2\/posts\/182124","targetHints":{"allow":["GET"]}}],"collection":[{"href":"https:\/\/diarioregionaldigital.com.br\/index.php?rest_route=\/wp\/v2\/posts"}],"about":[{"href":"https:\/\/diarioregionaldigital.com.br\/index.php?rest_route=\/wp\/v2\/types\/post"}],"author":[{"embeddable":true,"href":"https:\/\/diarioregionaldigital.com.br\/index.php?rest_route=\/wp\/v2\/users\/246"}],"replies":[{"embeddable":true,"href":"https:\/\/diarioregionaldigital.com.br\/index.php?rest_route=%2Fwp%2Fv2%2Fcomments&post=182124"}],"version-history":[{"count":1,"href":"https:\/\/diarioregionaldigital.com.br\/index.php?rest_route=\/wp\/v2\/posts\/182124\/revisions"}],"predecessor-version":[{"id":182126,"href":"https:\/\/diarioregionaldigital.com.br\/index.php?rest_route=\/wp\/v2\/posts\/182124\/revisions\/182126"}],"wp:featuredmedia":[{"embeddable":true,"href":"https:\/\/diarioregionaldigital.com.br\/index.php?rest_route=\/wp\/v2\/media\/182125"}],"wp:attachment":[{"href":"https:\/\/diarioregionaldigital.com.br\/index.php?rest_route=%2Fwp%2Fv2%2Fmedia&parent=182124"}],"wp:term":[{"taxonomy":"category","embeddable":true,"href":"https:\/\/diarioregionaldigital.com.br\/index.php?rest_route=%2Fwp%2Fv2%2Fcategories&post=182124"},{"taxonomy":"post_tag","embeddable":true,"href":"https:\/\/diarioregionaldigital.com.br\/index.php?rest_route=%2Fwp%2Fv2%2Ftags&post=182124"}],"curies":[{"name":"wp","href":"https:\/\/api.w.org\/{rel}","templated":true}]}}