{"id":182121,"date":"2021-05-07T20:14:11","date_gmt":"2021-05-07T23:14:11","guid":{"rendered":"https:\/\/diarioregionaldigital.com.br\/?p=182121"},"modified":"2021-05-07T20:35:18","modified_gmt":"2021-05-07T23:35:18","slug":"pre-cadastro-de-pessoas-autista-e-iniciado-pela-pjf","status":"publish","type":"post","link":"https:\/\/diarioregionaldigital.com.br\/?p=182121","title":{"rendered":"Pr\u00e9-cadastro de pessoas autistas \u00e9 iniciado pela PJF"},"content":{"rendered":"<div id=\"box_texto_noticia\">Foi iniciado pela Secretaria de Sa\u00fade da Prefeitura de Juiz de Fora o <a href=\"https:\/\/covid19.pjf.mg.gov.br\/vacinacao_comorbidades.php\"><b>pr\u00e9-cadastro<\/b><\/a>\u00a0para imuniza\u00e7\u00e3o contra Covid-19 para pessoas autistas, e, a partir desta segunda-feira, dia 10, come\u00e7a o pr\u00e9-cadastramento para motoristas e cobradores de \u00f4nibus da cidade. O calend\u00e1rio de vacina\u00e7\u00e3o ser\u00e1 definido.<\/p>\n<p>Segundo informa\u00e7\u00f5es do site da Prefeitura de Juiz de Fora, as empresas de \u00f4nibus repassar\u00e3o para a Prefeitura os dados de registro de motoristas e cobradores que devem realizar o pr\u00e9-cadastro obrigatoriamente pelo Portal da PJF. No dia da vacina\u00e7\u00e3o, esses profissionais devem apresentar seu Documento Identidade (RG) e Carteira de Trabalho, a fim de comprovarem sua atividade e v\u00ednculo.<\/p>\n<p>A vacina\u00e7\u00e3o de motoristas e cobradores atende \u00e0 demanda apresentada pelos trabalhadores rodovi\u00e1rios \u00e0 prefeita Margarida Salom\u00e3o por meio do Sindicato dos Trabalhadores em Empresas de Transporte Coletivo Urbano (Sinttro), uma vez que esses profissionais atuam diretamente expostos ao contato p\u00fablico, compat\u00edvel, portanto, com o Plano Nacional de Imuniza\u00e7\u00e3o (PNI).<\/p>\n<p>Neste fim de semana n\u00e3o haver\u00e1 vacina\u00e7\u00e3o contra o coronav\u00edrus. O calend\u00e1rio ser\u00e1 retomado na segunda-feira, dia 10.<\/p>\n<p><b>Pacientes renais em tratamento<\/b><br \/>\nLocais: Cl\u00ednicas de Hemodi\u00e1lise<br \/>\nOcorre desde o dia 5<\/p>\n<p><b>Pu\u00e9rperas com Comorbidades<\/b><br \/>\nLocal: Sport Club JF<br \/>\nSegunda-feira, dia 10 &#8211; 15 a 30 dias do parto<br \/>\nTer\u00e7a-feira, dia 11 &#8211; 1 a 14 dias do parto<br \/>\nHor\u00e1rio: 8h \u00e0s 16h<\/p>\n<p><b>Gestantes com Comorbidades<\/b><br \/>\nLocal: Sport Club JF<br \/>\nSegunda-feira, dia 10 &#8211; 2\u00ba Trimestre de Gesta\u00e7\u00e3o<br \/>\nTer\u00e7a-feira, dia 11- 1\u00ba Trimestre de Gesta\u00e7\u00e3o<br \/>\nHor\u00e1rio: 8h \u00e0s 16h<\/p>\n<p><b>Pessoas com S\u00edndrome de Down<\/b><br \/>\nLocal: Sport Club Juiz de Fora<br \/>\nPessoas que n\u00e3o foram imunizadas na Apae e na Alae<br \/>\nHor\u00e1rio: 8h \u00e0s 16h<\/p>\n<p><b>Trabalhadores da Sa\u00fade Cadastrados<\/b><br \/>\nLocal: Restaurante Universit\u00e1rio da UFJF<br \/>\nSegunda, dia 10: 30, 31 e 32 anos<br \/>\nTer\u00e7a, dia 11: 27, 28 e 29 anos<br \/>\nQuarta, dia 12: 24, 25 e 26 anos<br \/>\nQuinta, dia 13: 22 e 23 anos<br \/>\nSexta, dia 14: 18, 19, 20 e 21 anos<br \/>\nHor\u00e1rio: 9h \u00e0s 16h<\/p>\n<\/div>\n<p>&nbsp;<\/p>\n<div id=\"box_compartilhar\" align=\"right\"><\/div>\n","protected":false},"excerpt":{"rendered":"<p>Foi iniciado pela Secretaria de Sa\u00fade da Prefeitura de Juiz de Fora o pr\u00e9-cadastro\u00a0para imuniza\u00e7\u00e3o contra Covid-19 para pessoas autistas, e, a partir desta segunda-feira, dia 10, come\u00e7a o pr\u00e9-cadastramento para motoristas e cobradores de \u00f4nibus da cidade. O calend\u00e1rio de vacina\u00e7\u00e3o ser\u00e1 definido. Segundo informa\u00e7\u00f5es do site da Prefeitura de Juiz de Fora, as [&hellip;]<\/p>\n","protected":false},"author":246,"featured_media":182122,"comment_status":"closed","ping_status":"closed","sticky":false,"template":"","format":"standard","meta":{"footnotes":""},"categories":[253,440,439],"tags":[],"class_list":["post-182121","post","type-post","status-publish","format-standard","has-post-thumbnail","hentry","category-cidade","category-destaques-do-dia","category-ultima-hora"],"_links":{"self":[{"href":"https:\/\/diarioregionaldigital.com.br\/index.php?rest_route=\/wp\/v2\/posts\/182121","targetHints":{"allow":["GET"]}}],"collection":[{"href":"https:\/\/diarioregionaldigital.com.br\/index.php?rest_route=\/wp\/v2\/posts"}],"about":[{"href":"https:\/\/diarioregionaldigital.com.br\/index.php?rest_route=\/wp\/v2\/types\/post"}],"author":[{"embeddable":true,"href":"https:\/\/diarioregionaldigital.com.br\/index.php?rest_route=\/wp\/v2\/users\/246"}],"replies":[{"embeddable":true,"href":"https:\/\/diarioregionaldigital.com.br\/index.php?rest_route=%2Fwp%2Fv2%2Fcomments&post=182121"}],"version-history":[{"count":2,"href":"https:\/\/diarioregionaldigital.com.br\/index.php?rest_route=\/wp\/v2\/posts\/182121\/revisions"}],"predecessor-version":[{"id":182134,"href":"https:\/\/diarioregionaldigital.com.br\/index.php?rest_route=\/wp\/v2\/posts\/182121\/revisions\/182134"}],"wp:featuredmedia":[{"embeddable":true,"href":"https:\/\/diarioregionaldigital.com.br\/index.php?rest_route=\/wp\/v2\/media\/182122"}],"wp:attachment":[{"href":"https:\/\/diarioregionaldigital.com.br\/index.php?rest_route=%2Fwp%2Fv2%2Fmedia&parent=182121"}],"wp:term":[{"taxonomy":"category","embeddable":true,"href":"https:\/\/diarioregionaldigital.com.br\/index.php?rest_route=%2Fwp%2Fv2%2Fcategories&post=182121"},{"taxonomy":"post_tag","embeddable":true,"href":"https:\/\/diarioregionaldigital.com.br\/index.php?rest_route=%2Fwp%2Fv2%2Ftags&post=182121"}],"curies":[{"name":"wp","href":"https:\/\/api.w.org\/{rel}","templated":true}]}}