{"id":182115,"date":"2021-05-07T19:58:04","date_gmt":"2021-05-07T22:58:04","guid":{"rendered":"https:\/\/diarioregionaldigital.com.br\/?p=182115"},"modified":"2021-05-07T19:58:04","modified_gmt":"2021-05-07T22:58:04","slug":"uefa-anuncia-sancoes-a-clubes-apos-acordo-com-desertores-da-superliga","status":"publish","type":"post","link":"https:\/\/diarioregionaldigital.com.br\/?p=182115","title":{"rendered":"Uefa anuncia san\u00e7\u00f5es a clubes, ap\u00f3s acordo com desertores da Superliga"},"content":{"rendered":"<p>Os tr\u00eas times que continuam envolvidos na opera\u00e7\u00e3o da Superliga dissidente, Real Madrid, Barcelona e Juventus, enfrentar\u00e3o san\u00e7\u00f5es da Uefa, que chegou a um acordo com os nove outros clubes.<\/p>\n<p>A entidade que governa o futebol europeu disse nesta sexta-feira (7) que os nove clubes que desistiram do plano assinaram uma &#8220;Declara\u00e7\u00e3o de Comprometimento de Clube&#8221; que inclui uma s\u00e9rie de etapas de &#8220;reintegra\u00e7\u00e3o&#8221;.<\/p>\n<p>Os seis times ingleses &#8211; Manchester United, Liverpool, Manchester City, Chelsea, Tottenham Hotspur e Arsenal \u2013 al\u00e9m de Milan, Inter de Mil\u00e3o e Atl\u00e9tico de Madri, assinaram o acordo, disse a Uefa em um comunicado.<\/p>\n<p>&#8220;Estes clubes reconheceram seus erros rapidamente e agiram para demonstrar sua contri\u00e7\u00e3o e seu comprometimento futuro com o futebol europeu&#8221;, disse o presidente da Uefa, Aleksander Ceferin. &#8220;O mesmo n\u00e3o pode ser dito dos clubes que continuam envolvidos na chamada &#8216;Superliga&#8217;, e a Uefa lidar\u00e1 com estes clubes subsequentemente&#8221;.<\/p>\n<p>A Uefa disse que agora est\u00e1 iniciando procedimentos disciplinares contra Juventus, Real e Barca.<\/p>\n<p>&#8220;A Uefa se reservou todo o direito de adotar qualquer a\u00e7\u00e3o que considere adequada contra estes clubes que at\u00e9 agora se recusam a renunciar \u00e0 chamada &#8216;Superliga&#8217;. A quest\u00e3o ser\u00e1 encaminhada prontamente aos organismos disciplinares competentes da Uefa&#8221;.<\/p>\n<p>Os nove times que voltaram \u00e0 Uefa concordaram em &#8220;adotar todas as medidas em seu poder&#8221; para encerrar seu envolvimento na empresa Superliga.<\/p>\n<p>A liga dissidente foi anunciada no m\u00eas passado, mas fracassou depois de meras 48 horas.<\/p>\n<p><span style=\"font-weight: 400;\"><br \/>\n<\/span><span style=\"font-weight: 400;\">Fonte: Ag\u00eancia Brasil<\/span><\/p>\n","protected":false},"excerpt":{"rendered":"<p>Os tr\u00eas times que continuam envolvidos na opera\u00e7\u00e3o da Superliga dissidente, Real Madrid, Barcelona e Juventus, enfrentar\u00e3o san\u00e7\u00f5es da Uefa, que chegou a um acordo com os nove outros clubes. A entidade que governa o futebol europeu disse nesta sexta-feira (7) que os nove clubes que desistiram do plano assinaram uma &#8220;Declara\u00e7\u00e3o de Comprometimento de [&hellip;]<\/p>\n","protected":false},"author":246,"featured_media":182116,"comment_status":"closed","ping_status":"closed","sticky":false,"template":"","format":"standard","meta":{"footnotes":""},"categories":[257,439],"tags":[],"class_list":["post-182115","post","type-post","status-publish","format-standard","has-post-thumbnail","hentry","category-esporte","category-ultima-hora"],"_links":{"self":[{"href":"https:\/\/diarioregionaldigital.com.br\/index.php?rest_route=\/wp\/v2\/posts\/182115","targetHints":{"allow":["GET"]}}],"collection":[{"href":"https:\/\/diarioregionaldigital.com.br\/index.php?rest_route=\/wp\/v2\/posts"}],"about":[{"href":"https:\/\/diarioregionaldigital.com.br\/index.php?rest_route=\/wp\/v2\/types\/post"}],"author":[{"embeddable":true,"href":"https:\/\/diarioregionaldigital.com.br\/index.php?rest_route=\/wp\/v2\/users\/246"}],"replies":[{"embeddable":true,"href":"https:\/\/diarioregionaldigital.com.br\/index.php?rest_route=%2Fwp%2Fv2%2Fcomments&post=182115"}],"version-history":[{"count":1,"href":"https:\/\/diarioregionaldigital.com.br\/index.php?rest_route=\/wp\/v2\/posts\/182115\/revisions"}],"predecessor-version":[{"id":182117,"href":"https:\/\/diarioregionaldigital.com.br\/index.php?rest_route=\/wp\/v2\/posts\/182115\/revisions\/182117"}],"wp:featuredmedia":[{"embeddable":true,"href":"https:\/\/diarioregionaldigital.com.br\/index.php?rest_route=\/wp\/v2\/media\/182116"}],"wp:attachment":[{"href":"https:\/\/diarioregionaldigital.com.br\/index.php?rest_route=%2Fwp%2Fv2%2Fmedia&parent=182115"}],"wp:term":[{"taxonomy":"category","embeddable":true,"href":"https:\/\/diarioregionaldigital.com.br\/index.php?rest_route=%2Fwp%2Fv2%2Fcategories&post=182115"},{"taxonomy":"post_tag","embeddable":true,"href":"https:\/\/diarioregionaldigital.com.br\/index.php?rest_route=%2Fwp%2Fv2%2Ftags&post=182115"}],"curies":[{"name":"wp","href":"https:\/\/api.w.org\/{rel}","templated":true}]}}