{"id":182112,"date":"2021-05-07T19:56:10","date_gmt":"2021-05-07T22:56:10","guid":{"rendered":"https:\/\/diarioregionaldigital.com.br\/?p=182112"},"modified":"2021-05-07T19:56:10","modified_gmt":"2021-05-07T22:56:10","slug":"judo-brasileiro-conquista-cinco-medalhas-no-penultimo-desafio-antes-de-toquio-2020","status":"publish","type":"post","link":"https:\/\/diarioregionaldigital.com.br\/?p=182112","title":{"rendered":"Jud\u00f4 brasileiro conquista cinco medalhas no pen\u00faltimo desafio antes de T\u00f3quio 2020"},"content":{"rendered":"<p>Os cinco s\u00e3o integrantes do Bolsa Atleta, programa de patroc\u00ednio individual da Secretaria Especial do Esporte do Minist\u00e9rio da Cidadania. Bia, Maria Suelen, David Moura e Baby pertencem \u00e0 categoria P\u00f3dio, a principal do programa. Ketleyn est\u00e1 na Internacional. O jud\u00f4 \u00e9 o esporte individual que mais deu medalhas ol\u00edmpicas para o Brasil. S\u00e3o 22 no total: quatro ouros, tr\u00eas pratas e 15 bronzes.<\/p>\n<p>Com os cinco p\u00f3dios, o Brasil terminou na nona posi\u00e7\u00e3o do Grand Slam da R\u00fassia. Os donos da casa foram os melhores no quadro de medalhas, com quatro ouros, seis pratas e cinco bronzes, seguidos pelo Jap\u00e3o, com tr\u00eas ouros e um bronze.<\/p>\n<p>Esse foi o \u00faltimo Grand Slam do ciclo ol\u00edmpico e a pen\u00faltima competi\u00e7\u00e3o da sele\u00e7\u00e3o antes dos Jogos Ol\u00edmpicos. Em junho, os principais atletas do Brasil disputar\u00e3o o Mundial, no per\u00edodo de 6 a 13, em Budapeste, na Hungria. Ap\u00f3s essa competi\u00e7\u00e3o a CBJ anunciar\u00e1 a equipe que representar\u00e1 o jud\u00f4 no Jap\u00e3o, em julho.<\/p>\n<p><strong>Consist\u00eancia dos pesados<\/strong><\/p>\n<p>As disputas mais acirradas pelas vagas ol\u00edmpicas no jud\u00f4 t\u00eam como protagonistas os atletas das categorias mais pesadas. Nesta sexta, eles garantiram duas dobradinhas para o Brasil em Kazan. Rafael Silva (+100kg) venceu as tr\u00eas lutas preliminares e s\u00f3 caiu na final com o russo Tamerlan Bashaev, nas puni\u00e7\u00f5es.<\/p>\n<p>\u201cEssa foi a terceira final de um ciclo de competi\u00e7\u00f5es. Estou em busca de melhora a cada passo, a cada competi\u00e7\u00e3o e o objetivo final \u00e9 estar nas Olimp\u00edadas. Primeiro me classificar e depois tentar mais uma medalha ol\u00edmpica\u201d, analisou Rafael Silva, que foi prata no Grand Slam de Tbilisi, na Ge\u00f3rgia, e ouro no Pan-Americano, em Guadalajara, neste ano.<\/p>\n<p>Depois de vencer as duas primeiras lutas e cair na semi tamb\u00e9m para Bashaev, Moura recuperou-se na disputa pelo bronze e derrubou Anton Krivobokov, da R\u00fassia, para assegurar o bronze. \u201cAcho que tive um bom desempenho hoje, lutei com atletas duros, peguei tr\u00eas russos na chave. Foi um \u00f3timo treino para o Mundial, onde meu objetivo ser\u00e1 subir no lugar mais alto do p\u00f3dio e conquistar a vaga ol\u00edmpica\u201d, disse David Moura, que foi finalista do mundial em 2017, e ficou com a prata na decis\u00e3o contra o franc\u00eas Teddy Riner.<\/p>\n<p>No feminino, Maria Suelen Altheman e Beatriz Souza tiveram resultados id\u00eanticos. Suelen venceu Daria Valdimirova (R\u00fassia) e S\u00f4nia Asselah (Arg\u00e9lia) nas preliminares, caiu para Maryna Slutskaya (Bielor\u00fassia), na semifinal, e venceu Melissa Mojica (Porto Rico) na disputa pelo bronze.<\/p>\n<p>\u201cO desempenho do Brasil, em geral, est\u00e1 sendo muito bom, sempre subindo ao p\u00f3dio. \u00c9 um passo de cada vez e a pr\u00f3xima competi\u00e7\u00e3o \u00e9 o Mundial e tenho certeza de que toda a equipe estar\u00e1 preparada\u201d, comentou Maria Suelen ap\u00f3s conquistar seu terceiro bronze consecutivo na temporada 2021.<\/p>\n<p>Na mesma categoria, Bia passou por Sandra Jablonskyte (Litu\u00e2nia) e por Anastasiia Kholodilina (R\u00fassia) at\u00e9 ser imobilizada pela francesa Romane Dicko, que ficou com o ouro. Na luta pelo bronze, a brasileira derrotou Sonia Asselah por ippon.<\/p>\n<p>\u201cEm todas as lutas eu dei mais que meu 100% e estou feliz. Os pr\u00f3ximos passos ser\u00e3o os detalhes, ajustar tudo e treinar ainda mais para o Mundial que, logo, logo estar\u00e1 a\u00ed\u201d, disse Beatriz, dona de quatro medalhas em 2021 (prata em Tashkent, bronze em Tbilisi, ouro no Pan e bronze em Kazan).<\/p>\n<p><strong>Outras categorias<\/strong><\/p>\n<p>O meio-pesado Leonardo Gon\u00e7alves (100kg) tamb\u00e9m teve um bom dia de competi\u00e7\u00e3o, vencendo suas duas lutas iniciais, contra Tevita Takayawa (Ilhas Fiji) e Kahyan Takagi (Austr\u00e1lia). Em seguida, caiu para Arman Adamian e Niiaz Bilalov, ambos russos, e terminou em s\u00e9timo lugar. Rafael Macedo (90kg) tamb\u00e9m lutou nesta sexta e ficou na primeira luta diante do s\u00e9rvio Aleksandar Kukolj.<\/p>\n<p>Ap\u00f3s a competi\u00e7\u00e3o, a sele\u00e7\u00e3o permanecer\u00e1 na R\u00fassia para um treinamento de campo restrito a pa\u00edses convidados, entre eles o Jap\u00e3o.<\/p>\n<p>Fonte: Rededoesporte \/ Confedera\u00e7\u00e3o Brasileira de Jud\u00f4<\/p>\n","protected":false},"excerpt":{"rendered":"<p>Os cinco s\u00e3o integrantes do Bolsa Atleta, programa de patroc\u00ednio individual da Secretaria Especial do Esporte do Minist\u00e9rio da Cidadania. Bia, Maria Suelen, David Moura e Baby pertencem \u00e0 categoria P\u00f3dio, a principal do programa. Ketleyn est\u00e1 na Internacional. O jud\u00f4 \u00e9 o esporte individual que mais deu medalhas ol\u00edmpicas para o Brasil. S\u00e3o 22 [&hellip;]<\/p>\n","protected":false},"author":246,"featured_media":182113,"comment_status":"closed","ping_status":"closed","sticky":false,"template":"","format":"standard","meta":{"footnotes":""},"categories":[257,439],"tags":[],"class_list":["post-182112","post","type-post","status-publish","format-standard","has-post-thumbnail","hentry","category-esporte","category-ultima-hora"],"_links":{"self":[{"href":"https:\/\/diarioregionaldigital.com.br\/index.php?rest_route=\/wp\/v2\/posts\/182112","targetHints":{"allow":["GET"]}}],"collection":[{"href":"https:\/\/diarioregionaldigital.com.br\/index.php?rest_route=\/wp\/v2\/posts"}],"about":[{"href":"https:\/\/diarioregionaldigital.com.br\/index.php?rest_route=\/wp\/v2\/types\/post"}],"author":[{"embeddable":true,"href":"https:\/\/diarioregionaldigital.com.br\/index.php?rest_route=\/wp\/v2\/users\/246"}],"replies":[{"embeddable":true,"href":"https:\/\/diarioregionaldigital.com.br\/index.php?rest_route=%2Fwp%2Fv2%2Fcomments&post=182112"}],"version-history":[{"count":1,"href":"https:\/\/diarioregionaldigital.com.br\/index.php?rest_route=\/wp\/v2\/posts\/182112\/revisions"}],"predecessor-version":[{"id":182114,"href":"https:\/\/diarioregionaldigital.com.br\/index.php?rest_route=\/wp\/v2\/posts\/182112\/revisions\/182114"}],"wp:featuredmedia":[{"embeddable":true,"href":"https:\/\/diarioregionaldigital.com.br\/index.php?rest_route=\/wp\/v2\/media\/182113"}],"wp:attachment":[{"href":"https:\/\/diarioregionaldigital.com.br\/index.php?rest_route=%2Fwp%2Fv2%2Fmedia&parent=182112"}],"wp:term":[{"taxonomy":"category","embeddable":true,"href":"https:\/\/diarioregionaldigital.com.br\/index.php?rest_route=%2Fwp%2Fv2%2Fcategories&post=182112"},{"taxonomy":"post_tag","embeddable":true,"href":"https:\/\/diarioregionaldigital.com.br\/index.php?rest_route=%2Fwp%2Fv2%2Ftags&post=182112"}],"curies":[{"name":"wp","href":"https:\/\/api.w.org\/{rel}","templated":true}]}}