{"id":182108,"date":"2021-05-07T19:52:43","date_gmt":"2021-05-07T22:52:43","guid":{"rendered":"https:\/\/diarioregionaldigital.com.br\/?p=182108"},"modified":"2021-05-07T19:52:43","modified_gmt":"2021-05-07T22:52:43","slug":"brasil-conquista-tres-medalhas-na-copa-pan-americana-de-marcha-atletica","status":"publish","type":"post","link":"https:\/\/diarioregionaldigital.com.br\/?p=182108","title":{"rendered":"Brasil conquista tr\u00eas medalhas na Copa Pan-Americana de Marcha Atl\u00e9tica"},"content":{"rendered":"<p>O Brasil, mesmo tendo cumprido 10 dias de quarentena e treinado em esquema de hor\u00e1rios reduzidos, ganhou tr\u00eas medalhas na Copa Pan-Americana de Marcha Atl\u00e9tica, disputada nesta sexta-feira (7.05), num circuito de 2 km montado na Avenida Paseo Del Parque, em Guayaquil, no Equador. As medalhas foram conquistadas por Caio Bonfim, prata nos 20km, bronze com Viviane Santana Lyra, tamb\u00e9m nos 20km, e ouro com Gabriela de Souza Muniz nos 10km sub-20.<\/p>\n<p>Gabriela, de 18 anos, que treina em Sobradinho (DF), bateu o recorde brasileiro sub-20, com 47min49s17, melhorando em quase um minuto o recorde anterior, de 48min41s, obtido na Copa Brasil, no \u00faltimo dia 14 de mar\u00e7o, em Bragan\u00e7a Paulista (SP). Ela ratificou o \u00edndice (50min30s) para disputar o Mundial Sub-20, marcado para agosto, em Nair\u00f3bi, no Qu\u00eania. Gabrielly Cristina completou as cinco voltas em nono lugar, com 55min23s57, enquanto Bruna Batista de Oliveira terminou em 12\u00ba, com 57min45s40.<\/p>\n<p>J\u00e1 Caio Bonfim, medalha de bronze no Mundial de Londres-2017 e qualificado para os Jogos de T\u00f3quio, fez \u00f3tima prova e completou as 10 voltas no circuito em 1h21min41s68, melhor marca no Ranking Brasileiro de 2021. Ele s\u00f3 foi superado pelo colombiano Eider Arevalo, campe\u00e3o mundial de Londres-2017 e do Mundial Sub-20 de Barcelona-2012, que obteve o tempo de 1h21min36s08. O equatoriano Alexander Hurtado ficou em terceiro, seguido do compatriota Daniel Pintado, ouro no Pan-Americano de Lima-2019.<\/p>\n<p>&#8220;A prova foi muito dura, do in\u00edcio ao fim. Os atletas sul-americanos s\u00e3o fortes e o vencedor \u00e9 um campe\u00e3o do mundo. O Equador, em casa, teve cinco atletas fortes. Estou feliz, mais um passo importante foi dado. Volto para casa com essa prata&#8221;, disse Caio Bonfim, o melhor marchador da hist\u00f3ria no Brasil.<\/p>\n<p>Na prova feminina, Viviane Santana Lyra completou a dist\u00e2ncia em terceiro lugar, com 1h34min57s76, atr\u00e1s das equatorianas Paola Perez (1h30min37s50) e Karla Jaramillo, ouro no Pan de Lima (1h31min53s22). Emily Pastor ficou em 13\u00ba, enquanto Elianay Barbosa n\u00e3o concluiu a prova.<\/p>\n<p>\u00c9rica Sena, qualificada para a Olimp\u00edada, que vive no Equador, tamb\u00e9m participou da prova, como convidada, mas abandonou com dores musculares quando estava na lideran\u00e7a. \u201cApesar do problema, me senti bem e estava segura de que ganharia a prova\u201d, comentou.<\/p>\n<p>Nos 35km, prova vencida pela equatoriana Nathaly Loeo, Paula Raissa Paz ficou na s\u00e9tima posi\u00e7\u00e3o, seguida de Elisangela Pereira da Silva. J\u00e1 nos 50km, Max Batista dos Santos terminou em quarto, enquanto Jos\u00e9 Alessandro Bagio e Rudney Dias Nogueira n\u00e3o completaram a dist\u00e2ncia.<\/p>\n<p>Fonte: Confedera\u00e7\u00e3o Brasileira de Atletismo (CBAt)<\/p>\n","protected":false},"excerpt":{"rendered":"<p>O Brasil, mesmo tendo cumprido 10 dias de quarentena e treinado em esquema de hor\u00e1rios reduzidos, ganhou tr\u00eas medalhas na Copa Pan-Americana de Marcha Atl\u00e9tica, disputada nesta sexta-feira (7.05), num circuito de 2 km montado na Avenida Paseo Del Parque, em Guayaquil, no Equador. As medalhas foram conquistadas por Caio Bonfim, prata nos 20km, bronze [&hellip;]<\/p>\n","protected":false},"author":246,"featured_media":182110,"comment_status":"closed","ping_status":"closed","sticky":false,"template":"","format":"standard","meta":{"footnotes":""},"categories":[257,439],"tags":[],"class_list":["post-182108","post","type-post","status-publish","format-standard","has-post-thumbnail","hentry","category-esporte","category-ultima-hora"],"_links":{"self":[{"href":"https:\/\/diarioregionaldigital.com.br\/index.php?rest_route=\/wp\/v2\/posts\/182108","targetHints":{"allow":["GET"]}}],"collection":[{"href":"https:\/\/diarioregionaldigital.com.br\/index.php?rest_route=\/wp\/v2\/posts"}],"about":[{"href":"https:\/\/diarioregionaldigital.com.br\/index.php?rest_route=\/wp\/v2\/types\/post"}],"author":[{"embeddable":true,"href":"https:\/\/diarioregionaldigital.com.br\/index.php?rest_route=\/wp\/v2\/users\/246"}],"replies":[{"embeddable":true,"href":"https:\/\/diarioregionaldigital.com.br\/index.php?rest_route=%2Fwp%2Fv2%2Fcomments&post=182108"}],"version-history":[{"count":1,"href":"https:\/\/diarioregionaldigital.com.br\/index.php?rest_route=\/wp\/v2\/posts\/182108\/revisions"}],"predecessor-version":[{"id":182111,"href":"https:\/\/diarioregionaldigital.com.br\/index.php?rest_route=\/wp\/v2\/posts\/182108\/revisions\/182111"}],"wp:featuredmedia":[{"embeddable":true,"href":"https:\/\/diarioregionaldigital.com.br\/index.php?rest_route=\/wp\/v2\/media\/182110"}],"wp:attachment":[{"href":"https:\/\/diarioregionaldigital.com.br\/index.php?rest_route=%2Fwp%2Fv2%2Fmedia&parent=182108"}],"wp:term":[{"taxonomy":"category","embeddable":true,"href":"https:\/\/diarioregionaldigital.com.br\/index.php?rest_route=%2Fwp%2Fv2%2Fcategories&post=182108"},{"taxonomy":"post_tag","embeddable":true,"href":"https:\/\/diarioregionaldigital.com.br\/index.php?rest_route=%2Fwp%2Fv2%2Ftags&post=182108"}],"curies":[{"name":"wp","href":"https:\/\/api.w.org\/{rel}","templated":true}]}}