{"id":182104,"date":"2021-05-07T19:40:01","date_gmt":"2021-05-07T22:40:01","guid":{"rendered":"https:\/\/diarioregionaldigital.com.br\/?p=182104"},"modified":"2021-05-07T19:40:01","modified_gmt":"2021-05-07T22:40:01","slug":"minas-avanca-na-vacinacao-e-e-o-6o-estado-do-pais-em-imunizacao-contra-a-covid","status":"publish","type":"post","link":"https:\/\/diarioregionaldigital.com.br\/?p=182104","title":{"rendered":"Minas avan\u00e7a na vacina\u00e7\u00e3o e \u00e9 o 6\u00ba estado do pa\u00eds em imuniza\u00e7\u00e3o contra a covid"},"content":{"rendered":"<p>Minas \u00e9 atualmente o 6\u00ba estado brasileiro com maior percentual de imuniza\u00e7\u00e3o. No in\u00edcio de mar\u00e7o, a vacina\u00e7\u00e3o mineira ocupava o 17\u00ba lugar. O avan\u00e7o, que reflete o esfor\u00e7o da gest\u00e3o estadual para acelerar o processo nos munic\u00edpios durante a maior opera\u00e7\u00e3o de imuniza\u00e7\u00e3o da hist\u00f3ria de Minas Gerais, foi anunciado nesta sexta-feira (7\/5), em coletiva \u00e0 imprensa, pelo secret\u00e1rio de Estado de\u00a0<a title=\"Secretaria de Estado de Sa\u00fade (SES-MG)\" href=\"http:\/\/www.saude.mg.gov.br\/\" target=\"_blank\" rel=\"noopener\">Sa\u00fade<\/a>, m\u00e9dico F\u00e1bio Baccheretti.<\/p>\n<p>\u201cNo come\u00e7o de mar\u00e7o \u00e9ramos apenas o 17\u00ba estado em vacina\u00e7\u00e3o proporcional da popula\u00e7\u00e3o. Hoje somos o 6\u00ba colocado. Estamos subindo, melhorando, e o papel dos munic\u00edpios \u00e9 fundamental. A distribui\u00e7\u00e3o \u00e9 r\u00e1pida, quase imediata, e os munic\u00edpios est\u00e3o fazendo seu papel de vacinar os cidad\u00e3os. A vacina\u00e7\u00e3o \u00e9 a solu\u00e7\u00e3o para a pandemia\u201d, afirmou.<\/p>\n<p>O secret\u00e1rio tamb\u00e9m informou que Minas receber\u00e1 mais de 100 mil novas doses de Coronavac neste fim de semana, o que possibilitar\u00e1 a retomada da aplica\u00e7\u00e3o da segunda dose nos idosos que j\u00e1 receberam a primeira.<\/p>\n<p>\u201cAqueles que s\u00f3 receberam a primeira dose devem ir at\u00e9 o posto para receber a segunda, mesmo que j\u00e1 tenham passado os 28 dias de intervalo recomendado pelo estudo. Mesmo com um intervalo maior a imunidade ser\u00e1 alcan\u00e7ada com a segunda dose\u201d, afirmou<\/p>\n<p>A expectativa \u00e9 a de que Minas receba outras 400 mil doses de Coronavac na pr\u00f3xima semana, garantido a D2 para todos os mineiros que j\u00e1 receberam a D1.<\/p>\n<p><strong>Comorbidades<\/strong><\/p>\n<p>Al\u00e9m disso, a chegada de milhares de doses das vacinas da AstraZeneca e da Pfizer nos \u00faltimos dias permitir\u00e1 o in\u00edcio da vacina\u00e7\u00e3o para 2 milh\u00f5es de mineiros que possuem comorbidades, como obesidade e diabetes.<\/p>\n<p>\u201cChegaram 50.310 doses da Pfizer para BH e a nova remessa da AstraZeneca que recebemos ontem foi de 396.500 doses. Portanto, iniciaremos agora a vacina\u00e7\u00e3o do grupo de comorbidades, que, al\u00e9m da idade, \u00e9 um fator muito importante em rela\u00e7\u00e3o a \u00f3bitos e ocupa\u00e7\u00e3o de leitos. Quase 90% dos pacientes que evoluem a \u00f3bito nos CTIs t\u00eam ao menos uma comorbidade\u201d, explicou.<\/p>\n<p>A previs\u00e3o em Minas \u00e9 a de que todo o grupo tenha recebido pelo menos a primeira dose at\u00e9 o final deste m\u00eas.<\/p>\n<p><strong>Queda de \u00f3bitos<\/strong><\/p>\n<p>O secret\u00e1rio de Sa\u00fade apontou ainda que a queda consider\u00e1vel nos \u00f3bitos da popula\u00e7\u00e3o imunizada comprova a efic\u00e1cia da vacina.<\/p>\n<p>\u201cOs \u00f3bitos em idosos tiveram uma diminui\u00e7\u00e3o significativa. Acima de 90 anos, foi de 8,8%, no in\u00edcio do ano, para 2,5% agora. De 80 a 89 anos, passamos de 21,5% de \u00f3bitos para 9,1%. E acima de 70 anos, a taxa era de 28,8%; hoje s\u00e3o 24,4%. Observamos com clareza a queda na propor\u00e7\u00e3o de \u00f3bitos naqueles que j\u00e1 est\u00e3o vacinados com a segunda dose, o que nos enche de esperan\u00e7a em rela\u00e7\u00e3o \u00e0 efic\u00e1cia da vacina\u201d, disse.<\/p>\n<p>A conclus\u00e3o da imuniza\u00e7\u00e3o de idosos acima de 60 anos deve ajudar a reduzir ainda mais a mortalidade pela doen\u00e7a.<\/p>\n<p>\u201cJ\u00e1 estamos terminando a aplica\u00e7\u00e3o da primeira dose no grupo de 60 anos e alguns munic\u00edpios j\u00e1 est\u00e3o vacinando a segunda dose nesse grupo. A expectativa \u00e9 que, 15 dias ap\u00f3s a segunda dose, a imunidade seja a m\u00e1xima poss\u00edvel pela vacina. Ent\u00e3o, \u00e9 quest\u00e3o de tempo para que possamos observar a queda da mortalidade. Lembrando que esse \u00e9, hoje, o grupo com mais mortalidade e ocupa\u00e7\u00e3o de leitos nos nossos CTIs\u201d, afirmou.<\/p>\n<p><strong>Ocupa\u00e7\u00e3o de leitos<\/strong><\/p>\n<p>Baccheretti ressaltou ainda que a m\u00e9dia atual de ocupa\u00e7\u00e3o de leitos de terapia intensiva no Estado \u00e9 de 80%, o que demonstra o fim do colapso do sistema de Sa\u00fade.<\/p>\n<p>\u201cTemos 150 pacientes aguardando leito de terapia intensiva, o menor n\u00famero desde mar\u00e7o. Isso mostra que o n\u00famero de casos novos permanece baixo. Hoje, temos menos pacientes aguardando leitos de CTI e Enfermaria de covid, do que n\u00e3o covid\u201d, explicou.<\/p>\n<p><strong>Educa\u00e7\u00e3o<\/strong><\/p>\n<p>Ainda durante a coletiva, o secret\u00e1rio disse que a previs\u00e3o \u00e9 que os profissionais da Educa\u00e7\u00e3o comecem a ser vacinados em junho.<\/p>\n<p>\u201cMinas est\u00e1 seguindo estritamente o PNI (Plano Nacional de Vacina\u00e7\u00e3o). O governador solicitou ao governo federal que os professores fossem adiantados na vacina\u00e7\u00e3o pela necessidade da volta \u00e0s aulas. E a expectativa do PNI \u00e9 que em junho os professores comecem a ser vacinados\u201d, concluiu.<\/p>\n<p><span style=\"font-weight: 400;\">Fonte: Ag\u00eancia Minas<\/span><\/p>\n","protected":false},"excerpt":{"rendered":"<p>Minas \u00e9 atualmente o 6\u00ba estado brasileiro com maior percentual de imuniza\u00e7\u00e3o. No in\u00edcio de mar\u00e7o, a vacina\u00e7\u00e3o mineira ocupava o 17\u00ba lugar. O avan\u00e7o, que reflete o esfor\u00e7o da gest\u00e3o estadual para acelerar o processo nos munic\u00edpios durante a maior opera\u00e7\u00e3o de imuniza\u00e7\u00e3o da hist\u00f3ria de Minas Gerais, foi anunciado nesta sexta-feira (7\/5), em [&hellip;]<\/p>\n","protected":false},"author":246,"featured_media":182106,"comment_status":"closed","ping_status":"closed","sticky":false,"template":"","format":"standard","meta":{"footnotes":""},"categories":[253,440,439],"tags":[],"class_list":["post-182104","post","type-post","status-publish","format-standard","has-post-thumbnail","hentry","category-cidade","category-destaques-do-dia","category-ultima-hora"],"_links":{"self":[{"href":"https:\/\/diarioregionaldigital.com.br\/index.php?rest_route=\/wp\/v2\/posts\/182104","targetHints":{"allow":["GET"]}}],"collection":[{"href":"https:\/\/diarioregionaldigital.com.br\/index.php?rest_route=\/wp\/v2\/posts"}],"about":[{"href":"https:\/\/diarioregionaldigital.com.br\/index.php?rest_route=\/wp\/v2\/types\/post"}],"author":[{"embeddable":true,"href":"https:\/\/diarioregionaldigital.com.br\/index.php?rest_route=\/wp\/v2\/users\/246"}],"replies":[{"embeddable":true,"href":"https:\/\/diarioregionaldigital.com.br\/index.php?rest_route=%2Fwp%2Fv2%2Fcomments&post=182104"}],"version-history":[{"count":1,"href":"https:\/\/diarioregionaldigital.com.br\/index.php?rest_route=\/wp\/v2\/posts\/182104\/revisions"}],"predecessor-version":[{"id":182107,"href":"https:\/\/diarioregionaldigital.com.br\/index.php?rest_route=\/wp\/v2\/posts\/182104\/revisions\/182107"}],"wp:featuredmedia":[{"embeddable":true,"href":"https:\/\/diarioregionaldigital.com.br\/index.php?rest_route=\/wp\/v2\/media\/182106"}],"wp:attachment":[{"href":"https:\/\/diarioregionaldigital.com.br\/index.php?rest_route=%2Fwp%2Fv2%2Fmedia&parent=182104"}],"wp:term":[{"taxonomy":"category","embeddable":true,"href":"https:\/\/diarioregionaldigital.com.br\/index.php?rest_route=%2Fwp%2Fv2%2Fcategories&post=182104"},{"taxonomy":"post_tag","embeddable":true,"href":"https:\/\/diarioregionaldigital.com.br\/index.php?rest_route=%2Fwp%2Fv2%2Ftags&post=182104"}],"curies":[{"name":"wp","href":"https:\/\/api.w.org\/{rel}","templated":true}]}}