{"id":182090,"date":"2021-05-09T06:00:38","date_gmt":"2021-05-09T09:00:38","guid":{"rendered":"https:\/\/diarioregionaldigital.com.br\/?p=182090"},"modified":"2021-05-07T19:36:32","modified_gmt":"2021-05-07T22:36:32","slug":"dia-das-maes-2","status":"publish","type":"post","link":"https:\/\/diarioregionaldigital.com.br\/?p=182090","title":{"rendered":"Dia das M\u00e3es"},"content":{"rendered":"<p style=\"text-align: center;\"><strong>Museu <\/strong><\/p>\n<p style=\"text-align: center;\">A Prefeitura de Juiz de Fora em momento \u00fanico prop\u00f5e sele\u00e7\u00e3o p\u00fablica para escolher o diretor do Museu Mariano Proc\u00f3pio. A sugest\u00e3o foi feita no \u00e2mbito da Mesa de Di\u00e1logo em busca de sanar o impasse para nomea\u00e7\u00e3o de novo superintendente.<\/p>\n<p style=\"text-align: center;\"><strong>Direto<\/strong><\/p>\n<p style=\"text-align: center;\">O vice-presidente da OAB, Luiz Viana, lan\u00e7ou o manifesto \u201cOAB em Defesa da Advocacia\u201d. Re\u00fane lideran\u00e7as nacionais que pedem melhores condi\u00e7\u00f5es de trabalho em meio \u00e0 pandemia, aumento da representatividade e resgate de uma institui\u00e7\u00e3o apartid\u00e1ria e independente.<\/p>\n<p style=\"text-align: center;\"><strong>Total Look<\/strong><\/p>\n<p style=\"text-align: center;\">Elegante com o outono, o cinza claro \u00e9 um cl\u00e1ssico das temperaturas mais amenas. Os modelitos da loja Veneno est\u00e3o incr\u00edveis e torna a produ\u00e7\u00e3o menos formal com acess\u00f3rios modernos da By Candy.<\/p>\n<p style=\"text-align: center;\"><strong>Melhor Idade<\/strong><\/p>\n<p style=\"text-align: center;\">Hoje, 09 de maio as 16hs acontece em grande estilo a abertura da Semana Municipal da Pessoa Idosa com roda de conversas com o tema \u201cComo \u00e9 envelhecer em Juiz de Fora\u201d. No dia 10 de maio \u00e1s 16hs ter\u00e1 homenagem aos idosos centen\u00e1rios. Todos os eventos ser\u00e3o transmitidos pela TV C\u00e2mara no canal 351.<\/p>\n<p style=\"text-align: center;\"><strong>Dia das M\u00e3es<\/strong><\/p>\n<p style=\"text-align: center;\">No domingo, 9 de maio, \u00e9 festejado o \u201cDia das M\u00e3es\u201d. Atrav\u00e9s de fatos e fotos, homenageamos todas as mulheres de Juiz de Fora, em tom maior. Aplausos para elas.<\/p>\n<div id=\"attachment_182071\" style=\"width: 690px\" class=\"wp-caption aligncenter\"><img loading=\"lazy\" decoding=\"async\" aria-describedby=\"caption-attachment-182071\" class=\"wp-image-182071\" src=\"https:\/\/diarioregionaldigital.com.br\/wp-content\/uploads\/2021\/05\/fotoa-3-e1620423743430.jpg\" alt=\"\" width=\"680\" height=\"519\" srcset=\"https:\/\/diarioregionaldigital.com.br\/wp-content\/uploads\/2021\/05\/fotoa-3-e1620423743430.jpg 537w, https:\/\/diarioregionaldigital.com.br\/wp-content\/uploads\/2021\/05\/fotoa-3-e1620423743430-300x229.jpg 300w, https:\/\/diarioregionaldigital.com.br\/wp-content\/uploads\/2021\/05\/fotoa-3-e1620423743430-360x275.jpg 360w\" sizes=\"auto, (max-width: 680px) 100vw, 680px\" \/><p id=\"caption-attachment-182071\" class=\"wp-caption-text\">Eduardo Gomes homenageia no Dia das M\u00e3es, a amiga querida Jacqueline Vianna<\/p><\/div>\n<div id=\"attachment_182072\" style=\"width: 690px\" class=\"wp-caption aligncenter\"><img loading=\"lazy\" decoding=\"async\" aria-describedby=\"caption-attachment-182072\" class=\"wp-image-182072\" src=\"https:\/\/diarioregionaldigital.com.br\/wp-content\/uploads\/2021\/05\/fotoaa-e1620423829397.jpeg\" alt=\"\" width=\"680\" height=\"503\" srcset=\"https:\/\/diarioregionaldigital.com.br\/wp-content\/uploads\/2021\/05\/fotoaa-e1620423829397.jpeg 468w, https:\/\/diarioregionaldigital.com.br\/wp-content\/uploads\/2021\/05\/fotoaa-e1620423829397-300x222.jpeg 300w, https:\/\/diarioregionaldigital.com.br\/wp-content\/uploads\/2021\/05\/fotoaa-e1620423829397-360x266.jpeg 360w\" sizes=\"auto, (max-width: 680px) 100vw, 680px\" \/><p id=\"caption-attachment-182072\" class=\"wp-caption-text\">Rose Oliveira e sua bondosa mam\u00e3e Doralice Oliveira<\/p><\/div>\n<div id=\"attachment_182073\" style=\"width: 690px\" class=\"wp-caption aligncenter\"><img loading=\"lazy\" decoding=\"async\" aria-describedby=\"caption-attachment-182073\" class=\"wp-image-182073\" src=\"https:\/\/diarioregionaldigital.com.br\/wp-content\/uploads\/2021\/05\/fotob-1-e1620424014133.jpeg\" alt=\"\" width=\"680\" height=\"483\" srcset=\"https:\/\/diarioregionaldigital.com.br\/wp-content\/uploads\/2021\/05\/fotob-1-e1620424014133.jpeg 662w, https:\/\/diarioregionaldigital.com.br\/wp-content\/uploads\/2021\/05\/fotob-1-e1620424014133-300x213.jpeg 300w, https:\/\/diarioregionaldigital.com.br\/wp-content\/uploads\/2021\/05\/fotob-1-e1620424014133-360x256.jpeg 360w, https:\/\/diarioregionaldigital.com.br\/wp-content\/uploads\/2021\/05\/fotob-1-e1620424014133-100x70.jpeg 100w\" sizes=\"auto, (max-width: 680px) 100vw, 680px\" \/><p id=\"caption-attachment-182073\" class=\"wp-caption-text\">No Dia das M\u00e3es Nini F\u00e9lix recebeu o carinho da filha Renata Cunha Rodrigues<\/p><\/div>\n<div id=\"attachment_182074\" style=\"width: 690px\" class=\"wp-caption aligncenter\"><img loading=\"lazy\" decoding=\"async\" aria-describedby=\"caption-attachment-182074\" class=\"wp-image-182074\" src=\"https:\/\/diarioregionaldigital.com.br\/wp-content\/uploads\/2021\/05\/fotobb-e1620424082802.jpeg\" alt=\"\" width=\"680\" height=\"504\" srcset=\"https:\/\/diarioregionaldigital.com.br\/wp-content\/uploads\/2021\/05\/fotobb-e1620424082802.jpeg 980w, https:\/\/diarioregionaldigital.com.br\/wp-content\/uploads\/2021\/05\/fotobb-e1620424082802-300x223.jpeg 300w, https:\/\/diarioregionaldigital.com.br\/wp-content\/uploads\/2021\/05\/fotobb-e1620424082802-768x570.jpeg 768w, https:\/\/diarioregionaldigital.com.br\/wp-content\/uploads\/2021\/05\/fotobb-e1620424082802-360x267.jpeg 360w\" sizes=\"auto, (max-width: 680px) 100vw, 680px\" \/><p id=\"caption-attachment-182074\" class=\"wp-caption-text\">Brindando todas as mam\u00e3es a elegante Regina Petermann<\/p><\/div>\n<div id=\"attachment_182075\" style=\"width: 690px\" class=\"wp-caption aligncenter\"><img loading=\"lazy\" decoding=\"async\" aria-describedby=\"caption-attachment-182075\" class=\"wp-image-182075\" src=\"https:\/\/diarioregionaldigital.com.br\/wp-content\/uploads\/2021\/05\/fotoc-4-e1620424119946.jpg\" alt=\"\" width=\"680\" height=\"486\" srcset=\"https:\/\/diarioregionaldigital.com.br\/wp-content\/uploads\/2021\/05\/fotoc-4-e1620424119946.jpg 540w, https:\/\/diarioregionaldigital.com.br\/wp-content\/uploads\/2021\/05\/fotoc-4-e1620424119946-300x214.jpg 300w, https:\/\/diarioregionaldigital.com.br\/wp-content\/uploads\/2021\/05\/fotoc-4-e1620424119946-360x257.jpg 360w, https:\/\/diarioregionaldigital.com.br\/wp-content\/uploads\/2021\/05\/fotoc-4-e1620424119946-100x70.jpg 100w\" sizes=\"auto, (max-width: 680px) 100vw, 680px\" \/><p id=\"caption-attachment-182075\" class=\"wp-caption-text\">A poderosa advogada Anna Ede no Dia das M\u00e3es com a filha Eleonora Oliveira<\/p><\/div>\n<div id=\"attachment_182076\" style=\"width: 690px\" class=\"wp-caption aligncenter\"><img loading=\"lazy\" decoding=\"async\" aria-describedby=\"caption-attachment-182076\" class=\"wp-image-182076\" src=\"https:\/\/diarioregionaldigital.com.br\/wp-content\/uploads\/2021\/05\/fotod-4-e1620425358696.jpg\" alt=\"\" width=\"680\" height=\"443\" srcset=\"https:\/\/diarioregionaldigital.com.br\/wp-content\/uploads\/2021\/05\/fotod-4-e1620425358696.jpg 510w, https:\/\/diarioregionaldigital.com.br\/wp-content\/uploads\/2021\/05\/fotod-4-e1620425358696-300x195.jpg 300w, https:\/\/diarioregionaldigital.com.br\/wp-content\/uploads\/2021\/05\/fotod-4-e1620425358696-360x234.jpg 360w\" sizes=\"auto, (max-width: 680px) 100vw, 680px\" \/><p id=\"caption-attachment-182076\" class=\"wp-caption-text\">A mam\u00e3e do ano a elegante La\u00eds Vieira com a filha Alice e o marido Leonardo Villela de Andrade<\/p><\/div>\n<div id=\"attachment_182077\" style=\"width: 690px\" class=\"wp-caption aligncenter\"><img loading=\"lazy\" decoding=\"async\" aria-describedby=\"caption-attachment-182077\" class=\"wp-image-182077\" src=\"https:\/\/diarioregionaldigital.com.br\/wp-content\/uploads\/2021\/05\/fotoe-4-e1620425521100.jpg\" alt=\"\" width=\"680\" height=\"487\" srcset=\"https:\/\/diarioregionaldigital.com.br\/wp-content\/uploads\/2021\/05\/fotoe-4-e1620425521100.jpg 955w, https:\/\/diarioregionaldigital.com.br\/wp-content\/uploads\/2021\/05\/fotoe-4-e1620425521100-300x215.jpg 300w, https:\/\/diarioregionaldigital.com.br\/wp-content\/uploads\/2021\/05\/fotoe-4-e1620425521100-768x550.jpg 768w, https:\/\/diarioregionaldigital.com.br\/wp-content\/uploads\/2021\/05\/fotoe-4-e1620425521100-360x258.jpg 360w\" sizes=\"auto, (max-width: 680px) 100vw, 680px\" \/><p id=\"caption-attachment-182077\" class=\"wp-caption-text\">A bonita mam\u00e3e empres\u00e1ria D\u00e9bora de Landa<\/p><\/div>\n<div id=\"attachment_182078\" style=\"width: 690px\" class=\"wp-caption aligncenter\"><img loading=\"lazy\" decoding=\"async\" aria-describedby=\"caption-attachment-182078\" class=\"wp-image-182078\" src=\"https:\/\/diarioregionaldigital.com.br\/wp-content\/uploads\/2021\/05\/fotof-4-e1620425564221.jpg\" alt=\"\" width=\"680\" height=\"496\" srcset=\"https:\/\/diarioregionaldigital.com.br\/wp-content\/uploads\/2021\/05\/fotof-4-e1620425564221.jpg 933w, https:\/\/diarioregionaldigital.com.br\/wp-content\/uploads\/2021\/05\/fotof-4-e1620425564221-300x219.jpg 300w, https:\/\/diarioregionaldigital.com.br\/wp-content\/uploads\/2021\/05\/fotof-4-e1620425564221-768x561.jpg 768w, https:\/\/diarioregionaldigital.com.br\/wp-content\/uploads\/2021\/05\/fotof-4-e1620425564221-360x263.jpg 360w\" sizes=\"auto, (max-width: 680px) 100vw, 680px\" \/><p id=\"caption-attachment-182078\" class=\"wp-caption-text\">A elegante mam\u00e3e Dalva Westermann<\/p><\/div>\n<div id=\"attachment_182079\" style=\"width: 690px\" class=\"wp-caption aligncenter\"><img loading=\"lazy\" decoding=\"async\" aria-describedby=\"caption-attachment-182079\" class=\"wp-image-182079\" src=\"https:\/\/diarioregionaldigital.com.br\/wp-content\/uploads\/2021\/05\/fotog-4-e1620425752435.jpg\" alt=\"\" width=\"680\" height=\"547\" srcset=\"https:\/\/diarioregionaldigital.com.br\/wp-content\/uploads\/2021\/05\/fotog-4-e1620425752435.jpg 1080w, https:\/\/diarioregionaldigital.com.br\/wp-content\/uploads\/2021\/05\/fotog-4-e1620425752435-300x241.jpg 300w, https:\/\/diarioregionaldigital.com.br\/wp-content\/uploads\/2021\/05\/fotog-4-e1620425752435-1024x824.jpg 1024w, https:\/\/diarioregionaldigital.com.br\/wp-content\/uploads\/2021\/05\/fotog-4-e1620425752435-768x618.jpg 768w, https:\/\/diarioregionaldigital.com.br\/wp-content\/uploads\/2021\/05\/fotog-4-e1620425752435-360x290.jpg 360w\" sizes=\"auto, (max-width: 680px) 100vw, 680px\" \/><p id=\"caption-attachment-182079\" class=\"wp-caption-text\">A mam\u00e3e guerreira, Lais D\u2019\u00c2ngela Gomes da Rocha<\/p><\/div>\n<div id=\"attachment_182080\" style=\"width: 690px\" class=\"wp-caption aligncenter\"><img loading=\"lazy\" decoding=\"async\" aria-describedby=\"caption-attachment-182080\" class=\"wp-image-182080\" src=\"https:\/\/diarioregionaldigital.com.br\/wp-content\/uploads\/2021\/05\/fotoh-4-e1620425796947.jpg\" alt=\"\" width=\"680\" height=\"481\" srcset=\"https:\/\/diarioregionaldigital.com.br\/wp-content\/uploads\/2021\/05\/fotoh-4-e1620425796947.jpg 923w, https:\/\/diarioregionaldigital.com.br\/wp-content\/uploads\/2021\/05\/fotoh-4-e1620425796947-300x212.jpg 300w, https:\/\/diarioregionaldigital.com.br\/wp-content\/uploads\/2021\/05\/fotoh-4-e1620425796947-768x543.jpg 768w, https:\/\/diarioregionaldigital.com.br\/wp-content\/uploads\/2021\/05\/fotoh-4-e1620425796947-750x530.jpg 750w, https:\/\/diarioregionaldigital.com.br\/wp-content\/uploads\/2021\/05\/fotoh-4-e1620425796947-360x255.jpg 360w, https:\/\/diarioregionaldigital.com.br\/wp-content\/uploads\/2021\/05\/fotoh-4-e1620425796947-100x70.jpg 100w\" sizes=\"auto, (max-width: 680px) 100vw, 680px\" \/><p id=\"caption-attachment-182080\" class=\"wp-caption-text\">A super m\u00e3e Myrliane Le\u00e3o com filhos, a jornalista Nicole Le\u00e3o e o advogado Diego Le\u00e3o<\/p><\/div>\n<div id=\"attachment_182082\" style=\"width: 690px\" class=\"wp-caption aligncenter\"><img loading=\"lazy\" decoding=\"async\" aria-describedby=\"caption-attachment-182082\" class=\"wp-image-182082\" src=\"https:\/\/diarioregionaldigital.com.br\/wp-content\/uploads\/2021\/05\/fotoj-e1620426149693.jpg\" alt=\"\" width=\"680\" height=\"514\" srcset=\"https:\/\/diarioregionaldigital.com.br\/wp-content\/uploads\/2021\/05\/fotoj-e1620426149693.jpg 1073w, https:\/\/diarioregionaldigital.com.br\/wp-content\/uploads\/2021\/05\/fotoj-e1620426149693-300x227.jpg 300w, https:\/\/diarioregionaldigital.com.br\/wp-content\/uploads\/2021\/05\/fotoj-e1620426149693-1024x774.jpg 1024w, https:\/\/diarioregionaldigital.com.br\/wp-content\/uploads\/2021\/05\/fotoj-e1620426149693-768x580.jpg 768w, https:\/\/diarioregionaldigital.com.br\/wp-content\/uploads\/2021\/05\/fotoj-e1620426149693-360x272.jpg 360w\" sizes=\"auto, (max-width: 680px) 100vw, 680px\" \/><p id=\"caption-attachment-182082\" class=\"wp-caption-text\">A mam\u00e3e escritora, Alice Gervason<\/p><\/div>\n<div id=\"attachment_182083\" style=\"width: 690px\" class=\"wp-caption aligncenter\"><img loading=\"lazy\" decoding=\"async\" aria-describedby=\"caption-attachment-182083\" class=\"wp-image-182083\" src=\"https:\/\/diarioregionaldigital.com.br\/wp-content\/uploads\/2021\/05\/fotol-e1620426209745.jpg\" alt=\"\" width=\"680\" height=\"521\" srcset=\"https:\/\/diarioregionaldigital.com.br\/wp-content\/uploads\/2021\/05\/fotol-e1620426209745.jpg 638w, https:\/\/diarioregionaldigital.com.br\/wp-content\/uploads\/2021\/05\/fotol-e1620426209745-300x230.jpg 300w, https:\/\/diarioregionaldigital.com.br\/wp-content\/uploads\/2021\/05\/fotol-e1620426209745-360x276.jpg 360w\" sizes=\"auto, (max-width: 680px) 100vw, 680px\" \/><p id=\"caption-attachment-182083\" class=\"wp-caption-text\">A super m\u00e3e cronista e atleta, Neuza Marsicano<\/p><\/div>\n<div id=\"attachment_182081\" style=\"width: 690px\" class=\"wp-caption aligncenter\"><img loading=\"lazy\" decoding=\"async\" aria-describedby=\"caption-attachment-182081\" class=\"wp-image-182081\" src=\"https:\/\/diarioregionaldigital.com.br\/wp-content\/uploads\/2021\/05\/fotoi-1-e1620425947799.jpg\" alt=\"\" width=\"680\" height=\"490\" srcset=\"https:\/\/diarioregionaldigital.com.br\/wp-content\/uploads\/2021\/05\/fotoi-1-e1620425947799.jpg 518w, https:\/\/diarioregionaldigital.com.br\/wp-content\/uploads\/2021\/05\/fotoi-1-e1620425947799-300x216.jpg 300w, https:\/\/diarioregionaldigital.com.br\/wp-content\/uploads\/2021\/05\/fotoi-1-e1620425947799-360x259.jpg 360w\" sizes=\"auto, (max-width: 680px) 100vw, 680px\" \/><p id=\"caption-attachment-182081\" class=\"wp-caption-text\">Confraterniza\u00e7\u00e3o no Cristo Redentor (RJ), com as irm\u00e3s, Karina, Roberta e Renata Cruz com as estrelinhas Maya e Mait\u00ea<\/p><\/div>\n<p style=\"text-align: center;\"><strong>FOTOSS\u00cdNTESE<\/strong><\/p>\n<p>Hoje, 9 de maio Dia das M\u00e3es um abra\u00e7o especial para Adelaide Rodrigues, C\u00e9lia Fassheber, Fl\u00e1via Arag\u00e3o Platz, Irene Barros, V\u00e2nia Ghedin, Sandra Portella, Marly Frizeiro, Suely Martoni, Jane Gouv\u00eaa Sotto Maior, Doralice oliveira, Gra\u00e7a Loures, Nequitz Miguel, Regina Petermann e Jane Arag\u00e3o.<\/p>\n<p>Em tempos de pandemia a C\u00e2mara Municipal de Juiz de Fora continua o ciclo de audi\u00eancias p\u00fablicas, pela via virtual.<\/p>\n<p>A Cesama tem super\u00e1vit, e PJF volta a descartar privatiza\u00e7\u00e3o. A situa\u00e7\u00e3o da empresa p\u00fablica foi discutida em audi\u00eancia na C\u00e2mara em meio a receios trazidos por novo marco regulat\u00f3rio do saneamento b\u00e1sico.<\/p>\n<p>Apesar do esfor\u00e7o das autoridades contra a pandemia, festas est\u00e3o acontecendo de forma clandestina em Juiz de Fora e em destinos tur\u00edsticos praianos festa rola como se n\u00e3o houvesse amanh\u00e3. Todos sem m\u00e1scaras e o \u00e1lcool vem em forma de vodka e wisky.<\/p>\n<p>A startup meu Clube Care vai chegando de mansinho apresentando benef\u00edcios de descontos atrativos em sa\u00fade.<\/p>\n<p>Dica: para o almo\u00e7o do \u201cDia das M\u00e3es\u201d o delicioso card\u00e1pio e sobremesas do Restaurantes Bras\u00e3o.<\/p>\n<p>Antenadissimo, Igo Silveira lan\u00e7ou o single duplo com \u201cAcanhar\u201d e \u201cPessoas ao vento\u201d fazendo enorme sucesso nas plataformas de streaming.<\/p>\n<p>Com transmiss\u00e3o pelo YouTube, o clarinetista e compositor Caetano Brasil participou do ViJazz e Blues Festival e arrasou.<\/p>\n<p>Um abra\u00e7o super especial para meus ex editores Carlos Alberto Lemos de Andrade e Wilson Cid. Unanimidades.<\/p>\n<p>Reforma Intima: Um diamante pode riscar todas as pedrinhas, mas as pedrinhas jamais poder\u00e3o riscar um diamante. Bom dia.<\/p>\n<p><img loading=\"lazy\" decoding=\"async\" class=\"aligncenter size-full wp-image-182084\" src=\"https:\/\/diarioregionaldigital.com.br\/wp-content\/uploads\/2021\/05\/anuncio8-scaled.jpg\" alt=\"\" width=\"2560\" height=\"487\" srcset=\"https:\/\/diarioregionaldigital.com.br\/wp-content\/uploads\/2021\/05\/anuncio8-scaled.jpg 2560w, https:\/\/diarioregionaldigital.com.br\/wp-content\/uploads\/2021\/05\/anuncio8-300x57.jpg 300w, https:\/\/diarioregionaldigital.com.br\/wp-content\/uploads\/2021\/05\/anuncio8-1024x195.jpg 1024w, https:\/\/diarioregionaldigital.com.br\/wp-content\/uploads\/2021\/05\/anuncio8-768x146.jpg 768w, https:\/\/diarioregionaldigital.com.br\/wp-content\/uploads\/2021\/05\/anuncio8-1536x292.jpg 1536w, https:\/\/diarioregionaldigital.com.br\/wp-content\/uploads\/2021\/05\/anuncio8-2048x390.jpg 2048w, https:\/\/diarioregionaldigital.com.br\/wp-content\/uploads\/2021\/05\/anuncio8-360x69.jpg 360w\" sizes=\"auto, (max-width: 2560px) 100vw, 2560px\" \/><\/p>\n","protected":false},"excerpt":{"rendered":"<p>Museu A Prefeitura de Juiz de Fora em momento \u00fanico prop\u00f5e sele\u00e7\u00e3o p\u00fablica para escolher o diretor do Museu Mariano Proc\u00f3pio. A sugest\u00e3o foi feita no \u00e2mbito da Mesa de Di\u00e1logo em busca de sanar o impasse para nomea\u00e7\u00e3o de novo superintendente. Direto O vice-presidente da OAB, Luiz Viana, lan\u00e7ou o manifesto \u201cOAB em Defesa [&hellip;]<\/p>\n","protected":false},"author":253,"featured_media":182096,"comment_status":"closed","ping_status":"closed","sticky":false,"template":"","format":"standard","meta":{"footnotes":""},"categories":[264],"tags":[],"class_list":["post-182090","post","type-post","status-publish","format-standard","has-post-thumbnail","hentry","category-eduardo-gomes"],"_links":{"self":[{"href":"https:\/\/diarioregionaldigital.com.br\/index.php?rest_route=\/wp\/v2\/posts\/182090","targetHints":{"allow":["GET"]}}],"collection":[{"href":"https:\/\/diarioregionaldigital.com.br\/index.php?rest_route=\/wp\/v2\/posts"}],"about":[{"href":"https:\/\/diarioregionaldigital.com.br\/index.php?rest_route=\/wp\/v2\/types\/post"}],"author":[{"embeddable":true,"href":"https:\/\/diarioregionaldigital.com.br\/index.php?rest_route=\/wp\/v2\/users\/253"}],"replies":[{"embeddable":true,"href":"https:\/\/diarioregionaldigital.com.br\/index.php?rest_route=%2Fwp%2Fv2%2Fcomments&post=182090"}],"version-history":[{"count":2,"href":"https:\/\/diarioregionaldigital.com.br\/index.php?rest_route=\/wp\/v2\/posts\/182090\/revisions"}],"predecessor-version":[{"id":182105,"href":"https:\/\/diarioregionaldigital.com.br\/index.php?rest_route=\/wp\/v2\/posts\/182090\/revisions\/182105"}],"wp:featuredmedia":[{"embeddable":true,"href":"https:\/\/diarioregionaldigital.com.br\/index.php?rest_route=\/wp\/v2\/media\/182096"}],"wp:attachment":[{"href":"https:\/\/diarioregionaldigital.com.br\/index.php?rest_route=%2Fwp%2Fv2%2Fmedia&parent=182090"}],"wp:term":[{"taxonomy":"category","embeddable":true,"href":"https:\/\/diarioregionaldigital.com.br\/index.php?rest_route=%2Fwp%2Fv2%2Fcategories&post=182090"},{"taxonomy":"post_tag","embeddable":true,"href":"https:\/\/diarioregionaldigital.com.br\/index.php?rest_route=%2Fwp%2Fv2%2Ftags&post=182090"}],"curies":[{"name":"wp","href":"https:\/\/api.w.org\/{rel}","templated":true}]}}