{"id":182088,"date":"2021-05-07T19:23:42","date_gmt":"2021-05-07T22:23:42","guid":{"rendered":"https:\/\/diarioregionaldigital.com.br\/?p=182088"},"modified":"2021-05-07T19:23:42","modified_gmt":"2021-05-07T22:23:42","slug":"igp-di-sobe-222-em-abril","status":"publish","type":"post","link":"https:\/\/diarioregionaldigital.com.br\/?p=182088","title":{"rendered":"IGP-DI sobe 2,22% em abril"},"content":{"rendered":"<p>O<strong>\u00a0\u00cdndice Geral de Pre\u00e7os \u2013 Disponibilidade Interna (IGP-DI)\u00a0<\/strong>\u00a0subiu 2,22% em abril, percentual superior ao apurado no m\u00eas anterior, quando havia registrado taxa de 2,17%. Com este resultado, o \u00edndice acumula alta de 10,38% no ano e de 33,46% em 12 meses. Em abril de 2020, o \u00edndice havia variado 0,05% e acumulava eleva\u00e7\u00e3o de 6,10% em 12 meses.<\/p>\n<p>\u201cAinda que os pre\u00e7os dos combust\u00edveis tenham apresentado queda em abril, tanto ao produtor, quanto ao consumidor, uma nova onda de aumentos entre commodities agr\u00edcolas e minerais voltou a acelerar a infla\u00e7\u00e3o ao produtor. As altas registradas nas taxas de varia\u00e7\u00e3o de Min\u00e9rio de ferro (4,63%), milho (11,03%) e soja (2,66%) responderam por 40% do resultado do IPA de abril\u201d, afirma Andr\u00e9 Braz, Coordenador dos \u00cdndices de Pre\u00e7os.<\/p>\n<p>O\u00a0<strong>\u00cdndice de Pre\u00e7os ao Produtor Amplo (IPA)<\/strong>\u00a0subiu 2,90% em abril, ante 2,59% em mar\u00e7o. Na an\u00e1lise por est\u00e1gios de processamento, a taxa do grupo Bens Finais variou de 2,30% em mar\u00e7o para 0,99% em abril. O principal respons\u00e1vel por este recuo foi o subgrupo combust\u00edveis para a produ\u00e7\u00e3o, cuja taxa passou de 13,32% para -1,23%. O \u00edndice de Bens Finais (ex), que resulta da exclus\u00e3o de alimentos in natura e combust\u00edveis para o consumo, subiu 1,80% em abril, contra 1,52% em mar\u00e7o.<\/p>\n<p>A taxa do grupo Bens Intermedi\u00e1rios passou de 4,04% em mar\u00e7o para 3,57% em abril. O principal respons\u00e1vel por esta alta menos intensa foi o subgrupo combust\u00edveis e lubrificantes para a produ\u00e7\u00e3o, cuja taxa passou de 11,73% para 3,11%. O \u00edndice de Bens Intermedi\u00e1rios (ex), calculado ap\u00f3s a exclus\u00e3o de combust\u00edveis e lubrificantes para a produ\u00e7\u00e3o, subiu 3,65% em abril, ante 2,91% no m\u00eas anterior.<\/p>\n<p>O est\u00e1gio das Mat\u00e9rias-Primas Brutas subiu 3,78% em abril. Em mar\u00e7o, a taxa havia registrado varia\u00e7\u00e3o de 1,61%. Contribu\u00edram para este movimento os seguintes itens: min\u00e9rio de ferro (0,70% para 4,63%), milho em gr\u00e3o (4,58% para 11,03%) e leite in natura (-2,26% para 2,66%). Em sentido oposto, vale citar caf\u00e9 em gr\u00e3o (7,16% para 1,23%), aves (4,16% para 2,40%) e cacau (1,32% para -8,09%).<\/p>\n<p>O\u00a0<strong>\u00cdndice de Pre\u00e7os ao Consumidor (IPC)\u00a0<\/strong>variou 0,23% em abril, contra 1,00% em mar\u00e7o. Tr\u00eas das oito classes de despesa componentes do \u00edndice registraram decr\u00e9scimo em suas taxas de varia\u00e7\u00e3o: Transporte (3,89% para -0,13%), Habita\u00e7\u00e3o (0,75% para 0,21%) e Educa\u00e7\u00e3o, Leitura e Recrea\u00e7\u00e3o (-0,37% para -0,75%). Nestas classes de despesa, vale mencionar o comportamento dos seguintes itens: gasolina (11,05% para -0,62%), tarifa de eletricidade residencial (1,02% para -0,45%) e passagem a\u00e9rea (-2,73% para -6,51%).<\/p>\n<p>Em contrapartida, os grupos Sa\u00fade e Cuidados Pessoais (0,57% para 1,07%), Alimenta\u00e7\u00e3o (0,03% para 0,32%), Comunica\u00e7\u00e3o (0,01% para 0,66%), Vestu\u00e1rio (0,11% para 0,19%) e Despesas Diversas (0,22% para 0,27%) apresentaram acr\u00e9scimo em suas taxas de varia\u00e7\u00e3o. Estas classes de despesa foram influenciadas pelos seguintes itens: medicamentos em geral (0,20% para 2,35%), latic\u00ednios (-0,87% para 1,14%), combo de telefonia, internet e TV por assinatura (-0,01% para 1,50%), roupas (-0,06% para 0,22%) e servi\u00e7os banc\u00e1rios (0,05% para 0,30%).<\/p>\n<p><strong>N\u00facleo do IPC e \u00cdndice de Difus\u00e3o<\/strong><\/p>\n<p>O n\u00facleo do IPC registrou taxa de 0,37% em abril, ante 0,31% no m\u00eas anterior. Dos 85 itens componentes do IPC, 35 foram exclu\u00eddos do c\u00e1lculo do n\u00facleo. Destes, 23 apresentaram taxas abaixo de 0,08%, linha de corte inferior, e 12 registraram varia\u00e7\u00f5es acima de 0,92%, linha de corte superior. O \u00edndice de difus\u00e3o, que mede a propor\u00e7\u00e3o de itens com taxa de varia\u00e7\u00e3o positiva, ficou em 65,48%, 0,32 ponto percentual acima do registrado em mar\u00e7o, quando o \u00edndice foi de 65,16%.<\/p>\n<p>O\u00a0<strong>\u00cdndice Nacional de Custo da Constru\u00e7\u00e3o (INCC)<\/strong>\u00a0variou 0,90% em abril, ante 1,30% no m\u00eas anterior. Os tr\u00eas grupos componentes do INCC registraram as seguintes varia\u00e7\u00f5es na passagem de mar\u00e7o para abril: Materiais e Equipamentos (2,84% para 1,99%), Servi\u00e7os (0,74% para 0,88%) e M\u00e3o de Obra (0,16% para 0,00%).<\/p>\n<p><span style=\"font-weight: 400;\">Fonte: FGV<\/span><\/p>\n","protected":false},"excerpt":{"rendered":"<p>O\u00a0\u00cdndice Geral de Pre\u00e7os \u2013 Disponibilidade Interna (IGP-DI)\u00a0\u00a0subiu 2,22% em abril, percentual superior ao apurado no m\u00eas anterior, quando havia registrado taxa de 2,17%. Com este resultado, o \u00edndice acumula alta de 10,38% no ano e de 33,46% em 12 meses. Em abril de 2020, o \u00edndice havia variado 0,05% e acumulava eleva\u00e7\u00e3o de 6,10% [&hellip;]<\/p>\n","protected":false},"author":246,"featured_media":182089,"comment_status":"closed","ping_status":"closed","sticky":false,"template":"","format":"standard","meta":{"footnotes":""},"categories":[436,440,261,439],"tags":[],"class_list":["post-182088","post","type-post","status-publish","format-standard","has-post-thumbnail","hentry","category-destaque-da-semana","category-destaques-do-dia","category-economia","category-ultima-hora"],"_links":{"self":[{"href":"https:\/\/diarioregionaldigital.com.br\/index.php?rest_route=\/wp\/v2\/posts\/182088","targetHints":{"allow":["GET"]}}],"collection":[{"href":"https:\/\/diarioregionaldigital.com.br\/index.php?rest_route=\/wp\/v2\/posts"}],"about":[{"href":"https:\/\/diarioregionaldigital.com.br\/index.php?rest_route=\/wp\/v2\/types\/post"}],"author":[{"embeddable":true,"href":"https:\/\/diarioregionaldigital.com.br\/index.php?rest_route=\/wp\/v2\/users\/246"}],"replies":[{"embeddable":true,"href":"https:\/\/diarioregionaldigital.com.br\/index.php?rest_route=%2Fwp%2Fv2%2Fcomments&post=182088"}],"version-history":[{"count":1,"href":"https:\/\/diarioregionaldigital.com.br\/index.php?rest_route=\/wp\/v2\/posts\/182088\/revisions"}],"predecessor-version":[{"id":182091,"href":"https:\/\/diarioregionaldigital.com.br\/index.php?rest_route=\/wp\/v2\/posts\/182088\/revisions\/182091"}],"wp:featuredmedia":[{"embeddable":true,"href":"https:\/\/diarioregionaldigital.com.br\/index.php?rest_route=\/wp\/v2\/media\/182089"}],"wp:attachment":[{"href":"https:\/\/diarioregionaldigital.com.br\/index.php?rest_route=%2Fwp%2Fv2%2Fmedia&parent=182088"}],"wp:term":[{"taxonomy":"category","embeddable":true,"href":"https:\/\/diarioregionaldigital.com.br\/index.php?rest_route=%2Fwp%2Fv2%2Fcategories&post=182088"},{"taxonomy":"post_tag","embeddable":true,"href":"https:\/\/diarioregionaldigital.com.br\/index.php?rest_route=%2Fwp%2Fv2%2Ftags&post=182088"}],"curies":[{"name":"wp","href":"https:\/\/api.w.org\/{rel}","templated":true}]}}