{"id":182067,"date":"2021-05-07T13:38:54","date_gmt":"2021-05-07T16:38:54","guid":{"rendered":"https:\/\/diarioregionaldigital.com.br\/?p=182067"},"modified":"2021-05-07T13:38:54","modified_gmt":"2021-05-07T16:38:54","slug":"covid-19-municipio-contabiliza-11-mortes-nas-ultimas-24h","status":"publish","type":"post","link":"https:\/\/diarioregionaldigital.com.br\/?p=182067","title":{"rendered":"Covid-19: Munic\u00edpio contabiliza 11 mortes nas \u00faltimas 24h"},"content":{"rendered":"<p>O novo boletim epidemiol\u00f3gico divulgado nesta quinta-feira (06) pela Secretaria de Sa\u00fade (SS) da Prefeitura de Juiz de Fora (PJF), aponta que o munic\u00edpio contabilizou mais 196 novos casos por Coronav\u00edrus, totalizando 30.654 pessoas infectadas. Segundo o levantamento, foram notificados mais 11 mortes, acumulando 1.479 vidas perdidas e 493 pacientes est\u00e3o suspeitos de terem a doen\u00e7a.<\/p>\n<p><b>Leitos\u00a0<\/b><\/p>\n<p>Segundo informa\u00e7\u00f5es da PJF, 393 pessoas est\u00e3o hospitalizadas por covid-19 no munic\u00edpio. Ao todo, 163 pacientes ocupam leitos de UTI (p\u00fablico e privado) e 230 de enfermaria. A taxa de ocupa\u00e7\u00e3o dos leitos de UTI da rede p\u00fablica \u00e9 de 70,24 %. J\u00e1 os leitos de Enfermaria do Sus 66,06 % est\u00e3o ocupados.<\/p>\n","protected":false},"excerpt":{"rendered":"<p>O novo boletim epidemiol\u00f3gico divulgado nesta quinta-feira (06) pela Secretaria de Sa\u00fade (SS) da Prefeitura de Juiz de Fora (PJF), aponta que o munic\u00edpio contabilizou mais 196 novos casos por Coronav\u00edrus, totalizando 30.654 pessoas infectadas. Segundo o levantamento, foram notificados mais 11 mortes, acumulando 1.479 vidas perdidas e 493 pacientes est\u00e3o suspeitos de terem a [&hellip;]<\/p>\n","protected":false},"author":246,"featured_media":181859,"comment_status":"closed","ping_status":"closed","sticky":false,"template":"","format":"standard","meta":{"footnotes":""},"categories":[253,440],"tags":[],"class_list":["post-182067","post","type-post","status-publish","format-standard","has-post-thumbnail","hentry","category-cidade","category-destaques-do-dia"],"_links":{"self":[{"href":"https:\/\/diarioregionaldigital.com.br\/index.php?rest_route=\/wp\/v2\/posts\/182067","targetHints":{"allow":["GET"]}}],"collection":[{"href":"https:\/\/diarioregionaldigital.com.br\/index.php?rest_route=\/wp\/v2\/posts"}],"about":[{"href":"https:\/\/diarioregionaldigital.com.br\/index.php?rest_route=\/wp\/v2\/types\/post"}],"author":[{"embeddable":true,"href":"https:\/\/diarioregionaldigital.com.br\/index.php?rest_route=\/wp\/v2\/users\/246"}],"replies":[{"embeddable":true,"href":"https:\/\/diarioregionaldigital.com.br\/index.php?rest_route=%2Fwp%2Fv2%2Fcomments&post=182067"}],"version-history":[{"count":1,"href":"https:\/\/diarioregionaldigital.com.br\/index.php?rest_route=\/wp\/v2\/posts\/182067\/revisions"}],"predecessor-version":[{"id":182068,"href":"https:\/\/diarioregionaldigital.com.br\/index.php?rest_route=\/wp\/v2\/posts\/182067\/revisions\/182068"}],"wp:featuredmedia":[{"embeddable":true,"href":"https:\/\/diarioregionaldigital.com.br\/index.php?rest_route=\/wp\/v2\/media\/181859"}],"wp:attachment":[{"href":"https:\/\/diarioregionaldigital.com.br\/index.php?rest_route=%2Fwp%2Fv2%2Fmedia&parent=182067"}],"wp:term":[{"taxonomy":"category","embeddable":true,"href":"https:\/\/diarioregionaldigital.com.br\/index.php?rest_route=%2Fwp%2Fv2%2Fcategories&post=182067"},{"taxonomy":"post_tag","embeddable":true,"href":"https:\/\/diarioregionaldigital.com.br\/index.php?rest_route=%2Fwp%2Fv2%2Ftags&post=182067"}],"curies":[{"name":"wp","href":"https:\/\/api.w.org\/{rel}","templated":true}]}}