{"id":182064,"date":"2021-05-07T13:35:20","date_gmt":"2021-05-07T16:35:20","guid":{"rendered":"https:\/\/diarioregionaldigital.com.br\/?p=182064"},"modified":"2021-05-07T13:35:20","modified_gmt":"2021-05-07T16:35:20","slug":"minas-gerais-ultrapassa-a-marca-de-1-milhao-e-400-mil-notificacoes-por-covid-19","status":"publish","type":"post","link":"https:\/\/diarioregionaldigital.com.br\/?p=182064","title":{"rendered":"Minas Gerais ultrapassa a marca de 1 milh\u00e3o e 400 mil notifica\u00e7\u00f5es por Covid-19"},"content":{"rendered":"<p>A Secretaria de Estado da Sa\u00fade de Minas Gerais (SES-MG), publicou nesta quinta-feira (06), o novo <a href=\"https:\/\/coronavirus.saude.mg.gov.br\/images\/1_2021\/05-maio\/07.05.21COVID-19_-_BOLETIM.pdf\">boletim<\/a> referente ao Coronav\u00edrus. O levantamento aponta que o estado notificou mais 7.685 novos casos da doen\u00e7a, totalizando 1.404.219 pessoas infectadas. Os dados indicam que foram registradas mais 259 mortes, contabilizando 35.424 \u00f3bitos.<\/p>\n<p>Al\u00e9m disso, 1.293.875 pacientes est\u00e3o recuperados da doen\u00e7a, representando 92,1 % dos casos. Quanto aos dados de hospitaliza\u00e7\u00e3o, 121.337 estiveram internados e 1.282.882 estiveram em isolamento domiciliar. At\u00e9 o momento, 3.630.093 pessoas receberam a primeira dose da vacina e 1.866.488 a segunda.<\/p>\n","protected":false},"excerpt":{"rendered":"<p>A Secretaria de Estado da Sa\u00fade de Minas Gerais (SES-MG), publicou nesta quinta-feira (06), o novo boletim referente ao Coronav\u00edrus. O levantamento aponta que o estado notificou mais 7.685 novos casos da doen\u00e7a, totalizando 1.404.219 pessoas infectadas. Os dados indicam que foram registradas mais 259 mortes, contabilizando 35.424 \u00f3bitos. Al\u00e9m disso, 1.293.875 pacientes est\u00e3o recuperados [&hellip;]<\/p>\n","protected":false},"author":246,"featured_media":182065,"comment_status":"closed","ping_status":"closed","sticky":false,"template":"","format":"standard","meta":{"footnotes":""},"categories":[252],"tags":[],"class_list":["post-182064","post","type-post","status-publish","format-standard","has-post-thumbnail","hentry","category-regiao"],"_links":{"self":[{"href":"https:\/\/diarioregionaldigital.com.br\/index.php?rest_route=\/wp\/v2\/posts\/182064","targetHints":{"allow":["GET"]}}],"collection":[{"href":"https:\/\/diarioregionaldigital.com.br\/index.php?rest_route=\/wp\/v2\/posts"}],"about":[{"href":"https:\/\/diarioregionaldigital.com.br\/index.php?rest_route=\/wp\/v2\/types\/post"}],"author":[{"embeddable":true,"href":"https:\/\/diarioregionaldigital.com.br\/index.php?rest_route=\/wp\/v2\/users\/246"}],"replies":[{"embeddable":true,"href":"https:\/\/diarioregionaldigital.com.br\/index.php?rest_route=%2Fwp%2Fv2%2Fcomments&post=182064"}],"version-history":[{"count":1,"href":"https:\/\/diarioregionaldigital.com.br\/index.php?rest_route=\/wp\/v2\/posts\/182064\/revisions"}],"predecessor-version":[{"id":182066,"href":"https:\/\/diarioregionaldigital.com.br\/index.php?rest_route=\/wp\/v2\/posts\/182064\/revisions\/182066"}],"wp:featuredmedia":[{"embeddable":true,"href":"https:\/\/diarioregionaldigital.com.br\/index.php?rest_route=\/wp\/v2\/media\/182065"}],"wp:attachment":[{"href":"https:\/\/diarioregionaldigital.com.br\/index.php?rest_route=%2Fwp%2Fv2%2Fmedia&parent=182064"}],"wp:term":[{"taxonomy":"category","embeddable":true,"href":"https:\/\/diarioregionaldigital.com.br\/index.php?rest_route=%2Fwp%2Fv2%2Fcategories&post=182064"},{"taxonomy":"post_tag","embeddable":true,"href":"https:\/\/diarioregionaldigital.com.br\/index.php?rest_route=%2Fwp%2Fv2%2Ftags&post=182064"}],"curies":[{"name":"wp","href":"https:\/\/api.w.org\/{rel}","templated":true}]}}