{"id":182062,"date":"2021-05-07T13:39:50","date_gmt":"2021-05-07T16:39:50","guid":{"rendered":"https:\/\/diarioregionaldigital.com.br\/?p=182062"},"modified":"2021-05-07T13:39:50","modified_gmt":"2021-05-07T16:39:50","slug":"policia-civil-realiza-saturacao-de-zonas-quentes-de-criminalidade-em-juiz-de-fora","status":"publish","type":"post","link":"https:\/\/diarioregionaldigital.com.br\/?p=182062","title":{"rendered":"Pol\u00edcia Civil realiza satura\u00e7\u00e3o de zonas quentes de criminalidade em Juiz de Fora"},"content":{"rendered":"<p>A PCMG, na noite desta quinta-feira (07\/5) e madrugada de sexta (08\/05), realizou opera\u00e7\u00e3o policial com o objetivo de identificar autores de roubos e furtos em diversas regi\u00f5es da cidade. A a\u00e7\u00e3o foi realizada pela 1\u00aa delegacia regional de Juiz de Fora, atrav\u00e9s da delegacia especializada de repress\u00e3o a roubos, com apoio de policiais da inspetoria regional, 7\u00aa delegacia distrital, n\u00facleo de acervo cartor\u00e1rio e setor de intelig\u00eancia.<br \/>\nNa noite de quinta feira e madrugada de sexta os policiais civis sa\u00edram as ruas de Juiz de Fora, buscando identificar e qualificar suspeitos de delitos patrimoniais e realizando incurs\u00f5es em regi\u00f5es com maiores \u00edndices de criminalidade.<\/p>\n<p><strong>Mapeamento das \u00e1reas com maiores \u00edndices de crimes patrimoniais<\/strong><\/p>\n<p>Segundo informa\u00e7\u00f5es da assessoria, a a\u00e7\u00e3o realizada nesta noite e madrugada foi fruto de levantamentos dos policiais da Delegacia Especializada de Repress\u00e3o a Roubos e do setor de Intelig\u00eancia Policial, os quais analisaram as ocorr\u00eancias policiais, verificando os locais de maior incid\u00eancia dos delitos patrimoniais, verificando tamb\u00e9m os hor\u00e1rios de maior incid\u00eancia desses crimes. De posse dessas informa\u00e7\u00f5es, foi elaborado um mapa com os pontos mais cr\u00edticos os quais foram alvo da satura\u00e7\u00e3o nesta noite.<br \/>\nConforme o levantamento feito, os bairros com maiores \u00edndices de delitos patrimoniais s\u00e3o Bom Pastor, Centro e Benfica, sendo que em todos estes casos, os crimes ocorrem, em sua grande maioria, no per\u00edodo da noite, hor\u00e1rio em que h\u00e1 menor fluxo de pessoas.<\/p>\n<p><strong>An\u00e1lise do perfil dos criminosos<\/strong><\/p>\n<p>Apura\u00e7\u00f5es feitas, indicaram que a maior parte dos crimes cometidos, s\u00e3o realizados por usu\u00e1rios de drogas que perambulam nas imedia\u00e7\u00f5es destes locais.<br \/>\n&#8220;Atrav\u00e9s do mapa criado pelos investigadores, foi poss\u00edvel ver claramente a influ\u00eancia dos pontos de aglomera\u00e7\u00e3o de usu\u00e1rios de drogas na ocorr\u00eancia destes delitos&#8221;, afirmou o delegado Rog\u00e9rio Woyame, titular da DERR.<\/p>\n<p><strong>Investiga\u00e7\u00e3o de 27 roubos<\/strong><\/p>\n<p>Com os elementos de investiga\u00e7\u00e3o arrecadados com a a\u00e7\u00e3o de hoje, a delegacia especializada de roubos coletou informa\u00e7\u00f5es que podem auxiliar na apura\u00e7\u00e3o de no m\u00ednimo 27 roubos que estavam sob investiga\u00e7\u00e3o. &#8221; Esse tipo de crime, praticado por pessoas sem resid\u00eancia fixa, torna-se de dif\u00edcil apura\u00e7\u00e3o, pois em muitos casos a pol\u00edcia tem grande dificuldade de localizar o suspeito, uma vez que este n\u00e3o possui resid\u00eancia fixa. Por isso consideramos que a a\u00e7\u00e3o de hoje foi bastante produtiva&#8221;, ressaltou a delegada Camilla Miller, titular da 7\u00aa delegacia, respons\u00e1vel pela regi\u00e3o central da cidade.<br \/>\nForam identificados, atrav\u00e9s desta opera\u00e7\u00e3o, 18 suspeitos de roubos e furtos nessas regi\u00f5es e tal dilig\u00eancia poder\u00e1 resultar na expedi\u00e7\u00e3o de diversos mandados de pris\u00e3o nos inqu\u00e9ritos de que tais pessoas s\u00e3o alvo.<\/p>\n<p><strong>Sensa\u00e7\u00e3o de Seguran\u00e7a e Efeito Preventivo<\/strong><\/p>\n<p>&#8220;Al\u00e9m da sensa\u00e7\u00e3o de seguran\u00e7a passada a popula\u00e7\u00e3o por ver a pol\u00edcia realizando incurs\u00f5es durante a noite e madrugada, hor\u00e1rios em que est\u00e3o ocorrendo a maior parte dos crimes, h\u00e1 tamb\u00e9m um efeito preventivo nestas opera\u00e7\u00f5es. O fato de um indiv\u00edduo, que est\u00e1 inserido no meio criminoso, ser abordado e qualificado pelos policiais, j\u00e1 diminui sua ousadia em praticar os delitos. Desta maneira, esperamos reflexos muito positivos nos \u00edndices de delitos patrimoniais nestas regi\u00f5es&#8221;, destacou o delegado Rog\u00e9rio Woyame.<br \/>\nAl\u00e9m da identifica\u00e7\u00e3o dos suspeitos e produ\u00e7\u00e3o de provas para os inqu\u00e9ritos, a opera\u00e7\u00e3o desta noite e madrugada resultou na apreens\u00e3o de facas e outros objetos perfuro cortantes e uma m\u00e1scara que pode ter sido utilizada para pr\u00e1tica de roubos.<\/p>\n","protected":false},"excerpt":{"rendered":"<p>A PCMG, na noite desta quinta-feira (07\/5) e madrugada de sexta (08\/05), realizou opera\u00e7\u00e3o policial com o objetivo de identificar autores de roubos e furtos em diversas regi\u00f5es da cidade. A a\u00e7\u00e3o foi realizada pela 1\u00aa delegacia regional de Juiz de Fora, atrav\u00e9s da delegacia especializada de repress\u00e3o a roubos, com apoio de policiais da [&hellip;]<\/p>\n","protected":false},"author":246,"featured_media":182063,"comment_status":"closed","ping_status":"closed","sticky":false,"template":"","format":"standard","meta":{"footnotes":""},"categories":[301,1229],"tags":[],"class_list":["post-182062","post","type-post","status-publish","format-standard","has-post-thumbnail","hentry","category-artigos-policiais","category-policial"],"_links":{"self":[{"href":"https:\/\/diarioregionaldigital.com.br\/index.php?rest_route=\/wp\/v2\/posts\/182062","targetHints":{"allow":["GET"]}}],"collection":[{"href":"https:\/\/diarioregionaldigital.com.br\/index.php?rest_route=\/wp\/v2\/posts"}],"about":[{"href":"https:\/\/diarioregionaldigital.com.br\/index.php?rest_route=\/wp\/v2\/types\/post"}],"author":[{"embeddable":true,"href":"https:\/\/diarioregionaldigital.com.br\/index.php?rest_route=\/wp\/v2\/users\/246"}],"replies":[{"embeddable":true,"href":"https:\/\/diarioregionaldigital.com.br\/index.php?rest_route=%2Fwp%2Fv2%2Fcomments&post=182062"}],"version-history":[{"count":1,"href":"https:\/\/diarioregionaldigital.com.br\/index.php?rest_route=\/wp\/v2\/posts\/182062\/revisions"}],"predecessor-version":[{"id":182069,"href":"https:\/\/diarioregionaldigital.com.br\/index.php?rest_route=\/wp\/v2\/posts\/182062\/revisions\/182069"}],"wp:featuredmedia":[{"embeddable":true,"href":"https:\/\/diarioregionaldigital.com.br\/index.php?rest_route=\/wp\/v2\/media\/182063"}],"wp:attachment":[{"href":"https:\/\/diarioregionaldigital.com.br\/index.php?rest_route=%2Fwp%2Fv2%2Fmedia&parent=182062"}],"wp:term":[{"taxonomy":"category","embeddable":true,"href":"https:\/\/diarioregionaldigital.com.br\/index.php?rest_route=%2Fwp%2Fv2%2Fcategories&post=182062"},{"taxonomy":"post_tag","embeddable":true,"href":"https:\/\/diarioregionaldigital.com.br\/index.php?rest_route=%2Fwp%2Fv2%2Ftags&post=182062"}],"curies":[{"name":"wp","href":"https:\/\/api.w.org\/{rel}","templated":true}]}}