{"id":182048,"date":"2021-05-07T06:00:36","date_gmt":"2021-05-07T09:00:36","guid":{"rendered":"https:\/\/diarioregionaldigital.com.br\/?p=182048"},"modified":"2021-05-07T00:36:33","modified_gmt":"2021-05-07T03:36:33","slug":"trama-de-amor","status":"publish","type":"post","link":"https:\/\/diarioregionaldigital.com.br\/?p=182048","title":{"rendered":"Trama de Amor"},"content":{"rendered":"<p style=\"text-align: center;\"><strong>Sucesso<\/strong><\/p>\n<p style=\"text-align: center;\">Causou impacto na plataforma Zoom a live que a diretoria social da Amesc\/JF . Com participa\u00e7\u00e3o do advogado Val\u00e9rio Ribeiro e o deputado federal Hiran Gon\u00e7alves, o tema desenvolvido foi \u201cRevalida remunera\u00e7\u00e3o m\u00e9dica e atual contexto m\u00e9dico no Brasil\u201d.<\/p>\n<p style=\"text-align: center;\"><strong>Trama de Amor<\/strong><\/p>\n<p style=\"text-align: center;\">A marca Maria Fil\u00f3 celebra o Dia das M\u00e3es com ensaio de fotos em fam\u00edlia e reverencia o tric\u00f4. Segundo C\u00e9lia Os\u00f3rio que possui atividade h\u00e1 24 anos, \u201cmuitas vezes, o tric\u00f4 que representa uni\u00e3o e acolhimento, \u00e9 feito por fam\u00edlias que traduz muito dos nossos valores\u201d, Concordo.<\/p>\n<p style=\"text-align: center;\"><strong> Voc\u00ea Sabia?<\/strong><\/p>\n<p style=\"text-align: center;\">A jornada de lutas de Abril Vermelho contou com mais de 100 atos simb\u00f3licos em 24 Estados. J\u00e1 a # Semana da Europa acontece dias 12 e 13 de maio.<\/p>\n<p style=\"text-align: center;\"><strong>Moda Show<\/strong><\/p>\n<p style=\"text-align: center;\">A grife Paradise , da dupla Thomas Azulay e Patrick Doering, revirou novamente os arquivos da ic\u00f4nica Yes Brasil e trouxe de volta, \u00e0 sua maneira a estampa esquadros, que marcou a cole\u00e7\u00e3o de ver\u00e3o 1997 da etiqueta. A print tem elementos gr\u00e1ficos e um certo brilho acetinado. Um luxo!<\/p>\n<div id=\"attachment_182039\" style=\"width: 690px\" class=\"wp-caption aligncenter\"><img loading=\"lazy\" decoding=\"async\" aria-describedby=\"caption-attachment-182039\" class=\"wp-image-182039\" src=\"https:\/\/diarioregionaldigital.com.br\/wp-content\/uploads\/2021\/05\/fotoa-2-e1620358053696.jpg\" alt=\"\" width=\"680\" height=\"553\" srcset=\"https:\/\/diarioregionaldigital.com.br\/wp-content\/uploads\/2021\/05\/fotoa-2-e1620358053696.jpg 576w, https:\/\/diarioregionaldigital.com.br\/wp-content\/uploads\/2021\/05\/fotoa-2-e1620358053696-300x244.jpg 300w, https:\/\/diarioregionaldigital.com.br\/wp-content\/uploads\/2021\/05\/fotoa-2-e1620358053696-220x180.jpg 220w, https:\/\/diarioregionaldigital.com.br\/wp-content\/uploads\/2021\/05\/fotoa-2-e1620358053696-360x293.jpg 360w\" sizes=\"auto, (max-width: 680px) 100vw, 680px\" \/><p id=\"caption-attachment-182039\" class=\"wp-caption-text\">Gente que faz sucesso em destaque: os arquitetos Sumara Rosa, Luiz Duque, Rodrigo B\u00edssoli com o cabelereiro Jorge Modesto e o bailarino Alex Dias<\/p><\/div>\n<div id=\"attachment_182040\" style=\"width: 690px\" class=\"wp-caption aligncenter\"><img loading=\"lazy\" decoding=\"async\" aria-describedby=\"caption-attachment-182040\" class=\"wp-image-182040\" src=\"https:\/\/diarioregionaldigital.com.br\/wp-content\/uploads\/2021\/05\/fotob-3-e1620358074100.jpg\" alt=\"\" width=\"680\" height=\"549\" srcset=\"https:\/\/diarioregionaldigital.com.br\/wp-content\/uploads\/2021\/05\/fotob-3-e1620358074100.jpg 509w, https:\/\/diarioregionaldigital.com.br\/wp-content\/uploads\/2021\/05\/fotob-3-e1620358074100-300x242.jpg 300w, https:\/\/diarioregionaldigital.com.br\/wp-content\/uploads\/2021\/05\/fotob-3-e1620358074100-360x291.jpg 360w\" sizes=\"auto, (max-width: 680px) 100vw, 680px\" \/><p id=\"caption-attachment-182040\" class=\"wp-caption-text\">O jovem Lucas Bonoto se destacando na sociedade local<\/p><\/div>\n<div id=\"attachment_182041\" style=\"width: 690px\" class=\"wp-caption aligncenter\"><img loading=\"lazy\" decoding=\"async\" aria-describedby=\"caption-attachment-182041\" class=\"wp-image-182041\" src=\"https:\/\/diarioregionaldigital.com.br\/wp-content\/uploads\/2021\/05\/fotoc-3-e1620358092796.jpg\" alt=\"\" width=\"680\" height=\"505\" srcset=\"https:\/\/diarioregionaldigital.com.br\/wp-content\/uploads\/2021\/05\/fotoc-3-e1620358092796.jpg 463w, https:\/\/diarioregionaldigital.com.br\/wp-content\/uploads\/2021\/05\/fotoc-3-e1620358092796-300x223.jpg 300w, https:\/\/diarioregionaldigital.com.br\/wp-content\/uploads\/2021\/05\/fotoc-3-e1620358092796-360x267.jpg 360w\" sizes=\"auto, (max-width: 680px) 100vw, 680px\" \/><p id=\"caption-attachment-182041\" class=\"wp-caption-text\">A bonita Val Mancini Dias brilhando por onde passa<\/p><\/div>\n<div id=\"attachment_182042\" style=\"width: 690px\" class=\"wp-caption aligncenter\"><img loading=\"lazy\" decoding=\"async\" aria-describedby=\"caption-attachment-182042\" class=\"wp-image-182042\" src=\"https:\/\/diarioregionaldigital.com.br\/wp-content\/uploads\/2021\/05\/fotod-3-e1620358111508.jpg\" alt=\"\" width=\"680\" height=\"479\" srcset=\"https:\/\/diarioregionaldigital.com.br\/wp-content\/uploads\/2021\/05\/fotod-3-e1620358111508.jpg 751w, https:\/\/diarioregionaldigital.com.br\/wp-content\/uploads\/2021\/05\/fotod-3-e1620358111508-300x210.jpg 300w, https:\/\/diarioregionaldigital.com.br\/wp-content\/uploads\/2021\/05\/fotod-3-e1620358111508-360x254.jpg 360w, https:\/\/diarioregionaldigital.com.br\/wp-content\/uploads\/2021\/05\/fotod-3-e1620358111508-100x70.jpg 100w\" sizes=\"auto, (max-width: 680px) 100vw, 680px\" \/><p id=\"caption-attachment-182042\" class=\"wp-caption-text\">Gente do bem em encontro festivo, Alexandra Caniato, Markson Caniato (Bil\u00fa) e Ana L\u00facia Caniato<\/p><\/div>\n<div id=\"attachment_182043\" style=\"width: 690px\" class=\"wp-caption aligncenter\"><img loading=\"lazy\" decoding=\"async\" aria-describedby=\"caption-attachment-182043\" class=\"wp-image-182043\" src=\"https:\/\/diarioregionaldigital.com.br\/wp-content\/uploads\/2021\/05\/fotoe-3-e1620358132124.jpg\" alt=\"\" width=\"680\" height=\"487\" srcset=\"https:\/\/diarioregionaldigital.com.br\/wp-content\/uploads\/2021\/05\/fotoe-3-e1620358132124.jpg 492w, https:\/\/diarioregionaldigital.com.br\/wp-content\/uploads\/2021\/05\/fotoe-3-e1620358132124-300x215.jpg 300w, https:\/\/diarioregionaldigital.com.br\/wp-content\/uploads\/2021\/05\/fotoe-3-e1620358132124-360x258.jpg 360w\" sizes=\"auto, (max-width: 680px) 100vw, 680px\" \/><p id=\"caption-attachment-182043\" class=\"wp-caption-text\">No Rio de Janeiro, o show n\u00e3o pode parar com Amanda Valle, Jeycow Ferraz e Mathlen Carinho<\/p><\/div>\n<div id=\"attachment_182044\" style=\"width: 690px\" class=\"wp-caption aligncenter\"><img loading=\"lazy\" decoding=\"async\" aria-describedby=\"caption-attachment-182044\" class=\"wp-image-182044\" src=\"https:\/\/diarioregionaldigital.com.br\/wp-content\/uploads\/2021\/05\/fotof-3-e1620358153649.jpg\" alt=\"\" width=\"680\" height=\"494\" srcset=\"https:\/\/diarioregionaldigital.com.br\/wp-content\/uploads\/2021\/05\/fotof-3-e1620358153649.jpg 523w, https:\/\/diarioregionaldigital.com.br\/wp-content\/uploads\/2021\/05\/fotof-3-e1620358153649-300x218.jpg 300w, https:\/\/diarioregionaldigital.com.br\/wp-content\/uploads\/2021\/05\/fotof-3-e1620358153649-360x262.jpg 360w\" sizes=\"auto, (max-width: 680px) 100vw, 680px\" \/><p id=\"caption-attachment-182044\" class=\"wp-caption-text\">Mulheres lindas e empoderadas: Irene Barros e Evelyn Moraes Pereira<\/p><\/div>\n<div id=\"attachment_182045\" style=\"width: 690px\" class=\"wp-caption aligncenter\"><img loading=\"lazy\" decoding=\"async\" aria-describedby=\"caption-attachment-182045\" class=\"wp-image-182045\" src=\"https:\/\/diarioregionaldigital.com.br\/wp-content\/uploads\/2021\/05\/fotog-3-e1620358228302.jpg\" alt=\"\" width=\"680\" height=\"472\" srcset=\"https:\/\/diarioregionaldigital.com.br\/wp-content\/uploads\/2021\/05\/fotog-3-e1620358228302.jpg 796w, https:\/\/diarioregionaldigital.com.br\/wp-content\/uploads\/2021\/05\/fotog-3-e1620358228302-300x208.jpg 300w, https:\/\/diarioregionaldigital.com.br\/wp-content\/uploads\/2021\/05\/fotog-3-e1620358228302-768x533.jpg 768w, https:\/\/diarioregionaldigital.com.br\/wp-content\/uploads\/2021\/05\/fotog-3-e1620358228302-360x250.jpg 360w, https:\/\/diarioregionaldigital.com.br\/wp-content\/uploads\/2021\/05\/fotog-3-e1620358228302-100x70.jpg 100w\" sizes=\"auto, (max-width: 680px) 100vw, 680px\" \/><p id=\"caption-attachment-182045\" class=\"wp-caption-text\">Amigos queridos em destaque: Waltencir F\u00e1vero, Ney Ank e Marcelo Barra<\/p><\/div>\n<div id=\"attachment_182047\" style=\"width: 690px\" class=\"wp-caption aligncenter\"><img loading=\"lazy\" decoding=\"async\" aria-describedby=\"caption-attachment-182047\" class=\"wp-image-182047\" src=\"https:\/\/diarioregionaldigital.com.br\/wp-content\/uploads\/2021\/05\/fotoi-e1620358176257.jpg\" alt=\"\" width=\"680\" height=\"459\" srcset=\"https:\/\/diarioregionaldigital.com.br\/wp-content\/uploads\/2021\/05\/fotoi-e1620358176257.jpg 1920w, https:\/\/diarioregionaldigital.com.br\/wp-content\/uploads\/2021\/05\/fotoi-e1620358176257-300x202.jpg 300w, https:\/\/diarioregionaldigital.com.br\/wp-content\/uploads\/2021\/05\/fotoi-e1620358176257-1024x691.jpg 1024w, https:\/\/diarioregionaldigital.com.br\/wp-content\/uploads\/2021\/05\/fotoi-e1620358176257-768x518.jpg 768w, https:\/\/diarioregionaldigital.com.br\/wp-content\/uploads\/2021\/05\/fotoi-e1620358176257-1536x1036.jpg 1536w, https:\/\/diarioregionaldigital.com.br\/wp-content\/uploads\/2021\/05\/fotoi-e1620358176257-360x243.jpg 360w\" sizes=\"auto, (max-width: 680px) 100vw, 680px\" \/><p id=\"caption-attachment-182047\" class=\"wp-caption-text\">Na Esta\u00e7\u00e3o do Samba, os bambambans os cantores e compositores Mam\u00e3o e Roger Resende<\/p><\/div>\n<div id=\"attachment_182046\" style=\"width: 690px\" class=\"wp-caption aligncenter\"><img loading=\"lazy\" decoding=\"async\" aria-describedby=\"caption-attachment-182046\" class=\"wp-image-182046\" src=\"https:\/\/diarioregionaldigital.com.br\/wp-content\/uploads\/2021\/05\/fotoh-3-e1620358202898.jpg\" alt=\"\" width=\"680\" height=\"486\" srcset=\"https:\/\/diarioregionaldigital.com.br\/wp-content\/uploads\/2021\/05\/fotoh-3-e1620358202898.jpg 916w, https:\/\/diarioregionaldigital.com.br\/wp-content\/uploads\/2021\/05\/fotoh-3-e1620358202898-300x215.jpg 300w, https:\/\/diarioregionaldigital.com.br\/wp-content\/uploads\/2021\/05\/fotoh-3-e1620358202898-768x549.jpg 768w, https:\/\/diarioregionaldigital.com.br\/wp-content\/uploads\/2021\/05\/fotoh-3-e1620358202898-360x257.jpg 360w, https:\/\/diarioregionaldigital.com.br\/wp-content\/uploads\/2021\/05\/fotoh-3-e1620358202898-100x70.jpg 100w\" sizes=\"auto, (max-width: 680px) 100vw, 680px\" \/><p id=\"caption-attachment-182046\" class=\"wp-caption-text\">Esperando a pandemia passar para cair no samba: Helenise Machado, Erika Beire, Nira Pereira e Nelson Rezende de Barros<\/p><\/div>\n<p style=\"text-align: center;\"><strong>FOTOSS\u00cdNTESE<\/strong><\/p>\n<p>Aniversariante de destaque deste s\u00e1bado 8 de maio o jovem Jo\u00e3o Victor Guedin (leia se Rei das Frutas).<\/p>\n<p>Uma bela homenagem ao Dia das M\u00e3es promovido pelo MFC e INFA ser\u00e1 realizada dia 8 de maio,\u00e0s 19 h,com o m\u00fasico Gabriel Ragone. Para assistir acesse www.youtube.com\/mfcbrasil.<\/p>\n<p>Considerado o Rei do R\u00e1dio, o cantor M\u00e1rio Terror com seu talento e m\u00fasicas da MPB vai fazer live dia 8 de maio, v\u00e9spera do Dia das M\u00e3es.<\/p>\n<p>Est\u00e1 emocionante a apresenta\u00e7\u00e3o de artistas cantando dentro do Projeto Uma Dose de Cultura, em diversos pontos de vacina\u00e7\u00e3o de Juiz de Fora. Nota dez para a Funalfa.<\/p>\n<p>O talentoso coiffeur de astros e estrelas Rosenberg Frizeiro agora faz sucesso no Sal\u00e3o da Vita Derm, na rua: Santa Rita, n\u00ba 540. Para marcar: 98856-2600.<\/p>\n<p>O fisioterapeuta Felippe Balbi e a mulher Susane Castro comemoraram com linda festinha os dois anos da filha Sophia.<\/p>\n<p>Din\u00e2micos e atuantes, o professor de Direito e Psicologia Fred Alvim e a advogada criminalista Alessandra Benony em breve ter\u00e3o um canal no YouTube para falar de Direito e psicologia em nossas vidas efetivas. Apoio desta coluna.<\/p>\n<p>Quem esteve passando uns dias em Juiz de Fora foi o jogador de v\u00f4lei Felipe Roque campe\u00e3o pelo Taubat\u00e9 da superliga A de v\u00f4lei nacional.<\/p>\n<p>Dica para o Dia das M\u00e3es: os acess\u00f3rios finos da loja Obsess\u00e3o, chocolates finos da Chang\u00ea, jeans da Bom Jour, \u00f3culos da \u00d3tica Juiz de Fora, echarpes, chap\u00e9us e cangas da By Candy e chocolates da Rose Tortoriello.<\/p>\n<p>Dedicado e disciplinado, Matheus Vanelli de Oliveira Ranna foi aprovado no processo seletivo da ONU, no United National Office on Drugs and Crime.<\/p>\n<p>Sexta- Feira: um dia de cada vez. E todos cheios de f\u00e9. Bom dia.<\/p>\n<p><img loading=\"lazy\" decoding=\"async\" class=\"aligncenter size-full wp-image-182049\" src=\"https:\/\/diarioregionaldigital.com.br\/wp-content\/uploads\/2021\/05\/anuncio39-scaled.jpg\" alt=\"\" width=\"2560\" height=\"976\" srcset=\"https:\/\/diarioregionaldigital.com.br\/wp-content\/uploads\/2021\/05\/anuncio39-scaled.jpg 2560w, https:\/\/diarioregionaldigital.com.br\/wp-content\/uploads\/2021\/05\/anuncio39-300x114.jpg 300w, https:\/\/diarioregionaldigital.com.br\/wp-content\/uploads\/2021\/05\/anuncio39-1024x391.jpg 1024w, https:\/\/diarioregionaldigital.com.br\/wp-content\/uploads\/2021\/05\/anuncio39-768x293.jpg 768w, https:\/\/diarioregionaldigital.com.br\/wp-content\/uploads\/2021\/05\/anuncio39-1536x586.jpg 1536w, https:\/\/diarioregionaldigital.com.br\/wp-content\/uploads\/2021\/05\/anuncio39-2048x781.jpg 2048w, https:\/\/diarioregionaldigital.com.br\/wp-content\/uploads\/2021\/05\/anuncio39-360x137.jpg 360w\" sizes=\"auto, (max-width: 2560px) 100vw, 2560px\" \/><\/p>\n","protected":false},"excerpt":{"rendered":"<p>Sucesso Causou impacto na plataforma Zoom a live que a diretoria social da Amesc\/JF . Com participa\u00e7\u00e3o do advogado Val\u00e9rio Ribeiro e o deputado federal Hiran Gon\u00e7alves, o tema desenvolvido foi \u201cRevalida remunera\u00e7\u00e3o m\u00e9dica e atual contexto m\u00e9dico no Brasil\u201d. Trama de Amor A marca Maria Fil\u00f3 celebra o Dia das M\u00e3es com ensaio de [&hellip;]<\/p>\n","protected":false},"author":253,"featured_media":182043,"comment_status":"closed","ping_status":"closed","sticky":false,"template":"","format":"standard","meta":{"footnotes":""},"categories":[264],"tags":[],"class_list":["post-182048","post","type-post","status-publish","format-standard","has-post-thumbnail","hentry","category-eduardo-gomes"],"_links":{"self":[{"href":"https:\/\/diarioregionaldigital.com.br\/index.php?rest_route=\/wp\/v2\/posts\/182048","targetHints":{"allow":["GET"]}}],"collection":[{"href":"https:\/\/diarioregionaldigital.com.br\/index.php?rest_route=\/wp\/v2\/posts"}],"about":[{"href":"https:\/\/diarioregionaldigital.com.br\/index.php?rest_route=\/wp\/v2\/types\/post"}],"author":[{"embeddable":true,"href":"https:\/\/diarioregionaldigital.com.br\/index.php?rest_route=\/wp\/v2\/users\/253"}],"replies":[{"embeddable":true,"href":"https:\/\/diarioregionaldigital.com.br\/index.php?rest_route=%2Fwp%2Fv2%2Fcomments&post=182048"}],"version-history":[{"count":2,"href":"https:\/\/diarioregionaldigital.com.br\/index.php?rest_route=\/wp\/v2\/posts\/182048\/revisions"}],"predecessor-version":[{"id":182051,"href":"https:\/\/diarioregionaldigital.com.br\/index.php?rest_route=\/wp\/v2\/posts\/182048\/revisions\/182051"}],"wp:featuredmedia":[{"embeddable":true,"href":"https:\/\/diarioregionaldigital.com.br\/index.php?rest_route=\/wp\/v2\/media\/182043"}],"wp:attachment":[{"href":"https:\/\/diarioregionaldigital.com.br\/index.php?rest_route=%2Fwp%2Fv2%2Fmedia&parent=182048"}],"wp:term":[{"taxonomy":"category","embeddable":true,"href":"https:\/\/diarioregionaldigital.com.br\/index.php?rest_route=%2Fwp%2Fv2%2Fcategories&post=182048"},{"taxonomy":"post_tag","embeddable":true,"href":"https:\/\/diarioregionaldigital.com.br\/index.php?rest_route=%2Fwp%2Fv2%2Ftags&post=182048"}],"curies":[{"name":"wp","href":"https:\/\/api.w.org\/{rel}","templated":true}]}}