{"id":182033,"date":"2021-05-06T19:22:33","date_gmt":"2021-05-06T22:22:33","guid":{"rendered":"https:\/\/diarioregionaldigital.com.br\/?p=182033"},"modified":"2021-05-06T19:22:33","modified_gmt":"2021-05-06T22:22:33","slug":"pre-cadastro-para-pessoas-com-comorbidades-com-idades-entre-50-e-54-anos-e-iniciado-pela-pjf","status":"publish","type":"post","link":"https:\/\/diarioregionaldigital.com.br\/?p=182033","title":{"rendered":"Pr\u00e9-cadastro para pessoas com comorbidades com idades entre 50 e 54 anos \u00e9 iniciado pela PJF"},"content":{"rendered":"<p>A Prefeitura de Juiz de Fora (PJF) come\u00e7a a realizar o pr\u00e9-cadastro para pessoas com comorbidades e idade entre 50 e 54 anos a partir desta quinta-feira, 6. Pessoas com defici\u00eancia permanente, da mesma faixa et\u00e1ria, inscritas no Programa de Benef\u00edcio de Presta\u00e7\u00e3o Continuada (BPC) tamb\u00e9m podem se pr\u00e9-cadastrar.<\/p>\n<p>Segundo informa\u00e7\u00f5es do site da Prefeitura de Juiz de Fora, o procedimento deve ser realizado exclusivamente <a href=\"https:\/\/covid19.pjf.mg.gov.br\/vacinacao_comorbidades.php\"><b>no site da PJF<\/b><\/a>, onde est\u00e1 disponibilizado um formul\u00e1rio no qual devem ser inseridos nome, CPF, data de nascimento, sexo, telefone, idade e informada qual comorbidade o inscrito possui. O question\u00e1rio n\u00e3o \u00e9 um sistema de agendamento, pois tem o objetivo de agilizar o atendimento nos locais de vacina\u00e7\u00e3o e evitar aglomera\u00e7\u00f5es na aplica\u00e7\u00e3o das vacinas.<\/p>\n<p>Um outro formul\u00e1rio, logo acima, deve ser impresso e preenchido para ser entregue no momento da vacina\u00e7\u00e3o. O campo \u201cEstabelecimento de sa\u00fade\u201d deve ser deixado em branco. As pessoas devem apresentar ainda documento que comprove a comorbidade, c\u00f3pia da identidade com foto e do comprovante de resid\u00eancia. Caso o comprovante n\u00e3o esteja em seu nome, ser\u00e1 necess\u00e1ria uma declara\u00e7\u00e3o por escrito do titular da resid\u00eancia, confirmando que a pessoa reside no local.<\/p>\n<p><b>Comorbidades que s\u00e3o priorizadas para imuniza\u00e7\u00e3o<\/b><\/p>\n<p>Dentre as comorbidades inclu\u00eddas como priorit\u00e1rias para o processo de vacina\u00e7\u00e3o contra o coronav\u00edrus encontram-se: diabetes, doen\u00e7as do cora\u00e7\u00e3o, doen\u00e7as pulmonares, hipertens\u00e3o arterial, c\u00e2ncer, insufici\u00eancia renal, imunossuprimidos, obesidade grau 3 (IMC\u226540), cerebrovasculares, transplantados de \u00f3rg\u00e3o s\u00f3lido ou de medula \u00f3ssea, cirrose hep\u00e1tica e anemia falciforme. As comorbidades est\u00e3o descritas no Plano de Operacionaliza\u00e7\u00e3o da Vacina\u00e7\u00e3o contra a Covid-19. O detalhamento das comorbidades atendidas neste momento pode ser verificado na p\u00e1gina para o pr\u00e9-cadastramento.<\/p>\n<p><b>Documentos que comprovam comorbidades<\/b><\/p>\n<p>Como comprovante para as comorbidades podem ser apresentados: atestado m\u00e9dico ou declara\u00e7\u00e3o m\u00e9dica informando a comorbidade (datado at\u00e9 12 meses); ou receita de um medicamento de uso cont\u00ednuo, usado no tratamento (datado at\u00e9 12 meses); ou outro documento que identifique o acompanhamento da condi\u00e7\u00e3o cr\u00f4nica ou comorbidade listada. Todos eles t\u00eam que ter sido emitidos h\u00e1, no m\u00e1ximo, 12 meses. Os benefici\u00e1rios do BPC devem apresentar o cart\u00e3o de benef\u00edcio e documento com foto.<\/p>\n<p><b>Confira o cronograma de vacina\u00e7\u00e3o das pessoas com comorbidades a partir de segunda.<\/b><\/p>\n<p><b>Local:<\/b>\u00a0Sport Club JF- Av. Bar\u00e3o do Rio Branco, 1303 &#8211; Centro, Juiz de Fora &#8211; MG, 36045-475<\/p>\n<p><b>Segunda-feira,<\/b>\u00a0dia 10 &#8211; 59 e 58 anos<\/p>\n<p><b>Ter\u00e7a-feira,<\/b>\u00a0dia 11 &#8211; 57 e 56 anos<\/p>\n<p><b>Quarta-feira,<\/b>\u00a0dia 12 &#8211; 55 anos<\/p>\n<p><b>Quinta-feira,<\/b>\u00a0dia 13 &#8211; 54 e 53 anos<\/p>\n<p><b>Sexta-feira,<\/b>\u00a0dia 14 &#8211; 52 e e51 anos<\/p>\n<p><b>S\u00e1bado,<\/b>\u00a0dia 15 &#8211; 50 anos e pessoas que n\u00e3o se imunizaram no dia correto.<\/p>\n","protected":false},"excerpt":{"rendered":"<p>A Prefeitura de Juiz de Fora (PJF) come\u00e7a a realizar o pr\u00e9-cadastro para pessoas com comorbidades e idade entre 50 e 54 anos a partir desta quinta-feira, 6. Pessoas com defici\u00eancia permanente, da mesma faixa et\u00e1ria, inscritas no Programa de Benef\u00edcio de Presta\u00e7\u00e3o Continuada (BPC) tamb\u00e9m podem se pr\u00e9-cadastrar. Segundo informa\u00e7\u00f5es do site da Prefeitura [&hellip;]<\/p>\n","protected":false},"author":246,"featured_media":182034,"comment_status":"closed","ping_status":"closed","sticky":false,"template":"","format":"standard","meta":{"footnotes":""},"categories":[253,439],"tags":[],"class_list":["post-182033","post","type-post","status-publish","format-standard","has-post-thumbnail","hentry","category-cidade","category-ultima-hora"],"_links":{"self":[{"href":"https:\/\/diarioregionaldigital.com.br\/index.php?rest_route=\/wp\/v2\/posts\/182033","targetHints":{"allow":["GET"]}}],"collection":[{"href":"https:\/\/diarioregionaldigital.com.br\/index.php?rest_route=\/wp\/v2\/posts"}],"about":[{"href":"https:\/\/diarioregionaldigital.com.br\/index.php?rest_route=\/wp\/v2\/types\/post"}],"author":[{"embeddable":true,"href":"https:\/\/diarioregionaldigital.com.br\/index.php?rest_route=\/wp\/v2\/users\/246"}],"replies":[{"embeddable":true,"href":"https:\/\/diarioregionaldigital.com.br\/index.php?rest_route=%2Fwp%2Fv2%2Fcomments&post=182033"}],"version-history":[{"count":1,"href":"https:\/\/diarioregionaldigital.com.br\/index.php?rest_route=\/wp\/v2\/posts\/182033\/revisions"}],"predecessor-version":[{"id":182035,"href":"https:\/\/diarioregionaldigital.com.br\/index.php?rest_route=\/wp\/v2\/posts\/182033\/revisions\/182035"}],"wp:featuredmedia":[{"embeddable":true,"href":"https:\/\/diarioregionaldigital.com.br\/index.php?rest_route=\/wp\/v2\/media\/182034"}],"wp:attachment":[{"href":"https:\/\/diarioregionaldigital.com.br\/index.php?rest_route=%2Fwp%2Fv2%2Fmedia&parent=182033"}],"wp:term":[{"taxonomy":"category","embeddable":true,"href":"https:\/\/diarioregionaldigital.com.br\/index.php?rest_route=%2Fwp%2Fv2%2Fcategories&post=182033"},{"taxonomy":"post_tag","embeddable":true,"href":"https:\/\/diarioregionaldigital.com.br\/index.php?rest_route=%2Fwp%2Fv2%2Ftags&post=182033"}],"curies":[{"name":"wp","href":"https:\/\/api.w.org\/{rel}","templated":true}]}}