{"id":182027,"date":"2021-05-06T19:10:11","date_gmt":"2021-05-06T22:10:11","guid":{"rendered":"https:\/\/diarioregionaldigital.com.br\/?p=182027"},"modified":"2021-05-06T19:10:11","modified_gmt":"2021-05-06T22:10:11","slug":"decreto-que-possibilita-acesso-a-alunos-de-baixa-renda-em-cursos-populares-para-concursos-e-renovado","status":"publish","type":"post","link":"https:\/\/diarioregionaldigital.com.br\/?p=182027","title":{"rendered":"Decreto que possibilita acesso a alunos de baixa renda em Cursos Populares para Concursos \u00e9 renovado"},"content":{"rendered":"<p>A prefeita Margarida Salom\u00e3o, assinou nesta quinta-feira, dia 6, um novo decreto sobre os Cursos Populares para Concursos, que, sob nova perspectiva, tem o intuito de facilitar o acesso dos alunos aos processos seletivos e concursos, fortalecendo iniciativas coletivas de educa\u00e7\u00e3o popular. Pela primeira vez, n\u00e3o ser\u00e1 cobrada a taxa \u00fanica nos cursos.<\/p>\n<p>Segundo informa\u00e7\u00f5es do site da Prefeitura de Juiz de Fora, o CPC \u00e9 uma iniciativa gratuita da Secretaria Especial de Direitos Humanos (SEDH) da Prefeitura de Juiz de Fora (PJF) por meio do qual prev\u00ea a promo\u00e7\u00e3o de propostas educacionais de forma cidad\u00e3. \u00c9 a primeira vez que os cursos oferecer\u00e3o o servi\u00e7o de orienta\u00e7\u00e3o vocacional permanente. A expectativa deste ano \u00e9 de que 790 alunos sejam selecionados de acordo com crit\u00e9rios a serem definidos no decreto, que entra em vigor nos pr\u00f3ximos dias.<\/p>\n<p>Foi destacado pela prefeita Margarida Salom\u00e3o\u00a0 o car\u00e1ter inclusivo e a abrang\u00eancia do CPC. &#8220;Os cursinhos populares s\u00e3o iniciativas que visam aumentar a educa\u00e7\u00e3o no munic\u00edpio e melhorar a educa\u00e7\u00e3o das pessoas. S\u00e3o oportunidades para quem n\u00e3o conseguiu terminar os estudos e complementar a educa\u00e7\u00e3o. \u00c9 uma forma tamb\u00e9m de incentivar os estagi\u00e1rios dos cursos de licenciaturas de todas as institui\u00e7\u00f5es e promover o ensino dentro das comunidades. A Prefeitura apoia todas as formas de inclus\u00e3o.\u201d<\/p>\n<p>Segundo o secret\u00e1rio Especial de Direitos Humanos, Biel Rocha, \u201cpor meio do CPC a Prefeitura leva o conhecimento para al\u00e9m da educa\u00e7\u00e3o formal, dando oportunidades \u00e0s pessoas que estariam exclu\u00eddas do aprendizado, nessa etapa da vida\u201d.<\/p>\n<p>Al\u00e9m de construir uma equipe diversificada com psic\u00f3logos, pedagogos, professores e estagi\u00e1rios de diversas \u00e1reas, a proposta dos Cursos Populares para Concursos, de acordo com a gerente do Departamento de Forma\u00e7\u00e3o e Educa\u00e7\u00e3o em Direitos Humanos, Fl\u00e1via Beghin, \u201c \u00e9 uma ressignifica\u00e7\u00e3o no processo de educa\u00e7\u00e3o e suas possibilidades, que possibilita o acesso a estudantes historicamente exclu\u00eddos.\u201d<\/p>\n<p>Estavam presentes, na assinatura do novo decreto, a prefeita de Juiz de Fora, Margarida Salom\u00e3o; o secret\u00e1rio Especial de Direitos Humanos, Biel Rocha e representantes dos Cursos Populares para Concursos<\/p>\n","protected":false},"excerpt":{"rendered":"<p>A prefeita Margarida Salom\u00e3o, assinou nesta quinta-feira, dia 6, um novo decreto sobre os Cursos Populares para Concursos, que, sob nova perspectiva, tem o intuito de facilitar o acesso dos alunos aos processos seletivos e concursos, fortalecendo iniciativas coletivas de educa\u00e7\u00e3o popular. Pela primeira vez, n\u00e3o ser\u00e1 cobrada a taxa \u00fanica nos cursos. Segundo informa\u00e7\u00f5es [&hellip;]<\/p>\n","protected":false},"author":246,"featured_media":182028,"comment_status":"closed","ping_status":"closed","sticky":false,"template":"","format":"standard","meta":{"footnotes":""},"categories":[253,440],"tags":[],"class_list":["post-182027","post","type-post","status-publish","format-standard","has-post-thumbnail","hentry","category-cidade","category-destaques-do-dia"],"_links":{"self":[{"href":"https:\/\/diarioregionaldigital.com.br\/index.php?rest_route=\/wp\/v2\/posts\/182027","targetHints":{"allow":["GET"]}}],"collection":[{"href":"https:\/\/diarioregionaldigital.com.br\/index.php?rest_route=\/wp\/v2\/posts"}],"about":[{"href":"https:\/\/diarioregionaldigital.com.br\/index.php?rest_route=\/wp\/v2\/types\/post"}],"author":[{"embeddable":true,"href":"https:\/\/diarioregionaldigital.com.br\/index.php?rest_route=\/wp\/v2\/users\/246"}],"replies":[{"embeddable":true,"href":"https:\/\/diarioregionaldigital.com.br\/index.php?rest_route=%2Fwp%2Fv2%2Fcomments&post=182027"}],"version-history":[{"count":1,"href":"https:\/\/diarioregionaldigital.com.br\/index.php?rest_route=\/wp\/v2\/posts\/182027\/revisions"}],"predecessor-version":[{"id":182029,"href":"https:\/\/diarioregionaldigital.com.br\/index.php?rest_route=\/wp\/v2\/posts\/182027\/revisions\/182029"}],"wp:featuredmedia":[{"embeddable":true,"href":"https:\/\/diarioregionaldigital.com.br\/index.php?rest_route=\/wp\/v2\/media\/182028"}],"wp:attachment":[{"href":"https:\/\/diarioregionaldigital.com.br\/index.php?rest_route=%2Fwp%2Fv2%2Fmedia&parent=182027"}],"wp:term":[{"taxonomy":"category","embeddable":true,"href":"https:\/\/diarioregionaldigital.com.br\/index.php?rest_route=%2Fwp%2Fv2%2Fcategories&post=182027"},{"taxonomy":"post_tag","embeddable":true,"href":"https:\/\/diarioregionaldigital.com.br\/index.php?rest_route=%2Fwp%2Fv2%2Ftags&post=182027"}],"curies":[{"name":"wp","href":"https:\/\/api.w.org\/{rel}","templated":true}]}}