{"id":182023,"date":"2021-05-06T18:59:23","date_gmt":"2021-05-06T21:59:23","guid":{"rendered":"https:\/\/diarioregionaldigital.com.br\/?p=182023"},"modified":"2021-05-06T18:59:23","modified_gmt":"2021-05-06T21:59:23","slug":"eliminatorias-africanas-para-a-copa-do-mundo-sao-adiadas","status":"publish","type":"post","link":"https:\/\/diarioregionaldigital.com.br\/?p=182023","title":{"rendered":"Eliminat\u00f3rias africanas para a Copa do Mundo s\u00e3o adiadas"},"content":{"rendered":"<p>A fase de grupos das Eliminat\u00f3rias africanas para a Copa do Mundo, que deveriam come\u00e7ar em junho, agora ter\u00e3o in\u00edcio em setembro. Esta \u00e9 a segunda oportunidade na qual os jogos s\u00e3o adiados por causa da pandemia do novo coronav\u00edrus (covid-19), informou a Confedera\u00e7\u00e3o Africana de Futebol (CAF) nesta quinta-feira (6).<img decoding=\"async\" src=\"https:\/\/agenciabrasil.ebc.com.br\/ebc.png?id=1408955&amp;o=node\" \/><img decoding=\"async\" src=\"https:\/\/agenciabrasil.ebc.com.br\/ebc.gif?id=1408955&amp;o=node\" \/><\/p>\n<p>A CAF anunciou atrav\u00e9s de um comunicado que a decis\u00e3o foi tomada conjuntamente com a Fifa \u201clevando em considera\u00e7\u00e3o o transtorno atual causado pela covid-19 e a necessidade de garantir condi\u00e7\u00f5es de jogo ideais para todos os times\u201d.<\/p>\n<p>Jogos das Eliminat\u00f3rias j\u00e1 haviam sido adiados em outubro passado por causa da pandemia do novo coronav\u00edrus.<\/p>\n<p>Nesta semana a CAF emitiu uma lista de est\u00e1dios aprovados para as primeiras duas rodadas de Eliminat\u00f3rias, o que deixou um quarto dos 40 times que disputam vagas para a Copa do Catar (2022) sem um campo no qual disputar suas partidas em casa.<\/p>\n<p>Entre os afetados est\u00e1 o Senegal, que disputou a Copa do Mundo de 2018 (R\u00fassia), e o Mali, uma das sele\u00e7\u00f5es que encabe\u00e7am as chaves das Eliminat\u00f3rias.<\/p>\n<p>Burkina Faso, Rep\u00fablica Centro-Africana, Lib\u00e9ria, Mal\u00e1ui, Nam\u00edbia, Nig\u00e9ria e Serra Leoa tamb\u00e9m foram prejudicadas.<\/p>\n<p>Ainda existem preocupa\u00e7\u00f5es com as restri\u00e7\u00f5es de viagem impostas a jogadores chegando da Europa, muitos dos quais perderam a rodada final das Eliminat\u00f3rias de mar\u00e7o para a edi\u00e7\u00e3o 2021 da Copa Africana de Na\u00e7\u00f5es porque alguns pa\u00edses-sede estavam nas listas vermelhas de na\u00e7\u00f5es europeias por causa da pandemia.<\/p>\n<p><span style=\"font-weight: 400;\">Fonte:\u00a0 Ag\u00eancia Brasil <\/span><\/p>\n","protected":false},"excerpt":{"rendered":"<p>A fase de grupos das Eliminat\u00f3rias africanas para a Copa do Mundo, que deveriam come\u00e7ar em junho, agora ter\u00e3o in\u00edcio em setembro. Esta \u00e9 a segunda oportunidade na qual os jogos s\u00e3o adiados por causa da pandemia do novo coronav\u00edrus (covid-19), informou a Confedera\u00e7\u00e3o Africana de Futebol (CAF) nesta quinta-feira (6). A CAF anunciou atrav\u00e9s [&hellip;]<\/p>\n","protected":false},"author":246,"featured_media":182024,"comment_status":"closed","ping_status":"closed","sticky":false,"template":"","format":"standard","meta":{"footnotes":""},"categories":[257,439],"tags":[],"class_list":["post-182023","post","type-post","status-publish","format-standard","has-post-thumbnail","hentry","category-esporte","category-ultima-hora"],"_links":{"self":[{"href":"https:\/\/diarioregionaldigital.com.br\/index.php?rest_route=\/wp\/v2\/posts\/182023","targetHints":{"allow":["GET"]}}],"collection":[{"href":"https:\/\/diarioregionaldigital.com.br\/index.php?rest_route=\/wp\/v2\/posts"}],"about":[{"href":"https:\/\/diarioregionaldigital.com.br\/index.php?rest_route=\/wp\/v2\/types\/post"}],"author":[{"embeddable":true,"href":"https:\/\/diarioregionaldigital.com.br\/index.php?rest_route=\/wp\/v2\/users\/246"}],"replies":[{"embeddable":true,"href":"https:\/\/diarioregionaldigital.com.br\/index.php?rest_route=%2Fwp%2Fv2%2Fcomments&post=182023"}],"version-history":[{"count":2,"href":"https:\/\/diarioregionaldigital.com.br\/index.php?rest_route=\/wp\/v2\/posts\/182023\/revisions"}],"predecessor-version":[{"id":182026,"href":"https:\/\/diarioregionaldigital.com.br\/index.php?rest_route=\/wp\/v2\/posts\/182023\/revisions\/182026"}],"wp:featuredmedia":[{"embeddable":true,"href":"https:\/\/diarioregionaldigital.com.br\/index.php?rest_route=\/wp\/v2\/media\/182024"}],"wp:attachment":[{"href":"https:\/\/diarioregionaldigital.com.br\/index.php?rest_route=%2Fwp%2Fv2%2Fmedia&parent=182023"}],"wp:term":[{"taxonomy":"category","embeddable":true,"href":"https:\/\/diarioregionaldigital.com.br\/index.php?rest_route=%2Fwp%2Fv2%2Fcategories&post=182023"},{"taxonomy":"post_tag","embeddable":true,"href":"https:\/\/diarioregionaldigital.com.br\/index.php?rest_route=%2Fwp%2Fv2%2Ftags&post=182023"}],"curies":[{"name":"wp","href":"https:\/\/api.w.org\/{rel}","templated":true}]}}