{"id":181994,"date":"2021-05-06T06:00:31","date_gmt":"2021-05-06T09:00:31","guid":{"rendered":"https:\/\/diarioregionaldigital.com.br\/?p=181994"},"modified":"2021-05-06T01:43:14","modified_gmt":"2021-05-06T04:43:14","slug":"reinventando","status":"publish","type":"post","link":"https:\/\/diarioregionaldigital.com.br\/?p=181994","title":{"rendered":"Reinventando"},"content":{"rendered":"<p style=\"text-align: center;\"><strong>Decora\u00e7\u00e3o<\/strong><\/p>\n<p style=\"text-align: center;\">Os artistas visuais se reinventaram na pandemia e criaram coisas incr\u00edveis. Nada de quadros na decora\u00e7\u00e3o da sala e sim pain\u00e9is de azulejos, em tons de azul com grandes estampas nas paredes em contraponto ao mobili\u00e1rio que pode ser antigo, neutro e atemporal.<\/p>\n<p style=\"text-align: center;\"><strong>Economia<\/strong><\/p>\n<p style=\"text-align: center;\">O varejo f\u00edsico sofre com a pandemia e com o avan\u00e7o do com\u00e9rcio on-line, mas para algumas redes ainda h\u00e1 vida lucrativa nas ruas e Shoppings. A Casa &amp; V\u00eddeo vai abrir 70 lojas neste ano no Rio de Janeiro, Minas Gerais, Esp\u00edrito Santo e S\u00e3o Paulo. As Lojas Americanas fechar\u00e3o o ano com um total de 1.707 lojas. A rua n\u00e3o morreu.<\/p>\n<p style=\"text-align: center;\"><strong>Reinventando<\/strong><\/p>\n<p style=\"text-align: center;\">Para tudo tem um jeito. A rede Saraiva vai reabrir com lojas menores, focadas em livros e papelaria, come\u00e7ando por shoppings em cidades polo. A primeira ser\u00e1 em Jundia\u00ed (SP).<\/p>\n<p style=\"text-align: center;\"><strong>Literatura<\/strong><\/p>\n<p style=\"text-align: center;\">Integrante da Academia Juizforana de Letras (AJL), o m\u00e9dico, professor e escritor, Arthur Laizo disponibilizou, gratuitamente no site Amazon, os livros \u201cMorte na rua Br\u00e1s Bernardino\u201d e \u201cA sineta de bronze\u201d. Palmas para ele.<\/p>\n<div id=\"attachment_181937\" style=\"width: 690px\" class=\"wp-caption aligncenter\"><img loading=\"lazy\" decoding=\"async\" aria-describedby=\"caption-attachment-181937\" class=\"wp-image-181937\" src=\"https:\/\/diarioregionaldigital.com.br\/wp-content\/uploads\/2021\/05\/fotoa-1-e1620274780724.jpg\" alt=\"\" width=\"680\" height=\"460\" srcset=\"https:\/\/diarioregionaldigital.com.br\/wp-content\/uploads\/2021\/05\/fotoa-1-e1620274780724.jpg 720w, https:\/\/diarioregionaldigital.com.br\/wp-content\/uploads\/2021\/05\/fotoa-1-e1620274780724-300x203.jpg 300w, https:\/\/diarioregionaldigital.com.br\/wp-content\/uploads\/2021\/05\/fotoa-1-e1620274780724-360x244.jpg 360w\" sizes=\"auto, (max-width: 680px) 100vw, 680px\" \/><p id=\"caption-attachment-181937\" class=\"wp-caption-text\">Na p\u00e9rgula do Copacabana Palace (RJ) respirando ar refinado, o fisioterapeuta de astros e estrelas, Ramon David<\/p><\/div>\n<div id=\"attachment_181944\" style=\"width: 690px\" class=\"wp-caption aligncenter\"><img loading=\"lazy\" decoding=\"async\" aria-describedby=\"caption-attachment-181944\" class=\"wp-image-181944\" src=\"https:\/\/diarioregionaldigital.com.br\/wp-content\/uploads\/2021\/05\/fotoh-2-e1620275416768.jpg\" alt=\"\" width=\"680\" height=\"457\" srcset=\"https:\/\/diarioregionaldigital.com.br\/wp-content\/uploads\/2021\/05\/fotoh-2-e1620275416768.jpg 1177w, https:\/\/diarioregionaldigital.com.br\/wp-content\/uploads\/2021\/05\/fotoh-2-e1620275416768-300x202.jpg 300w, https:\/\/diarioregionaldigital.com.br\/wp-content\/uploads\/2021\/05\/fotoh-2-e1620275416768-1024x688.jpg 1024w, https:\/\/diarioregionaldigital.com.br\/wp-content\/uploads\/2021\/05\/fotoh-2-e1620275416768-768x516.jpg 768w, https:\/\/diarioregionaldigital.com.br\/wp-content\/uploads\/2021\/05\/fotoh-2-e1620275416768-360x242.jpg 360w\" sizes=\"auto, (max-width: 680px) 100vw, 680px\" \/><p id=\"caption-attachment-181944\" class=\"wp-caption-text\">Um foco de luz na beleza jovem e sadia de Victoria Cruz, em destaque<\/p><\/div>\n<div id=\"attachment_181939\" style=\"width: 690px\" class=\"wp-caption aligncenter\"><img loading=\"lazy\" decoding=\"async\" aria-describedby=\"caption-attachment-181939\" class=\"wp-image-181939\" src=\"https:\/\/diarioregionaldigital.com.br\/wp-content\/uploads\/2021\/05\/fotoc-2-e1620275096980.jpg\" alt=\"\" width=\"680\" height=\"494\" srcset=\"https:\/\/diarioregionaldigital.com.br\/wp-content\/uploads\/2021\/05\/fotoc-2-e1620275096980.jpg 716w, https:\/\/diarioregionaldigital.com.br\/wp-content\/uploads\/2021\/05\/fotoc-2-e1620275096980-300x218.jpg 300w, https:\/\/diarioregionaldigital.com.br\/wp-content\/uploads\/2021\/05\/fotoc-2-e1620275096980-360x261.jpg 360w\" sizes=\"auto, (max-width: 680px) 100vw, 680px\" \/><p id=\"caption-attachment-181939\" class=\"wp-caption-text\">Linda e moren\u00edssima, Isabelli Azarias com esperan\u00e7a de dias melhores<\/p><\/div>\n<div id=\"attachment_181938\" style=\"width: 690px\" class=\"wp-caption aligncenter\"><img loading=\"lazy\" decoding=\"async\" aria-describedby=\"caption-attachment-181938\" class=\"wp-image-181938\" src=\"https:\/\/diarioregionaldigital.com.br\/wp-content\/uploads\/2021\/05\/fotob-2-e1620275051945.jpg\" alt=\"\" width=\"680\" height=\"479\" srcset=\"https:\/\/diarioregionaldigital.com.br\/wp-content\/uploads\/2021\/05\/fotob-2-e1620275051945.jpg 874w, https:\/\/diarioregionaldigital.com.br\/wp-content\/uploads\/2021\/05\/fotob-2-e1620275051945-300x210.jpg 300w, https:\/\/diarioregionaldigital.com.br\/wp-content\/uploads\/2021\/05\/fotob-2-e1620275051945-768x541.jpg 768w, https:\/\/diarioregionaldigital.com.br\/wp-content\/uploads\/2021\/05\/fotob-2-e1620275051945-360x254.jpg 360w, https:\/\/diarioregionaldigital.com.br\/wp-content\/uploads\/2021\/05\/fotob-2-e1620275051945-100x70.jpg 100w\" sizes=\"auto, (max-width: 680px) 100vw, 680px\" \/><p id=\"caption-attachment-181938\" class=\"wp-caption-text\">O rep\u00f3rter cinemato-gr\u00e1fico Chester Marcone captando imagens da natureza<\/p><\/div>\n<div id=\"attachment_181940\" style=\"width: 690px\" class=\"wp-caption aligncenter\"><img loading=\"lazy\" decoding=\"async\" aria-describedby=\"caption-attachment-181940\" class=\"wp-image-181940\" src=\"https:\/\/diarioregionaldigital.com.br\/wp-content\/uploads\/2021\/05\/fotod-2-e1620275375274.jpg\" alt=\"\" width=\"680\" height=\"501\" srcset=\"https:\/\/diarioregionaldigital.com.br\/wp-content\/uploads\/2021\/05\/fotod-2-e1620275375274.jpg 686w, https:\/\/diarioregionaldigital.com.br\/wp-content\/uploads\/2021\/05\/fotod-2-e1620275375274-300x221.jpg 300w, https:\/\/diarioregionaldigital.com.br\/wp-content\/uploads\/2021\/05\/fotod-2-e1620275375274-360x265.jpg 360w\" sizes=\"auto, (max-width: 680px) 100vw, 680px\" \/><p id=\"caption-attachment-181940\" class=\"wp-caption-text\">O sorriso incentivador de esperan\u00e7a da rotariana Ros\u00e2ngela Marques<\/p><\/div>\n<div id=\"attachment_181941\" style=\"width: 690px\" class=\"wp-caption aligncenter\"><img loading=\"lazy\" decoding=\"async\" aria-describedby=\"caption-attachment-181941\" class=\"wp-image-181941\" src=\"https:\/\/diarioregionaldigital.com.br\/wp-content\/uploads\/2021\/05\/fotoe-2-e1620275395440.jpg\" alt=\"\" width=\"680\" height=\"487\" srcset=\"https:\/\/diarioregionaldigital.com.br\/wp-content\/uploads\/2021\/05\/fotoe-2-e1620275395440.jpg 720w, https:\/\/diarioregionaldigital.com.br\/wp-content\/uploads\/2021\/05\/fotoe-2-e1620275395440-300x215.jpg 300w, https:\/\/diarioregionaldigital.com.br\/wp-content\/uploads\/2021\/05\/fotoe-2-e1620275395440-360x258.jpg 360w\" sizes=\"auto, (max-width: 680px) 100vw, 680px\" \/><p id=\"caption-attachment-181941\" class=\"wp-caption-text\">Formando lindo casal: D\u00e9bora Oliveira e Arthur Dias<\/p><\/div>\n<div id=\"attachment_181942\" style=\"width: 690px\" class=\"wp-caption aligncenter\"><img loading=\"lazy\" decoding=\"async\" aria-describedby=\"caption-attachment-181942\" class=\"wp-image-181942\" src=\"https:\/\/diarioregionaldigital.com.br\/wp-content\/uploads\/2021\/05\/fotof-2-e1620275436631.jpg\" alt=\"\" width=\"680\" height=\"482\" srcset=\"https:\/\/diarioregionaldigital.com.br\/wp-content\/uploads\/2021\/05\/fotof-2-e1620275436631.jpg 516w, https:\/\/diarioregionaldigital.com.br\/wp-content\/uploads\/2021\/05\/fotof-2-e1620275436631-300x213.jpg 300w, https:\/\/diarioregionaldigital.com.br\/wp-content\/uploads\/2021\/05\/fotof-2-e1620275436631-360x255.jpg 360w, https:\/\/diarioregionaldigital.com.br\/wp-content\/uploads\/2021\/05\/fotof-2-e1620275436631-100x70.jpg 100w\" sizes=\"auto, (max-width: 680px) 100vw, 680px\" \/><p id=\"caption-attachment-181942\" class=\"wp-caption-text\">Gente chique visitando essa coluna social: o m\u00e9dico Washington Pimenta e Lilize Fellet<\/p><\/div>\n<div id=\"attachment_181943\" style=\"width: 690px\" class=\"wp-caption aligncenter\"><img loading=\"lazy\" decoding=\"async\" aria-describedby=\"caption-attachment-181943\" class=\"wp-image-181943\" src=\"https:\/\/diarioregionaldigital.com.br\/wp-content\/uploads\/2021\/05\/fotog-2-e1620275358260.jpg\" alt=\"\" width=\"680\" height=\"474\" srcset=\"https:\/\/diarioregionaldigital.com.br\/wp-content\/uploads\/2021\/05\/fotog-2-e1620275358260.jpg 1002w, https:\/\/diarioregionaldigital.com.br\/wp-content\/uploads\/2021\/05\/fotog-2-e1620275358260-300x210.jpg 300w, https:\/\/diarioregionaldigital.com.br\/wp-content\/uploads\/2021\/05\/fotog-2-e1620275358260-768x536.jpg 768w, https:\/\/diarioregionaldigital.com.br\/wp-content\/uploads\/2021\/05\/fotog-2-e1620275358260-360x251.jpg 360w, https:\/\/diarioregionaldigital.com.br\/wp-content\/uploads\/2021\/05\/fotog-2-e1620275358260-100x70.jpg 100w\" sizes=\"auto, (max-width: 680px) 100vw, 680px\" \/><p id=\"caption-attachment-181943\" class=\"wp-caption-text\">Em plena natureza, o coiffeur Alexandre Henter, amante dos animais<\/p><\/div>\n<p style=\"text-align: center;\"><strong>FOTOSS\u00cdNTESE<\/strong><\/p>\n<p>Depois de 25 anos na Rua Santa Rita o Restaurante Kidelicia fechou as portas. N\u00e3o deu conta da pandemia.<\/p>\n<p>Vem a\u00ed \u201cOs Melhores de 2021 on-line\u201d.<\/p>\n<p>A nadadora juiz-forana Larissa Oliveira ficou a um cent\u00e9simo para ir a Ol\u00edmpiada de T\u00f3quio, mas ainda tem \u00faltima chance no individual. Na torcida.<\/p>\n<p>Para os sem no\u00e7\u00e3o em \u00e9poca de pandemia \u00e9 bom ficar ligados pois o helic\u00f3ptero P\u00e9gasus da Policia Militar \u00e9 usado para dispersar aglomera\u00e7\u00f5es.<\/p>\n<p>Foi lan\u00e7ado de forma virtual a edi\u00e7\u00e3o 2021 do Parlamento Jovem de Minas, voltado a estudantes do ensino m\u00e9dio, numa parceria da Assembleia Legislativa, PVC Minas e c\u00e2maras municipais.<\/p>\n<p>Din\u00e2mico e atuante, o deputado Noraldino Junior entregou em cerim\u00f4nia semana passado uma ambul\u00e2ncia ao Corpo de Bombeiros de Juiz de Fora e 17 motocicletas para a Pol\u00edcia Militar. Os ve\u00edculos s\u00e3o frutos de uma emenda parlamentar que o deputado conseguiu com o senador Ant\u00f4nio Anastasia, no valor de R$700 mil.<\/p>\n<p>Desde seu lan\u00e7amento, em mar\u00e7o deste ano, a plataforma digital Prefeitura \u00c1gil atendeu demandas de 8.095 cidad\u00e3os de Juiz de Fora. Atrav\u00e9s dessa ferramenta, se tornou poss\u00edvel a solicita\u00e7\u00e3o de servi\u00e7os, documentos e a\u00e7\u00f5es de zeladoria, por meio da internet.<\/p>\n<p>Consul e advogado Andr\u00e9 Henrique Gomes da Fonseca recebeu condecora\u00e7\u00e3o de FENAPEF por atua\u00e7\u00e3o em prol de melhorias na seguran\u00e7a p\u00fablica.<\/p>\n<p>Lan\u00e7amento emocionante foi o livro \u201cRosa Apaixonada\u201d da escritora Camila Louren\u00e7o. O livro retrata per\u00edodo que ficou sem trabalhar devido \u00e0 epilepsia.<\/p>\n<p>Positividade: Ser feliz n\u00e3o \u00e9 um presente, um dom natural ou conseguir passar intocado ao sofrimento. \u00c9 um ato de prologar a vida com ci\u00eancia, medicina, educa\u00e7\u00e3o e solidariedade. Bom dia.<\/p>\n<p><img loading=\"lazy\" decoding=\"async\" class=\"aligncenter size-full wp-image-181997\" src=\"https:\/\/diarioregionaldigital.com.br\/wp-content\/uploads\/2021\/05\/anuncio79-scaled.jpg\" alt=\"\" width=\"2560\" height=\"952\" srcset=\"https:\/\/diarioregionaldigital.com.br\/wp-content\/uploads\/2021\/05\/anuncio79-scaled.jpg 2560w, https:\/\/diarioregionaldigital.com.br\/wp-content\/uploads\/2021\/05\/anuncio79-300x112.jpg 300w, https:\/\/diarioregionaldigital.com.br\/wp-content\/uploads\/2021\/05\/anuncio79-1024x381.jpg 1024w, https:\/\/diarioregionaldigital.com.br\/wp-content\/uploads\/2021\/05\/anuncio79-768x286.jpg 768w, https:\/\/diarioregionaldigital.com.br\/wp-content\/uploads\/2021\/05\/anuncio79-1536x571.jpg 1536w, https:\/\/diarioregionaldigital.com.br\/wp-content\/uploads\/2021\/05\/anuncio79-2048x762.jpg 2048w, https:\/\/diarioregionaldigital.com.br\/wp-content\/uploads\/2021\/05\/anuncio79-360x134.jpg 360w\" sizes=\"auto, (max-width: 2560px) 100vw, 2560px\" \/><\/p>\n","protected":false},"excerpt":{"rendered":"<p>Decora\u00e7\u00e3o Os artistas visuais se reinventaram na pandemia e criaram coisas incr\u00edveis. Nada de quadros na decora\u00e7\u00e3o da sala e sim pain\u00e9is de azulejos, em tons de azul com grandes estampas nas paredes em contraponto ao mobili\u00e1rio que pode ser antigo, neutro e atemporal. Economia O varejo f\u00edsico sofre com a pandemia e com o [&hellip;]<\/p>\n","protected":false},"author":253,"featured_media":0,"comment_status":"closed","ping_status":"closed","sticky":false,"template":"","format":"standard","meta":{"footnotes":""},"categories":[264],"tags":[],"class_list":["post-181994","post","type-post","status-publish","format-standard","hentry","category-eduardo-gomes"],"_links":{"self":[{"href":"https:\/\/diarioregionaldigital.com.br\/index.php?rest_route=\/wp\/v2\/posts\/181994","targetHints":{"allow":["GET"]}}],"collection":[{"href":"https:\/\/diarioregionaldigital.com.br\/index.php?rest_route=\/wp\/v2\/posts"}],"about":[{"href":"https:\/\/diarioregionaldigital.com.br\/index.php?rest_route=\/wp\/v2\/types\/post"}],"author":[{"embeddable":true,"href":"https:\/\/diarioregionaldigital.com.br\/index.php?rest_route=\/wp\/v2\/users\/253"}],"replies":[{"embeddable":true,"href":"https:\/\/diarioregionaldigital.com.br\/index.php?rest_route=%2Fwp%2Fv2%2Fcomments&post=181994"}],"version-history":[{"count":1,"href":"https:\/\/diarioregionaldigital.com.br\/index.php?rest_route=\/wp\/v2\/posts\/181994\/revisions"}],"predecessor-version":[{"id":181998,"href":"https:\/\/diarioregionaldigital.com.br\/index.php?rest_route=\/wp\/v2\/posts\/181994\/revisions\/181998"}],"wp:attachment":[{"href":"https:\/\/diarioregionaldigital.com.br\/index.php?rest_route=%2Fwp%2Fv2%2Fmedia&parent=181994"}],"wp:term":[{"taxonomy":"category","embeddable":true,"href":"https:\/\/diarioregionaldigital.com.br\/index.php?rest_route=%2Fwp%2Fv2%2Fcategories&post=181994"},{"taxonomy":"post_tag","embeddable":true,"href":"https:\/\/diarioregionaldigital.com.br\/index.php?rest_route=%2Fwp%2Fv2%2Ftags&post=181994"}],"curies":[{"name":"wp","href":"https:\/\/api.w.org\/{rel}","templated":true}]}}