{"id":181990,"date":"2021-05-06T00:00:42","date_gmt":"2021-05-06T03:00:42","guid":{"rendered":"https:\/\/diarioregionaldigital.com.br\/?p=181990"},"modified":"2021-05-06T00:01:22","modified_gmt":"2021-05-06T03:01:22","slug":"policia-civil-preende-dois-homens-por-trafico-de-drogas-em-juiz-de-fora","status":"publish","type":"post","link":"https:\/\/diarioregionaldigital.com.br\/?p=181990","title":{"rendered":"Pol\u00edcia Civil preende dois homens por tr\u00e1fico de drogas em Juiz de Fora"},"content":{"rendered":"<p>Na tarde desta quarta-feira (05\/5), a Pol\u00edcia Civil de Minas Gerais prendeu em flagrante dois homens de 23 e 30 anos por tr\u00e1fico il\u00edcito de drogas, na cidade. A a\u00e7\u00e3o aconteceu no bairro Santa Cec\u00edlia, onde foram apreendidos maconha, coca\u00edna e dinheiro.<br \/>\nSegundo informa\u00e7\u00f5es da assessoria, a pris\u00e3o efetuada hoje vem de trabalho investigativo, sendo realizado a praticamente um m\u00eas pelos policiais. Os dois j\u00e1 s\u00e3o conhecidos no meio policial e alvos de investiga\u00e7\u00e3o pret\u00e9rita. Os homens foram detidos quase em frente \u00e0 delegacia, em Sta Terezinha, quando foi identificado o autom\u00f3vel que eles utilizavam. Eles foram abordados e tr\u00eas pessoas foram detidas. No autom\u00f3vel foi encontrado droga. Em seguida, os policiais foram at\u00e9 a casa de dois deles e acharam mais drogas e dinheiro. O terceiro homem foi autuado por consumo de droga il\u00edcita. Os outros dois foram presos e encaminhados para o sistema prisional.<\/p>\n","protected":false},"excerpt":{"rendered":"<p>Na tarde desta quarta-feira (05\/5), a Pol\u00edcia Civil de Minas Gerais prendeu em flagrante dois homens de 23 e 30 anos por tr\u00e1fico il\u00edcito de drogas, na cidade. A a\u00e7\u00e3o aconteceu no bairro Santa Cec\u00edlia, onde foram apreendidos maconha, coca\u00edna e dinheiro. Segundo informa\u00e7\u00f5es da assessoria, a pris\u00e3o efetuada hoje vem de trabalho investigativo, sendo [&hellip;]<\/p>\n","protected":false},"author":246,"featured_media":181991,"comment_status":"closed","ping_status":"closed","sticky":false,"template":"","format":"standard","meta":{"footnotes":""},"categories":[301,1229,439],"tags":[],"class_list":["post-181990","post","type-post","status-publish","format-standard","has-post-thumbnail","hentry","category-artigos-policiais","category-policial","category-ultima-hora"],"_links":{"self":[{"href":"https:\/\/diarioregionaldigital.com.br\/index.php?rest_route=\/wp\/v2\/posts\/181990","targetHints":{"allow":["GET"]}}],"collection":[{"href":"https:\/\/diarioregionaldigital.com.br\/index.php?rest_route=\/wp\/v2\/posts"}],"about":[{"href":"https:\/\/diarioregionaldigital.com.br\/index.php?rest_route=\/wp\/v2\/types\/post"}],"author":[{"embeddable":true,"href":"https:\/\/diarioregionaldigital.com.br\/index.php?rest_route=\/wp\/v2\/users\/246"}],"replies":[{"embeddable":true,"href":"https:\/\/diarioregionaldigital.com.br\/index.php?rest_route=%2Fwp%2Fv2%2Fcomments&post=181990"}],"version-history":[{"count":2,"href":"https:\/\/diarioregionaldigital.com.br\/index.php?rest_route=\/wp\/v2\/posts\/181990\/revisions"}],"predecessor-version":[{"id":181993,"href":"https:\/\/diarioregionaldigital.com.br\/index.php?rest_route=\/wp\/v2\/posts\/181990\/revisions\/181993"}],"wp:featuredmedia":[{"embeddable":true,"href":"https:\/\/diarioregionaldigital.com.br\/index.php?rest_route=\/wp\/v2\/media\/181991"}],"wp:attachment":[{"href":"https:\/\/diarioregionaldigital.com.br\/index.php?rest_route=%2Fwp%2Fv2%2Fmedia&parent=181990"}],"wp:term":[{"taxonomy":"category","embeddable":true,"href":"https:\/\/diarioregionaldigital.com.br\/index.php?rest_route=%2Fwp%2Fv2%2Fcategories&post=181990"},{"taxonomy":"post_tag","embeddable":true,"href":"https:\/\/diarioregionaldigital.com.br\/index.php?rest_route=%2Fwp%2Fv2%2Ftags&post=181990"}],"curies":[{"name":"wp","href":"https:\/\/api.w.org\/{rel}","templated":true}]}}