{"id":181951,"date":"2021-05-05T18:06:23","date_gmt":"2021-05-05T21:06:23","guid":{"rendered":"https:\/\/diarioregionaldigital.com.br\/?p=181951"},"modified":"2021-05-05T18:06:23","modified_gmt":"2021-05-05T21:06:23","slug":"falta-de-autonomia-e-divergencia-sobre-cloroquina-o-levaram-a-sair-do-ministerio-afirma-teich","status":"publish","type":"post","link":"https:\/\/diarioregionaldigital.com.br\/?p=181951","title":{"rendered":"Falta de autonomia e diverg\u00eancia sobre cloroquina o levaram a sair do minist\u00e9rio, afirma Teich"},"content":{"rendered":"<p>Segundo ex-ministro da Sa\u00fade do governo Bolsonaro a comparecer \u00e0 CPI da Pandemia, Nelson Teich dep\u00f4s durante seis horas aos senadores nesta quarta-feira (5). Na condi\u00e7\u00e3o de testemunha, o m\u00e9dico oncologista deu detalhes sobre sua sa\u00edda do Minist\u00e9rio ap\u00f3s apenas 29 dias no cargo; sobre seu posicionamento em rela\u00e7\u00e3o \u00e0 cloroquina e sobre seu relacionamento com o general Eduardo Pazuello, que lhe sucedeu no comando da pasta.<\/p>\n<p>Nelson Teich repetiu v\u00e1rias vezes que deixou o governo quando percebeu que n\u00e3o teria autonomia para fazer o que ele achava ser necess\u00e1rio para que o Brasil atravessasse uma crise t\u00e3o dif\u00edcil, situa\u00e7\u00e3o que se refletiu na discord\u00e2ncia em rela\u00e7\u00e3o \u00e0 cloroquina.<\/p>\n<p>\u2014\u00a0Essa falta de autonomia ficou mais evidente em rela\u00e7\u00e3o \u00e0s diverg\u00eancias quanto \u00e0 efic\u00e1cia e extens\u00e3o do uso da cloroquina.\u00a0 Enquanto a minha convic\u00e7\u00e3o pessoal, baseada em estudos, era de que naquele momento n\u00e3o existia evid\u00eancia para liberar, existia um entendimento diferente por parte do presidente, que era amparado na opini\u00e3o de outros profissionais, at\u00e9 do Conselho Federal de Medicina. Isso a\u00ed foi o que motivou a minha sa\u00edda. Sem a liberdade para conduzir o minist\u00e9rio conforme as minhas convic\u00e7\u00f5es, optei por deixar o cargo \u2014 explicou.<\/p>\n<p><strong>Distribui\u00e7\u00e3o de cloroquina<\/strong><\/p>\n<p>Ainda sobre a cloroquina, ap\u00f3s pergunta do relator, senador Renan Calheiros (MDB-AL), Teich disse n\u00e3o ter conhecimento sobre a fabrica\u00e7\u00e3o do medicamento em laborat\u00f3rios do Ex\u00e9rcito. Ele negou tamb\u00e9m ter distribu\u00eddo a subst\u00e2ncia para comunidades ind\u00edgenas e que tivesse recebido ordem expressa do presidente da Rep\u00fablica para ado\u00e7\u00e3o do medicamento em todo o pa\u00eds.<\/p>\n<p>Teich explicou que se trata de uma droga com efeitos colaterais de risco, sem dados concretos sobre seus reais benef\u00edcios, e havia ainda preocupa\u00e7\u00e3o com o uso indiscriminado e indevido por parte da popula\u00e7\u00e3o.<\/p>\n<p>O relator insistiu, querendo saber se houve a distribui\u00e7\u00e3o do produto a partir do Minist\u00e9rio da Sa\u00fade.<\/p>\n<p>\u2014 Pode ter acontecido, mas nunca sob minha orienta\u00e7\u00e3o, que era contr\u00e1ria. Estou falando isso porque sempre \u00e9 poss\u00edvel acontecer alguma coisa. \u00c9 uma m\u00e1quina muito grande. Mas n\u00e3o era do meu conhecimento e, se tivesse sabido, n\u00e3o deixaria fazer \u2014 garantiu.<\/p>\n<p>Ao abordar tamb\u00e9m o assunto, os senadores Luiz Carlos Heinze (PP-PR), Eduardo Gir\u00e3o (Podemos-CE) e Marcos do Val (Podemos-ES) reclamaram da &#8220;politiza\u00e7\u00e3o&#8221; do tema e afirmaram que a ci\u00eancia est\u00e1 dividida e que h\u00e1 especialistas e centenas de estudos cient\u00edficos com resultados favor\u00e1veis ao medicamento.<\/p>\n<p>\u2014 A verdade vai triunfar com o tempo e espero que o ministro Teich n\u00e3o tenha remorso em rela\u00e7\u00e3o a isso \u2014 disse Eduardo Gir\u00e3o.<\/p>\n<p>Teich, por sua vez, sublinhou que \u00e9 preciso se orientar por institui\u00e7\u00f5es internacionais reconhecidas e, por isso, n\u00e3o recomenda o uso desse e outros medicamentos contra covid-19.<\/p>\n<p>Senadores como Otto Alencar (PSD-BA), Zenaide Maia (Pros-RN) e Fabiano Contarato (Rede-ES) se uniram \u00e0s recomenda\u00e7\u00f5es do ministro, contr\u00e1rias ao uso de cloroquina.\u00a0Otto afirmou que Heinze estava &#8220;completamente equivocado&#8221; quanto ao tratamento, pois a cloroquina n\u00e3o serve contra covid e pode ter graves efeitos colaterais. J\u00e1 Zenaide disse que o governo\u00a0vendeu \u201cfalsa esperan\u00e7a\u201d ao povo brasileiro ao incentivar o uso da cloroquina e cobrou do Executivo a publicidade educativa sobre uso de m\u00e1scaras e isolamento. E Fabiano refor\u00e7ou que \u00e9 preciso olhar para o consenso cient\u00edfico, que n\u00e3o recomenda o uso do medicamento.<\/p>\n<p><strong>Vacinas<br \/>\n<\/strong><br \/>\nEm rela\u00e7\u00e3o \u00e0s vacinas, Teich declarou que\u00a0durante a sua gest\u00e3o come\u00e7aram as tratativas sobre os imunizantes, mas com foco nos estudos cl\u00ednicos, e n\u00e3o nos contratos e nas compras. Ao responder ao senador Randolfe Rodrigues (Rede-AP), o ex-ministro afirmou ainda que fez contato com tr\u00eas empresas e que integrantes da pasta podem ter conversado com outras institui\u00e7\u00f5es.<\/p>\n<p>\u2014\u00a0No meu per\u00edodo, n\u00e3o tinha uma vacina ainda sendo comercializada, era ainda o come\u00e7o do processo e foi quando eu trouxe o imunizante da AstraZeneca para o estudo ser realizado no Brasil, para o pa\u00eds ser um dos bra\u00e7os desse estudo, na expectativa de que, trazendo o estudo, a gente tivesse uma facilidade na compra futura \u2014 esclareceu.<\/p>\n<p>Para o m\u00e9dico, o pa\u00eds poderia sim ter antecipado na compra de imunizantes; mas, para isso, teria que ter entrado numa esp\u00e9cie de compra de risco:<\/p>\n<p>\u2014\u00a0S\u00e3o duas coisas distintas: uma \u00e9 o cons\u00f3rcio e outra \u00e9 da fase em que voc\u00ea pode fazer a compra no risco, ou seja, se a vacina n\u00e3o der certo voc\u00ea perde. Mas isso envolve um grande volume de dinheiro, ent\u00e3o \u00e9 preciso ter uma posi\u00e7\u00e3o do pa\u00eds, n\u00e3o apenas Minist\u00e9rio da Sa\u00fade.\u00a0Mas, tendo uma estrat\u00e9gia mais focada em vacina, provavelmente a gente teria tido mais vacina\u00a0\u2014 afirmou.<\/p>\n<p><strong>Mulheres<\/strong><\/p>\n<p>A participa\u00e7\u00e3o da bancada feminina na CPI voltou a gerar pol\u00eamica.\u00a0Sem vaga formal no colegiado, as senadoras t\u00eam se revezado para fazer perguntas durantes as audi\u00eancias, a partir de uma permiss\u00e3o do presidente Omar Aziz (MDB-AM).<\/p>\n<p>Segundo o senador Ciro Nogueira (PP-PI), no entanto, n\u00e3o houve acordo para abertura de tal exce\u00e7\u00e3o. Ele reclamou e foi iniciada uma discuss\u00e3o com a senadora Elilziane Gema (Cidadania-MA) e com outras parlamentares que estavam na sala.<\/p>\n<p>\u2014\u00a0Ningu\u00e9m! N\u00e3o h\u00e1 um partido pol\u00edtico desta Casa que tenha mais representantes mulheres. Agora, se foi um erro das lideran\u00e7as n\u00e3o indicarem as mulheres, a culpa n\u00e3o \u00e9 nossa.\u00a0E a gente fica sempre com o papel de ser o vil\u00e3o dessa situa\u00e7\u00e3o? \u2014 indagou.<\/p>\n<p>Eliziane Game afirmou ter havido acordo sim e disse n\u00e3o entender o medo das vozes femininas na comiss\u00e3o.<\/p>\n<p>\u2014 Somos 12 Senadoras, n\u00f3s temos, inclusive, direito a destaque, com a altera\u00e7\u00e3o do Regimento que n\u00f3s fizemos. Eu acho at\u00e9 que \u00e9 algo que a gente precisa debater para que, em casos de comiss\u00f5es que n\u00e3o tenham a participa\u00e7\u00e3o de uma mulher, que a nossa bancada indique uma. Eu acho que de fato n\u00f3s precisamos alterar \u2014 sugeriu.<\/p>\n<p>Omar Aziz chegou a suspender temporariamente a sess\u00e3o, mas ela foi retomada pouco menos de dez minutos depois com o direito de fala garantido a Eliziane.\u00a0 Segundo o presidente, a quest\u00e3o da participa\u00e7\u00e3o das mulheres ainda ser\u00e1 novamente discutida pelo colegiado.<\/p>\n<p>\u00c0s 16h38, o presidente da CPI encerrou a reuni\u00e3o por conta da abertura da ordem do dia do Plen\u00e1rio.<\/p>\n<p>Fonte: Ag\u00eancia Senado<\/p>\n","protected":false},"excerpt":{"rendered":"<p>Segundo ex-ministro da Sa\u00fade do governo Bolsonaro a comparecer \u00e0 CPI da Pandemia, Nelson Teich dep\u00f4s durante seis horas aos senadores nesta quarta-feira (5). Na condi\u00e7\u00e3o de testemunha, o m\u00e9dico oncologista deu detalhes sobre sua sa\u00edda do Minist\u00e9rio ap\u00f3s apenas 29 dias no cargo; sobre seu posicionamento em rela\u00e7\u00e3o \u00e0 cloroquina e sobre seu relacionamento [&hellip;]<\/p>\n","protected":false},"author":246,"featured_media":181952,"comment_status":"closed","ping_status":"closed","sticky":false,"template":"","format":"standard","meta":{"footnotes":""},"categories":[436,440,254,439],"tags":[],"class_list":["post-181951","post","type-post","status-publish","format-standard","has-post-thumbnail","hentry","category-destaque-da-semana","category-destaques-do-dia","category-politica","category-ultima-hora"],"_links":{"self":[{"href":"https:\/\/diarioregionaldigital.com.br\/index.php?rest_route=\/wp\/v2\/posts\/181951","targetHints":{"allow":["GET"]}}],"collection":[{"href":"https:\/\/diarioregionaldigital.com.br\/index.php?rest_route=\/wp\/v2\/posts"}],"about":[{"href":"https:\/\/diarioregionaldigital.com.br\/index.php?rest_route=\/wp\/v2\/types\/post"}],"author":[{"embeddable":true,"href":"https:\/\/diarioregionaldigital.com.br\/index.php?rest_route=\/wp\/v2\/users\/246"}],"replies":[{"embeddable":true,"href":"https:\/\/diarioregionaldigital.com.br\/index.php?rest_route=%2Fwp%2Fv2%2Fcomments&post=181951"}],"version-history":[{"count":1,"href":"https:\/\/diarioregionaldigital.com.br\/index.php?rest_route=\/wp\/v2\/posts\/181951\/revisions"}],"predecessor-version":[{"id":181953,"href":"https:\/\/diarioregionaldigital.com.br\/index.php?rest_route=\/wp\/v2\/posts\/181951\/revisions\/181953"}],"wp:featuredmedia":[{"embeddable":true,"href":"https:\/\/diarioregionaldigital.com.br\/index.php?rest_route=\/wp\/v2\/media\/181952"}],"wp:attachment":[{"href":"https:\/\/diarioregionaldigital.com.br\/index.php?rest_route=%2Fwp%2Fv2%2Fmedia&parent=181951"}],"wp:term":[{"taxonomy":"category","embeddable":true,"href":"https:\/\/diarioregionaldigital.com.br\/index.php?rest_route=%2Fwp%2Fv2%2Fcategories&post=181951"},{"taxonomy":"post_tag","embeddable":true,"href":"https:\/\/diarioregionaldigital.com.br\/index.php?rest_route=%2Fwp%2Fv2%2Ftags&post=181951"}],"curies":[{"name":"wp","href":"https:\/\/api.w.org\/{rel}","templated":true}]}}