{"id":181930,"date":"2021-05-04T23:40:06","date_gmt":"2021-05-05T02:40:06","guid":{"rendered":"https:\/\/diarioregionaldigital.com.br\/?p=181930"},"modified":"2021-05-04T23:40:06","modified_gmt":"2021-05-05T02:40:06","slug":"policia-militar-registra-roubo-de-motocicleta-no-bairro-sao-bernardo","status":"publish","type":"post","link":"https:\/\/diarioregionaldigital.com.br\/?p=181930","title":{"rendered":"Pol\u00edcia Militar registra roubo de motocicleta no bairro S\u00e3o Bernardo"},"content":{"rendered":"<p>No final da tarde de ter\u00e7a-feira, 03Mai21, por volta das 17h08min, a Pol\u00edcia Militar foi acionada via 190 a comparecer na Rua S\u00e3o Bernardo, no bairro de mesmo nome, para atendimento a um homem de 24 anos que teve sua motocicleta roubada, uma Honda NX Falcon cor preta. V\u00edtima relata que transitava pelo local quando ao parar para realizar convers\u00e3o foi abordado por dois indiv\u00edduos, um deles estava armado com um rev\u00f3lver, anunciaram assalto e roubaram o ve\u00edculo, fugindo em seguida.<\/p>\n<p>Foi desencadeada uma opera\u00e7\u00e3o pela Pol\u00edcia Militar no bairro S\u00e3o Benedito com aten\u00e7\u00f5es voltadas a motocicleta Honda NX4 Falcon cor preta. No mesmo dia no bairro S\u00e3o Bernardo, um ve\u00edculo com as mesmas caracter\u00edsticas foi visualizado pelos militares. Ao perceber a presen\u00e7a policial, o condutor empreendeu fuga e adentrou numa trilha na Rua Jos\u00e9 Zacarias dos Santos, abandonando a moto e seguindo em fuga. Realizada a vistoria, foi confirmada de se tratar da motocicleta roubada. Ve\u00edculo removido ao P\u00e1tio credenciado para posterior entrega ao propriet\u00e1rio.<\/p>\n","protected":false},"excerpt":{"rendered":"<p>No final da tarde de ter\u00e7a-feira, 03Mai21, por volta das 17h08min, a Pol\u00edcia Militar foi acionada via 190 a comparecer na Rua S\u00e3o Bernardo, no bairro de mesmo nome, para atendimento a um homem de 24 anos que teve sua motocicleta roubada, uma Honda NX Falcon cor preta. V\u00edtima relata que transitava pelo local quando [&hellip;]<\/p>\n","protected":false},"author":246,"featured_media":181931,"comment_status":"closed","ping_status":"closed","sticky":false,"template":"","format":"standard","meta":{"footnotes":""},"categories":[301,1229],"tags":[],"class_list":["post-181930","post","type-post","status-publish","format-standard","has-post-thumbnail","hentry","category-artigos-policiais","category-policial"],"_links":{"self":[{"href":"https:\/\/diarioregionaldigital.com.br\/index.php?rest_route=\/wp\/v2\/posts\/181930","targetHints":{"allow":["GET"]}}],"collection":[{"href":"https:\/\/diarioregionaldigital.com.br\/index.php?rest_route=\/wp\/v2\/posts"}],"about":[{"href":"https:\/\/diarioregionaldigital.com.br\/index.php?rest_route=\/wp\/v2\/types\/post"}],"author":[{"embeddable":true,"href":"https:\/\/diarioregionaldigital.com.br\/index.php?rest_route=\/wp\/v2\/users\/246"}],"replies":[{"embeddable":true,"href":"https:\/\/diarioregionaldigital.com.br\/index.php?rest_route=%2Fwp%2Fv2%2Fcomments&post=181930"}],"version-history":[{"count":2,"href":"https:\/\/diarioregionaldigital.com.br\/index.php?rest_route=\/wp\/v2\/posts\/181930\/revisions"}],"predecessor-version":[{"id":181933,"href":"https:\/\/diarioregionaldigital.com.br\/index.php?rest_route=\/wp\/v2\/posts\/181930\/revisions\/181933"}],"wp:featuredmedia":[{"embeddable":true,"href":"https:\/\/diarioregionaldigital.com.br\/index.php?rest_route=\/wp\/v2\/media\/181931"}],"wp:attachment":[{"href":"https:\/\/diarioregionaldigital.com.br\/index.php?rest_route=%2Fwp%2Fv2%2Fmedia&parent=181930"}],"wp:term":[{"taxonomy":"category","embeddable":true,"href":"https:\/\/diarioregionaldigital.com.br\/index.php?rest_route=%2Fwp%2Fv2%2Fcategories&post=181930"},{"taxonomy":"post_tag","embeddable":true,"href":"https:\/\/diarioregionaldigital.com.br\/index.php?rest_route=%2Fwp%2Fv2%2Ftags&post=181930"}],"curies":[{"name":"wp","href":"https:\/\/api.w.org\/{rel}","templated":true}]}}