{"id":181928,"date":"2021-05-04T23:29:21","date_gmt":"2021-05-05T02:29:21","guid":{"rendered":"https:\/\/diarioregionaldigital.com.br\/?p=181928"},"modified":"2021-05-04T23:29:21","modified_gmt":"2021-05-05T02:29:21","slug":"covid-19-municipio-contabiliza-7-mortes-nas-ultimas-24h-2","status":"publish","type":"post","link":"https:\/\/diarioregionaldigital.com.br\/?p=181928","title":{"rendered":"Covid-19: Munic\u00edpio contabiliza 7 mortes nas \u00faltimas 24h"},"content":{"rendered":"<p>O novo boletim epidemiol\u00f3gico divulgado nesta ter\u00e7a-feira (05) pela Secretaria de Sa\u00fade (SS) da Prefeitura de Juiz de Fora (PJF), aponta que o munic\u00edpio contabilizou mais 148 novos casos por Coronav\u00edrus, totalizando 30.163 pessoas infectadas. Segundo o levantamento, foram notificados mais 7 mortes, acumulando 1.462 vidas perdidas e 420 pacientes est\u00e3o suspeitos de terem a doen\u00e7a.<\/p>\n<p><b>Leitos\u00a0<\/b><\/p>\n<p>Segundo informa\u00e7\u00f5es da PJF, 405 pessoas est\u00e3o hospitalizadas por covid-19 no munic\u00edpio. Ao todo, 188 pacientes ocupam leitos de UTI (p\u00fablico e privado) e 217 de enfermaria. A taxa de ocupa\u00e7\u00e3o dos leitos de UTI da rede p\u00fablica \u00e9 de 79,17 %. J\u00e1 os leitos de Enfermaria do Sus 63,8 % est\u00e3o ocupados.<\/p>\n","protected":false},"excerpt":{"rendered":"<p>O novo boletim epidemiol\u00f3gico divulgado nesta ter\u00e7a-feira (05) pela Secretaria de Sa\u00fade (SS) da Prefeitura de Juiz de Fora (PJF), aponta que o munic\u00edpio contabilizou mais 148 novos casos por Coronav\u00edrus, totalizando 30.163 pessoas infectadas. Segundo o levantamento, foram notificados mais 7 mortes, acumulando 1.462 vidas perdidas e 420 pacientes est\u00e3o suspeitos de terem a [&hellip;]<\/p>\n","protected":false},"author":246,"featured_media":181859,"comment_status":"closed","ping_status":"closed","sticky":false,"template":"","format":"standard","meta":{"footnotes":""},"categories":[253,436,440,262,439],"tags":[],"class_list":["post-181928","post","type-post","status-publish","format-standard","has-post-thumbnail","hentry","category-cidade","category-destaque-da-semana","category-destaques-do-dia","category-noticias","category-ultima-hora"],"_links":{"self":[{"href":"https:\/\/diarioregionaldigital.com.br\/index.php?rest_route=\/wp\/v2\/posts\/181928","targetHints":{"allow":["GET"]}}],"collection":[{"href":"https:\/\/diarioregionaldigital.com.br\/index.php?rest_route=\/wp\/v2\/posts"}],"about":[{"href":"https:\/\/diarioregionaldigital.com.br\/index.php?rest_route=\/wp\/v2\/types\/post"}],"author":[{"embeddable":true,"href":"https:\/\/diarioregionaldigital.com.br\/index.php?rest_route=\/wp\/v2\/users\/246"}],"replies":[{"embeddable":true,"href":"https:\/\/diarioregionaldigital.com.br\/index.php?rest_route=%2Fwp%2Fv2%2Fcomments&post=181928"}],"version-history":[{"count":1,"href":"https:\/\/diarioregionaldigital.com.br\/index.php?rest_route=\/wp\/v2\/posts\/181928\/revisions"}],"predecessor-version":[{"id":181929,"href":"https:\/\/diarioregionaldigital.com.br\/index.php?rest_route=\/wp\/v2\/posts\/181928\/revisions\/181929"}],"wp:featuredmedia":[{"embeddable":true,"href":"https:\/\/diarioregionaldigital.com.br\/index.php?rest_route=\/wp\/v2\/media\/181859"}],"wp:attachment":[{"href":"https:\/\/diarioregionaldigital.com.br\/index.php?rest_route=%2Fwp%2Fv2%2Fmedia&parent=181928"}],"wp:term":[{"taxonomy":"category","embeddable":true,"href":"https:\/\/diarioregionaldigital.com.br\/index.php?rest_route=%2Fwp%2Fv2%2Fcategories&post=181928"},{"taxonomy":"post_tag","embeddable":true,"href":"https:\/\/diarioregionaldigital.com.br\/index.php?rest_route=%2Fwp%2Fv2%2Ftags&post=181928"}],"curies":[{"name":"wp","href":"https:\/\/api.w.org\/{rel}","templated":true}]}}