{"id":181924,"date":"2021-05-04T23:24:24","date_gmt":"2021-05-05T02:24:24","guid":{"rendered":"https:\/\/diarioregionaldigital.com.br\/?p=181924"},"modified":"2021-05-04T23:24:24","modified_gmt":"2021-05-05T02:24:24","slug":"minas-gerais-ultrapassa-a-marca-de-34-mil-obitos-por-covid-19-desde-o-inicio-da-pandemia","status":"publish","type":"post","link":"https:\/\/diarioregionaldigital.com.br\/?p=181924","title":{"rendered":"Minas Gerais ultrapassa a marca de 34 mil \u00f3bitos por Covid-19 desde o in\u00edcio da pandemia"},"content":{"rendered":"<p>A Secretaria de Estado da Sa\u00fade de Minas Gerais (SES-MG), publicou nesta ter\u00e7a-feira (04), o <a href=\"https:\/\/coronavirus.saude.mg.gov.br\/images\/1_2021\/04-abril\/04.05.21COVID-19_-_BOLETIM.pdf\">novo boletim<\/a> referente ao Coronav\u00edrus. O levantamento aponta que o estado notificou mais 6.727 novos casos da doen\u00e7a, totalizando 1.378.545 pessoas infectadas. Os dados indicam que foram registradas mais 83 mortes, contabilizando 34.396 \u00f3bitos.<\/p>\n<p>Al\u00e9m disso, 1.269.377 pacientes est\u00e3o recuperados da doen\u00e7a, representando 92\u00a0 % dos casos. Quanto aos dados de hospitaliza\u00e7\u00e3o, 118.158 estiveram internados e 1.260.387 j\u00e1 fizeram isolamento domiciliar. At\u00e9 o momento, 3.470.355 pessoas receberam a primeira dose da vacina e 1.727.709 a segunda.<\/p>\n","protected":false},"excerpt":{"rendered":"<p>A Secretaria de Estado da Sa\u00fade de Minas Gerais (SES-MG), publicou nesta ter\u00e7a-feira (04), o novo boletim referente ao Coronav\u00edrus. O levantamento aponta que o estado notificou mais 6.727 novos casos da doen\u00e7a, totalizando 1.378.545 pessoas infectadas. Os dados indicam que foram registradas mais 83 mortes, contabilizando 34.396 \u00f3bitos. Al\u00e9m disso, 1.269.377 pacientes est\u00e3o recuperados [&hellip;]<\/p>\n","protected":false},"author":246,"featured_media":181925,"comment_status":"closed","ping_status":"closed","sticky":false,"template":"","format":"standard","meta":{"footnotes":""},"categories":[262,252],"tags":[],"class_list":["post-181924","post","type-post","status-publish","format-standard","has-post-thumbnail","hentry","category-noticias","category-regiao"],"_links":{"self":[{"href":"https:\/\/diarioregionaldigital.com.br\/index.php?rest_route=\/wp\/v2\/posts\/181924","targetHints":{"allow":["GET"]}}],"collection":[{"href":"https:\/\/diarioregionaldigital.com.br\/index.php?rest_route=\/wp\/v2\/posts"}],"about":[{"href":"https:\/\/diarioregionaldigital.com.br\/index.php?rest_route=\/wp\/v2\/types\/post"}],"author":[{"embeddable":true,"href":"https:\/\/diarioregionaldigital.com.br\/index.php?rest_route=\/wp\/v2\/users\/246"}],"replies":[{"embeddable":true,"href":"https:\/\/diarioregionaldigital.com.br\/index.php?rest_route=%2Fwp%2Fv2%2Fcomments&post=181924"}],"version-history":[{"count":2,"href":"https:\/\/diarioregionaldigital.com.br\/index.php?rest_route=\/wp\/v2\/posts\/181924\/revisions"}],"predecessor-version":[{"id":181927,"href":"https:\/\/diarioregionaldigital.com.br\/index.php?rest_route=\/wp\/v2\/posts\/181924\/revisions\/181927"}],"wp:featuredmedia":[{"embeddable":true,"href":"https:\/\/diarioregionaldigital.com.br\/index.php?rest_route=\/wp\/v2\/media\/181925"}],"wp:attachment":[{"href":"https:\/\/diarioregionaldigital.com.br\/index.php?rest_route=%2Fwp%2Fv2%2Fmedia&parent=181924"}],"wp:term":[{"taxonomy":"category","embeddable":true,"href":"https:\/\/diarioregionaldigital.com.br\/index.php?rest_route=%2Fwp%2Fv2%2Fcategories&post=181924"},{"taxonomy":"post_tag","embeddable":true,"href":"https:\/\/diarioregionaldigital.com.br\/index.php?rest_route=%2Fwp%2Fv2%2Ftags&post=181924"}],"curies":[{"name":"wp","href":"https:\/\/api.w.org\/{rel}","templated":true}]}}