{"id":181885,"date":"2021-05-04T18:06:43","date_gmt":"2021-05-04T21:06:43","guid":{"rendered":"https:\/\/diarioregionaldigital.com.br\/?p=181885"},"modified":"2021-05-04T18:06:43","modified_gmt":"2021-05-04T21:06:43","slug":"inflacao-na-industria-fica-em-478-em-marco-segunda-maior-alta-desde-2014","status":"publish","type":"post","link":"https:\/\/diarioregionaldigital.com.br\/?p=181885","title":{"rendered":"Infla\u00e7\u00e3o na ind\u00fastria fica em 4,78% em mar\u00e7o, segunda maior alta desde 2014"},"content":{"rendered":"<p>Os pre\u00e7os da ind\u00fastria subiram 4,78% em mar\u00e7o frente a fevereiro, a segunda maior alta da s\u00e9rie hist\u00f3rica do \u00cdndice de Pre\u00e7os ao Produtor (IPP), iniciada em 2014. Em fevereiro, a alta recorde foi revisada\u00a0de 5,22% para 5,16%. Com o resultado, o \u00edndice, divulgado hoje (4) pelo IBGE, acumula recordes de 14,09%, no trimestre, e de 33,52%, nos \u00faltimos 12 meses.<\/p>\n<p>Esse \u00e9 o vig\u00e9simo aumento consecutivo, na compara\u00e7\u00e3o m\u00eas a m\u00eas do indicador, desde agosto de 2019. O \u00edndice mede a varia\u00e7\u00e3o dos pre\u00e7os de produtos na \u201cporta da f\u00e1brica\u201d, sem impostos e frete, de 24 atividades das ind\u00fastrias extrativas e da transforma\u00e7\u00e3o. Dessas, 23 apresentaram varia\u00e7\u00f5es positivas, repetindo o desempenho apresentado nos meses de fevereiro e janeiro.<\/p>\n<p>O resultado reflete, principalmente, a eleva\u00e7\u00e3o dos pre\u00e7os nas atividades de refino de petr\u00f3leo e produtos de \u00e1lcool (16,77%), outros produtos qu\u00edmicos (8,79%), madeira (7,73%) e papel e celulose (7,18%). J\u00e1 as maiores influ\u00eancias vieram de refino de petr\u00f3leo e produtos de \u00e1lcool (1,53 p.p.), outros produtos qu\u00edmicos (0,74 p.p.), alimentos (0,58 p.p.) e metalurgia (0,41 p.p.).<\/p>\n<div class=\"single\">\n<div class=\"texto--single \">\n<p>Alexandre Brand\u00e3o, gerente de an\u00e1lise e metodologia da Coordena\u00e7\u00e3o de Ind\u00fastria, diz que o resultado do m\u00eas de mar\u00e7o reflete o impacto da deprecia\u00e7\u00e3o do real frente ao d\u00f3lar, que afeta tanto os pre\u00e7os dos produtos exportados pelo Brasil quanto os pre\u00e7os dos produtos importados, em particular das mat\u00e9rias primas. No caso do aumento de custo, isso gera um efeito em cascata em diversas cadeias industriais.<\/p>\n<p>\u201cMuitas mat\u00e9rias primas est\u00e3o com os pre\u00e7os majorados e essas altas se espalham por diversas cadeias. Se aumenta o pre\u00e7o do \u00f3leo bruto de petr\u00f3leo, aumentam os pre\u00e7os dos derivados; se a nafta sofre aumento, alguns produtos qu\u00edmicos que a utilizam como mat\u00e9ria prima tamb\u00e9m t\u00eam seus pre\u00e7os elevados e isso acaba impactando o setor de pl\u00e1sticos, que processa alguns desses produtos qu\u00edmicos. O mesmo \u00e9 v\u00e1lido em rela\u00e7\u00e3o ao pre\u00e7o do min\u00e9rio, que tem impacto na metalurgia e, num segundo momento, em ind\u00fastrias como a automotiva ou a produtora de eletrodom\u00e9sticos\u201d explica Brand\u00e3o.<\/p>\n<p>Outro fator que contribuiu para a eleva\u00e7\u00e3o de pre\u00e7os no m\u00eas de mar\u00e7o foi o aumento da demanda internacional, especialmente da China, impactando o pre\u00e7o das commodities, sobretudo agr\u00edcolas.<\/p>\n<p>\u201cAs commodities t\u00eam aumentado de pre\u00e7o porque o mercado internacional est\u00e1 pressionado pela demanda, em particular a exercida pela China por produtos da agroind\u00fastria, como os derivados da soja e as carnes, em particular bovina. Mas tamb\u00e9m h\u00e1 press\u00f5es sobre produtos sider\u00fargicos e de celulose\u201d, diz Brand\u00e3o.<\/p>\n<p>Ele destaca que alimentos, setor mais pesado da economia, n\u00e3o apareceu entre as principais influ\u00eancias nem em janeiro nem em fevereiro, quando foram os recordes da s\u00e9rie. Todavia, voltou a aparecer em mar\u00e7o e, na perspectiva do indicador dos \u00faltimos 12 meses, \u00e9 a maior influ\u00eancia no \u00edndice de 33,52% (7,58 p.p.), seguido por ind\u00fastrias extrativas (5,55 p.p.), refino de petr\u00f3leo e produtos de \u00e1lcool (4,70 p.p.) e outros produtos qu\u00edmicos (3,63 p.p.). Seja como for, extrativas, alimentos, refino de petr\u00f3leo, outros produtos qu\u00edmicos e metalurgia t\u00eam aparecido, desde novembro de 2020, como os mais influentes em pelo menos um dos tr\u00eas indicadores calculados\u00a0&#8211; m\u00eas\/m\u00eas anterior, acumulado no ano e acumulado 12 meses.\u201d, analisa Brand\u00e3o.<\/p>\n<p><strong>Sobre a pesquisa<\/strong><\/p>\n<p>O \u00cdndice de Pre\u00e7os ao Produtor &#8211; IPP, cujo \u00e2mbito s\u00e3o as ind\u00fastrias extrativas e de transforma\u00e7\u00e3o, tem como principal objetivo mensurar a mudan\u00e7a m\u00e9dia dos pre\u00e7os de venda recebidos pelos produtores dom\u00e9sticos de bens e servi\u00e7os, bem como sua evolu\u00e7\u00e3o ao longo do tempo, sinalizando as tend\u00eancias inflacion\u00e1rias de curto prazo no Pa\u00eds. Constitui, assim, um indicador essencial para o acompanhamento macroecon\u00f4mico e, por conseguinte, um valioso instrumento anal\u00edtico para tomadores de decis\u00e3o, p\u00fablicos ou privados.<\/p>\n<p>O IPP investiga, em pouco mais de 2.100 empresas, os pre\u00e7os recebidos pelo produtor, isentos de impostos, tarifas e fretes e definidos segundo as pr\u00e1ticas comerciais mais usuais. Coletam-se cerca de 6\u00a0mil pre\u00e7os mensalmente. Adotando a Classifica\u00e7\u00e3o Nacional de Atividades Econ\u00f4micas &#8211; CNAE 2.0, o IPP gera indicadores para 24 atividades das ind\u00fastrias extrativas e de transforma\u00e7\u00e3o, al\u00e9m de reorganizar os mesmos dados em grandes categorias econ\u00f4micas, abertas em bens de capital, bens intermedi\u00e1rios e bens de consumo (dur\u00e1veis e semidur\u00e1veis e n\u00e3o dur\u00e1veis).<\/p>\n<\/div>\n<\/div>\n<div><span style=\"font-weight: 400;\">Fonte: Ag\u00eancia IBGE<\/span><\/div>\n<div class=\"lista-noticias lista-noticias--interno\">\n<div class=\"lista-noticias__item pure-g\"><\/div>\n<\/div>\n","protected":false},"excerpt":{"rendered":"<p>Os pre\u00e7os da ind\u00fastria subiram 4,78% em mar\u00e7o frente a fevereiro, a segunda maior alta da s\u00e9rie hist\u00f3rica do \u00cdndice de Pre\u00e7os ao Produtor (IPP), iniciada em 2014. Em fevereiro, a alta recorde foi revisada\u00a0de 5,22% para 5,16%. Com o resultado, o \u00edndice, divulgado hoje (4) pelo IBGE, acumula recordes de 14,09%, no trimestre, e [&hellip;]<\/p>\n","protected":false},"author":246,"featured_media":181886,"comment_status":"closed","ping_status":"closed","sticky":false,"template":"","format":"standard","meta":{"footnotes":""},"categories":[436,440,261,439],"tags":[],"class_list":["post-181885","post","type-post","status-publish","format-standard","has-post-thumbnail","hentry","category-destaque-da-semana","category-destaques-do-dia","category-economia","category-ultima-hora"],"_links":{"self":[{"href":"https:\/\/diarioregionaldigital.com.br\/index.php?rest_route=\/wp\/v2\/posts\/181885","targetHints":{"allow":["GET"]}}],"collection":[{"href":"https:\/\/diarioregionaldigital.com.br\/index.php?rest_route=\/wp\/v2\/posts"}],"about":[{"href":"https:\/\/diarioregionaldigital.com.br\/index.php?rest_route=\/wp\/v2\/types\/post"}],"author":[{"embeddable":true,"href":"https:\/\/diarioregionaldigital.com.br\/index.php?rest_route=\/wp\/v2\/users\/246"}],"replies":[{"embeddable":true,"href":"https:\/\/diarioregionaldigital.com.br\/index.php?rest_route=%2Fwp%2Fv2%2Fcomments&post=181885"}],"version-history":[{"count":1,"href":"https:\/\/diarioregionaldigital.com.br\/index.php?rest_route=\/wp\/v2\/posts\/181885\/revisions"}],"predecessor-version":[{"id":181887,"href":"https:\/\/diarioregionaldigital.com.br\/index.php?rest_route=\/wp\/v2\/posts\/181885\/revisions\/181887"}],"wp:featuredmedia":[{"embeddable":true,"href":"https:\/\/diarioregionaldigital.com.br\/index.php?rest_route=\/wp\/v2\/media\/181886"}],"wp:attachment":[{"href":"https:\/\/diarioregionaldigital.com.br\/index.php?rest_route=%2Fwp%2Fv2%2Fmedia&parent=181885"}],"wp:term":[{"taxonomy":"category","embeddable":true,"href":"https:\/\/diarioregionaldigital.com.br\/index.php?rest_route=%2Fwp%2Fv2%2Fcategories&post=181885"},{"taxonomy":"post_tag","embeddable":true,"href":"https:\/\/diarioregionaldigital.com.br\/index.php?rest_route=%2Fwp%2Fv2%2Ftags&post=181885"}],"curies":[{"name":"wp","href":"https:\/\/api.w.org\/{rel}","templated":true}]}}