{"id":181728,"date":"2021-04-30T18:00:28","date_gmt":"2021-04-30T21:00:28","guid":{"rendered":"https:\/\/diarioregionaldigital.com.br\/?p=181728"},"modified":"2021-04-30T18:00:28","modified_gmt":"2021-04-30T21:00:28","slug":"estamos-preparados-para-realizar-o-censo-neste-ano-diz-presidente-do-ibge-sem-descartar-2022","status":"publish","type":"post","link":"https:\/\/diarioregionaldigital.com.br\/?p=181728","title":{"rendered":"\u201cEstamos preparados para realizar o Censo neste ano\u201d, diz presidente do IBGE, sem descartar 2022"},"content":{"rendered":"<p>O novo presidente do IBGE, Eduardo Rios Neto, tomou posse no cargo e disse nesta sexta-feira (30), em entrevista coletiva online para jornalistas, que o projeto do Censo Demogr\u00e1fico est\u00e1 pronto e o Instituto est\u00e1 preparado para realiz\u00e1-lo este ano, mas que depende da libera\u00e7\u00e3o dos recursos or\u00e7ament\u00e1rios. Tamb\u00e9m destacou que a evolu\u00e7\u00e3o da cobertura da vacina\u00e7\u00e3o contra a Covid-19 ser\u00e1 um importante par\u00e2metro para o in\u00edcio da opera\u00e7\u00e3o em todo o pa\u00eds. Ele n\u00e3o descartou a possibilidade de o Censo ficar para 2022, dado que o cronograma original de prepara\u00e7\u00e3o j\u00e1 sofreu adiamentos em etapas que n\u00e3o puderam ser conclu\u00eddas sem a defini\u00e7\u00e3o da verba esperada.<\/p>\n<p>\u201cEstamos preparados tecnicamente para a realiza\u00e7\u00e3o do Censo neste ano. H\u00e1 um clamor social para que ele ocorra. Precisamos, contudo, aguardar se o or\u00e7amento de R$ 2 bilh\u00f5es ser\u00e1 recomposto, seja por via judicial ou pelo Congresso, para que todo o planejamento da opera\u00e7\u00e3o censit\u00e1ria seja executado\u201d, explicou Rios Neto.<\/p>\n<p>Na \u00faltima quarta-feira (28), o ministro do Supremo Tribunal Federal (STF), Marco Aur\u00e9lio Mello, determinou, em decis\u00e3o liminar, a realiza\u00e7\u00e3o do Censo. Isso ocorreu depois que o Or\u00e7amento foi sancionado pelo governo com corte de mais de 90% dos recursos. O or\u00e7amento de R$ 2 bilh\u00f5es foi reduzido para R$ 53 milh\u00f5es, o que inviabiliza a opera\u00e7\u00e3o. A decis\u00e3o individual do ministro ser\u00e1 avaliada pelo plen\u00e1rio do Supremo.<\/p>\n<p>Rios Neto destacou, contudo, que, independente da recomposi\u00e7\u00e3o do or\u00e7amento, j\u00e1 n\u00e3o ser\u00e1 poss\u00edvel come\u00e7ar a coleta dos dados em 1\u00ba de agosto, como previa o cronograma inicial do Censo. \u201cNo atual momento, isso significa contemplar o adiamento do in\u00edcio da coleta para setembro ou outubro, em decis\u00e3o a ser tomada oportunamente pela Comiss\u00e3o de Planejamento e Organiza\u00e7\u00e3o Geral dos Censos (CPO)\u201d, afirmou.<\/p>\n<p><strong>Processos seletivos continuam suspensos at\u00e9 defini\u00e7\u00e3o or\u00e7ament\u00e1ria<\/strong><\/p>\n<p>Os processos seletivos para contrata\u00e7\u00e3o tempor\u00e1ria de 204 mil recenseadores e agentes censit\u00e1rios continuam suspensos, aguardando uma defini\u00e7\u00e3o sobre o or\u00e7amento. Como esses profissionais visitar\u00e3o mais de 70 milh\u00f5es de domic\u00edlios, em todos os munic\u00edpios do pa\u00eds, as condi\u00e7\u00f5es sanit\u00e1rias s\u00e3o importantes para o in\u00edcio da coleta dos dados.<\/p>\n<p>\u201cFoi solicitado ao governo a inclus\u00e3o dos recenseadores e agentes censit\u00e1rios em algum grupo especial para a vacina\u00e7\u00e3o. Mas, independente da vacina\u00e7\u00e3o, esses profissionais far\u00e3o uso de EPIs (Equipamentos de Prote\u00e7\u00e3o Individual) e ser\u00e3o treinados com um protocolo de abordagem que segue par\u00e2metros internacionais\u201d, disse o presidente.<\/p>\n<p><strong>Presidente n\u00e3o descarta realizar o Censo em 2022<\/strong><\/p>\n<p>Embora n\u00e3o haja consenso, e alguns defendam o adiamento do Censo para 2022 por raz\u00f5es sanit\u00e1rias, Eduardo disse acreditar na viabilidade da opera\u00e7\u00e3o em 2021. Ele ressaltou que todos os membros da Comiss\u00e3o Consultiva do Censo Demogr\u00e1fico se manifestaram favor\u00e1veis \u00e0 realiza\u00e7\u00e3o do Censo neste ano, assim como um n\u00famero expressivo de ex-presidentes do IBGE. O novo presidente n\u00e3o descarta, contudo, que ele seja feito em 2022.<\/p>\n<p>\u201cNesse segundo cen\u00e1rio, seria necess\u00e1rio um aporte de recursos maior do que o que j\u00e1 est\u00e1 na Lei Or\u00e7ament\u00e1ria desse ano, a fim de garantir a economicidade e a tecnicidade das atividades de planejamento. O que me preocupa \u00e9 a continuidade do processo censit\u00e1rio. Cabe, tamb\u00e9m, avaliar a conveni\u00eancia de se alterar a data de in\u00edcio da coleta para o primeiro semestre de 2022. Em suma, estou pronto para liderar o processo, mesmo diante destas incertezas\u201d, afirmou Rios Neto.<\/p>\n<p>O presidente do IBGE acrescentou: \u201cA mim, como presidente do IBGE, caber\u00e1 lutar pela realiza\u00e7\u00e3o do Censo e manter a periodicidade e qualidade dos demais produtos gerados pela institui\u00e7\u00e3o. Envidarei todos os esfor\u00e7os cooperativos junto ao Poder Executivo, na Junta de Execu\u00e7\u00e3o Or\u00e7ament\u00e1ria, e, tamb\u00e9m, junto ao Congresso Nacional, a fim de viabilizar essa opera\u00e7\u00e3o\u201d.<\/p>\n<p><strong>Aperfei\u00e7oado nos \u00faltimos anos, projeto do Censo est\u00e1 baseado em tr\u00eas pilares<\/strong><\/p>\n<p>Eduardo mencionou, ainda, na entrevista, que o projeto do Censo Demogr\u00e1fico foi aperfei\u00e7oado nos \u00faltimos anos e est\u00e1 calcado em tr\u00eas pilares. O primeiro \u00e9 o modelo misto e concomitante de coleta em tr\u00eas modalidades: a tradicional entrevista face a face, a entrevista telef\u00f4nica e o autopreenchimento via internet.<\/p>\n<p>O segundo pilar \u00e9 o foco na sa\u00fade e na seguran\u00e7a, tanto dos recenseadores e servidores do IBGE, quanto da popula\u00e7\u00e3o recenseada, com protocolos sanit\u00e1rios que levam em conta as melhores pr\u00e1ticas nacionais e internacionais. J\u00e1 o terceiro pilar, \u00e9 um modelo de treinamento que combina as modalidades a dist\u00e2ncia e presencial.<\/p>\n<p>Al\u00e9m disso, a opera\u00e7\u00e3o censit\u00e1ria contar\u00e1 com mecanismos modernos de acompanhamento, com dois projetos que visam contribuir para a melhor cobertura e qualidade da opera\u00e7\u00e3o censit\u00e1ria: um de indicadores demogr\u00e1ficos, monitorados diariamente durante a fase de enumera\u00e7\u00e3o, e o projeto GradePop, destinado a estimar a densidade domiciliar nos setores censit\u00e1rios durante as fases de pr\u00e9-coleta, coleta e p\u00f3s-enumera\u00e7\u00e3o.<\/p>\n<p><strong>Novo presidente j\u00e1 atuava como diretor de Pesquisas desde 2019<\/strong><\/p>\n<p>Nomeado na \u00faltima ter\u00e7a-feira (27), Eduardo Rios Neto j\u00e1 atuava no IBGE como diretor de Pesquisas desde maio de 2019. Ele assumiu o posto no lugar de Susana Cordeiro Guerra, que pediu exonera\u00e7\u00e3o do cargo no fim de mar\u00e7o.<\/p>\n<p>Formado em Economia, o novo presidente do IBGE possui doutorado em Demografia pela Universidade da Calif\u00f3rnia, em Berkeley, e p\u00f3s-doutorado pela Universidade do Texas-Austin, ambas nos Estados Unidos. \u00c9 professor titular aposentado da Universidade Federal de Minas Gerais (UFMG). Rios Neto tamb\u00e9m \u00e9 membro da Academia Brasileira de Ci\u00eancias na \u00e1rea de ci\u00eancias sociais.<\/p>\n<p><span style=\"font-weight: 400;\"><br \/>\n<\/span><span style=\"font-weight: 400;\">Fonte: Ag\u00eancia IBGE<\/span><\/p>\n","protected":false},"excerpt":{"rendered":"<p>O novo presidente do IBGE, Eduardo Rios Neto, tomou posse no cargo e disse nesta sexta-feira (30), em entrevista coletiva online para jornalistas, que o projeto do Censo Demogr\u00e1fico est\u00e1 pronto e o Instituto est\u00e1 preparado para realiz\u00e1-lo este ano, mas que depende da libera\u00e7\u00e3o dos recursos or\u00e7ament\u00e1rios. Tamb\u00e9m destacou que a evolu\u00e7\u00e3o da cobertura [&hellip;]<\/p>\n","protected":false},"author":246,"featured_media":181729,"comment_status":"closed","ping_status":"closed","sticky":false,"template":"","format":"standard","meta":{"footnotes":""},"categories":[436,440,261,439],"tags":[],"class_list":["post-181728","post","type-post","status-publish","format-standard","has-post-thumbnail","hentry","category-destaque-da-semana","category-destaques-do-dia","category-economia","category-ultima-hora"],"_links":{"self":[{"href":"https:\/\/diarioregionaldigital.com.br\/index.php?rest_route=\/wp\/v2\/posts\/181728","targetHints":{"allow":["GET"]}}],"collection":[{"href":"https:\/\/diarioregionaldigital.com.br\/index.php?rest_route=\/wp\/v2\/posts"}],"about":[{"href":"https:\/\/diarioregionaldigital.com.br\/index.php?rest_route=\/wp\/v2\/types\/post"}],"author":[{"embeddable":true,"href":"https:\/\/diarioregionaldigital.com.br\/index.php?rest_route=\/wp\/v2\/users\/246"}],"replies":[{"embeddable":true,"href":"https:\/\/diarioregionaldigital.com.br\/index.php?rest_route=%2Fwp%2Fv2%2Fcomments&post=181728"}],"version-history":[{"count":1,"href":"https:\/\/diarioregionaldigital.com.br\/index.php?rest_route=\/wp\/v2\/posts\/181728\/revisions"}],"predecessor-version":[{"id":181730,"href":"https:\/\/diarioregionaldigital.com.br\/index.php?rest_route=\/wp\/v2\/posts\/181728\/revisions\/181730"}],"wp:featuredmedia":[{"embeddable":true,"href":"https:\/\/diarioregionaldigital.com.br\/index.php?rest_route=\/wp\/v2\/media\/181729"}],"wp:attachment":[{"href":"https:\/\/diarioregionaldigital.com.br\/index.php?rest_route=%2Fwp%2Fv2%2Fmedia&parent=181728"}],"wp:term":[{"taxonomy":"category","embeddable":true,"href":"https:\/\/diarioregionaldigital.com.br\/index.php?rest_route=%2Fwp%2Fv2%2Fcategories&post=181728"},{"taxonomy":"post_tag","embeddable":true,"href":"https:\/\/diarioregionaldigital.com.br\/index.php?rest_route=%2Fwp%2Fv2%2Ftags&post=181728"}],"curies":[{"name":"wp","href":"https:\/\/api.w.org\/{rel}","templated":true}]}}