{"id":181656,"date":"2021-04-29T18:14:33","date_gmt":"2021-04-29T21:14:33","guid":{"rendered":"https:\/\/diarioregionaldigital.com.br\/?p=181656"},"modified":"2021-04-29T18:14:33","modified_gmt":"2021-04-29T21:14:33","slug":"romeu-zema-lanca-programa-para-dar-oportunidade-de-empregos-a-mineiros-em-extrema-pobreza","status":"publish","type":"post","link":"https:\/\/diarioregionaldigital.com.br\/?p=181656","title":{"rendered":"Romeu Zema lan\u00e7a programa para dar oportunidade de empregos a mineiros em extrema pobreza"},"content":{"rendered":"<p>O governador Romeu Zema e a secret\u00e1ria de Estado de\u00a0<a href=\"http:\/\/www.sedese.mg.gov.br\/\" target=\"_blank\" rel=\"noopener\">Desenvolvimento Social (Sedese)<\/a>, Elizabeth Juc\u00e1, lan\u00e7aram nesta quinta-feira (29\/4) o Projeto Recome\u00e7o, que tem objetivo de dar oportunidades de emprego aos mineiros em situa\u00e7\u00e3o de extrema pobreza, agravada pela pandemia da covid-19.<\/p>\n<p>Com a piora da crise sanit\u00e1ria e suas consequ\u00eancias sociais e econ\u00f4micas, houve crescimento significativo de pessoas que vivem abaixo da linha da pobreza no pa\u00eds e em Minas. O projeto pretende aumentar a possibilidade desse p\u00fablico de conseguir um trabalho e amenizar os impactos sociais provocados pela pandemia, por meio da articula\u00e7\u00e3o entre \u00f3rg\u00e3os de governo (federal, estadual e municipal), setores produtivos, organiza\u00e7\u00f5es n\u00e3o-governamentais e entidades, identificando oportunidades de emprego e renda para os mineiros em situa\u00e7\u00e3o mais vulner\u00e1vel.<\/p>\n<p>Durante o lan\u00e7amento, o governador Romeu Zema destacou que, desde o in\u00edcio da pandemia, o Estado vem adotando medidas para preservar vidas e tamb\u00e9m empregos no setor produtivo.<\/p>\n<p>\u201cMais do quadruplicamos os empr\u00e9stimos para micro e pequenas empresas por meio do\u00a0<a title=\"Banco de Desenvolvimento de Minas Gerais\" href=\"http:\/\/www.bdmg.mg.gov.br\/\" target=\"_blank\" rel=\"noopener\">BDMG<\/a>. Est\u00e1 l\u00e1 na Assembleia agora o Refis. A quest\u00e3o do emprego \u00e9 fundamental e tenho certeza que as pessoas contempladas pelo Projeto Recome\u00e7o v\u00e3o valorizar muito mais o emprego do que algu\u00e9m que esteja em uma situa\u00e7\u00e3o melhor. Pessoas que valorizam o emprego, via de regra, s\u00e3o aquelas que v\u00e3o ter melhor desempenho, que \u00e9 exatamente o contexto deste trabalho\u201d, defendeu.<\/p>\n<p><strong>Capacita\u00e7\u00f5es e est\u00edmulo<\/strong><\/p>\n<p>A ideia do Projeto Recome\u00e7o \u00e9 reduzir a dist\u00e2ncia entre as vagas dos mais diversos setores produtivos e os mineiros que precisam de um trabalho. Tamb\u00e9m ser\u00e3o oferecidos cursos para o ensino de um of\u00edcio e capacita\u00e7\u00f5es. A\u00e7\u00f5es de est\u00edmulo ao empreendedorismo, como programa de Hortas Urbanas, est\u00e3o programadas.<\/p>\n<p>A partir das parcerias firmadas, o\u00a0<a href=\"http:\/\/www.mg.gov.br\/\" target=\"_blank\" rel=\"noopener\">Governo de Minas<\/a>\u00a0far\u00e1 o cruzamento de dados do Cadastro \u00danico da Assist\u00eancia Social (Cad\u00danico) e do Sistema Nacional de Emprego (Sine), que atualiza as informa\u00e7\u00f5es dos inscritos para o encaminhamento aos postos de trabalho dos parceiros do projeto.<\/p>\n<p>Atualmente, h\u00e1 oportunidades para vagas de almoxarife, mestre de obras, apontador de obras, servente de pedreiro, pedreiro, encarregado de obras, motorista de caminh\u00e3o, rasteleiro de asfalto, eletricista, auxiliar de mina, auxiliar de laborat\u00f3rio de min\u00e9rio, operador de beneficiamento, operador de equipamentos m\u00f3veis de minera\u00e7\u00e3o e mec\u00e2nico.<\/p>\n<p><strong>Investimentos<\/strong><\/p>\n<p>Aproveitando a presen\u00e7a dos deputados estaduais Laura Serrano e Guilherme da Cunha, Zema tamb\u00e9m lembrou a import\u00e2ncia da Assembleia Legislativa de Minas Gerais (ALMG) para aprova\u00e7\u00e3o de novos investimentos que ir\u00e3o resultar em benef\u00edcios para os mineiros.<\/p>\n<p>\u201cTemos uma s\u00e9rie de investimentos que hoje dependem de a Assembleia votar para criarmos milhares de empregos no estado, que v\u00e3o trazer uma dinamiza\u00e7\u00e3o da economia, melhorando a vida nos munic\u00edpios. S\u00e3o obras de infraestrutura. Precisamos agilizar isso porque sabemos que estamos em uma situa\u00e7\u00e3o econ\u00f4mica em que milhares de pessoas perderam seu emprego, o seu sustento\u201d, pediu.<\/p>\n<p><strong>Piloto<\/strong><\/p>\n<p>O piloto do projeto Recome\u00e7o come\u00e7ou em mar\u00e7o de 2021, quando a Copasa contratou mais de 30 pessoas por meio da iniciativa em Ibia\u00ed, no Norte de Minas, para a obra em uma das adutoras do Sistema de Abastecimento de \u00c1gua de Montes Claros (Sistema S\u00e3o Francisco). A interven\u00e7\u00e3o foi anunciada pelo governador Romeu Zema em janeiro, durante visita \u00e0 cidade.<\/p>\n<p>Uma das contratadas no projeto piloto foi Jiliane Pereira de Almeida Silva, de 36 anos, que comemorou a oportunidade de voltar ao mercado de trabalho.<\/p>\n<p>\u201cSou t\u00e9cnica em seguran\u00e7a do trabalho e moro em Ibia\u00ed. Agrade\u00e7o ao Projeto Recome\u00e7o por ter me dado a oportunidade de trabalhar neste momento de pandemia. Agrade\u00e7o tamb\u00e9m pela oportunidade de contratar pessoas da cidade para fazer a infraestrutura melhorar neste momento da pandemia\u201d, finalizou.<\/p>\n<p>Novas vagas ser\u00e3o abertas \u00e0 medida que a obra caminhar. A previs\u00e3o \u00e9 de que uma nova fase comece no munic\u00edpio de Cora\u00e7\u00e3o de Jesus no 2\u00ba semestre de 2021, al\u00e9m da inclus\u00e3o dos munic\u00edpios de Montes Claros e S\u00e3o Jo\u00e3o da Lagoa numa pr\u00f3xima etapa.<\/p>\n<p>A diretora de relacionamento e mercado da\u00a0<a href=\"http:\/\/www.copasa.com.br\/\" target=\"_blank\" rel=\"noopener\">Copasa<\/a>, Cristiane Schwanka, definiu o projeto como uma forma de unir esfor\u00e7os para levar \u00e0 popula\u00e7\u00e3o de Minas Gerais uma condi\u00e7\u00e3o melhor de empregabilidade.<\/p>\n<p>\u201cNo caso da Copasa, um grande empreendimento que passa pelo munic\u00edpio de Ibia\u00ed \u00e9 o nosso piloto para gera\u00e7\u00e3o e capacita\u00e7\u00e3o de pessoas no trabalho de saneamento. Al\u00e9m de trazer o benef\u00edcio de gerar novos profissionais no mercado dispostos a enfrentar os desafios do saneamento, ser\u00e1 poss\u00edvel desenvolver novas capacita\u00e7\u00f5es para que a popula\u00e7\u00e3o de Minas tenha capacidade de sobreviv\u00eancia neste momento t\u00e3o importante\u201d, defendeu.<\/p>\n<p><strong>Parceria<\/strong><\/p>\n<p>A secret\u00e1ria de Estado de Desenvolvimento Social, Elizabeth Juc\u00e1, explicou que todos os parceiros, empres\u00e1rios, institui\u00e7\u00f5es e terceiro setor vinculados ao programa demonstraram uma preocupa\u00e7\u00e3o com a quest\u00e3o social e disponibilidade em ajudar e contribuir com o Estado neste momento.<\/p>\n<p>\u201cEm contrapartida, o Estado agradece dando um selo de reconhecimento a todas estas empresas que se preocupam com a gravidade do momento e abra\u00e7am o projeto. Convido os setores produtivos de Minas a abra\u00e7arem este projeto, contribuindo e dando oportunidade aos mais vulner\u00e1veis para reduzirmos as diferen\u00e7as no estado. Tudo isso \u00e9 para o bem dos mineiros. Empresas de todos os portes s\u00e3o bem-vindas, cada vaga importa. Para este governo, cada um dos mineiros importa\u201d, destacou.<\/p>\n<p><strong>Munic\u00edpios<\/strong><\/p>\n<p>O Projeto Recome\u00e7o j\u00e1 possui parceiros em Contagem, Betim, Ribeir\u00e3o das Neves, Cora\u00e7\u00e3o de Jesus, Lagoa Santa, Congonhas, Lafaiete, Ouro Preto, Ouro Branco e Nova Lima.<\/p>\n<p>O presidente da Associa\u00e7\u00e3o Mineira dos Munic\u00edpios (AMM), Julvan Lacerda, destacou a import\u00e2ncia da a\u00e7\u00e3o e reafirmou a parceria dos munic\u00edpios.<\/p>\n<p>\u201cO Estado, responsavelmente, vem agora lan\u00e7ar este projeto usando as ferramentas que tem para amenizar os impactos deste momento t\u00e3o dif\u00edcil que estamos vivendo. Parab\u00e9ns e conte com os munic\u00edpios na execu\u00e7\u00e3o e implementa\u00e7\u00e3o neste sentido, que tamb\u00e9m \u00e9 a nossa miss\u00e3o\u201d, disse.<\/p>\n<p><strong>Constru\u00e7\u00e3o<\/strong><\/p>\n<p>O Projeto Recome\u00e7o foi elaborado a partir da preocupa\u00e7\u00e3o do estado com o empobrecimento da popula\u00e7\u00e3o ap\u00f3s o fim do aux\u00edlio emergencial, no fim de 2020. Proje\u00e7\u00f5es mostravam que o n\u00famero de fam\u00edlias abaixo da linha da pobreza poderia aumentar 40%.<\/p>\n<p>Desde ent\u00e3o, a secretaria de Estado de Desenvolvimento Social firmou parcerias com empresas e entidades, como Fiemg (Federa\u00e7\u00e3o das Ind\u00fastrias do Estado de MG), Copasa,\u00a0<a href=\"http:\/\/www.cemig.com.br\/\" target=\"_blank\" rel=\"noopener\">Cemig<\/a>, Companhia Sider\u00fargica Nacional (CSN), Sinduscon (Sindicato da Ind\u00fastria da Constru\u00e7\u00e3o Civil no Estado de MG), Sicepot (Sindicato da Ind\u00fastria da Constru\u00e7\u00e3o Pesada no Estado de MG), Sebrae, Hub MG, BDMG,\u00a0<a title=\"Secretaria de Estado de Infraestrutura e Mobilidade\" href=\"http:\/\/www.infraestrutura.mg.gov.br\/\" target=\"_blank\" rel=\"noopener\">Seinfra<\/a>,\u00a0<a title=\"Secretaria de Estado de Desenvolvimento Econ\u00f4mico\" href=\"http:\/\/www.desenvolvimento.mg.gov.br\/\" target=\"_blank\" rel=\"noopener\">Sede<\/a>,\u00a0<a title=\"Secretaria de Estado de Agricultura, Pecu\u00e1ria e Abastecimento\" href=\"http:\/\/www.agricultura.mg.gov.br\/\" target=\"_blank\" rel=\"noopener\">Seapa<\/a>,\u00a0<a title=\"Secretaria de Estado de Meio Ambiente e Desenvolvimento Sustent\u00e1vel\" href=\"http:\/\/www.meioambiente.mg.gov.br\/\" target=\"_blank\" rel=\"noopener\">Semad<\/a>\u00a0e Associa\u00e7\u00e3o Mineira de Supermercados (Amis), para aumentar a empregabilidade da popula\u00e7\u00e3o vulner\u00e1vel.<\/p>\n<p>Fonte: Ag\u00eancia Minas<\/p>\n","protected":false},"excerpt":{"rendered":"<p>O governador Romeu Zema e a secret\u00e1ria de Estado de\u00a0Desenvolvimento Social (Sedese), Elizabeth Juc\u00e1, lan\u00e7aram nesta quinta-feira (29\/4) o Projeto Recome\u00e7o, que tem objetivo de dar oportunidades de emprego aos mineiros em situa\u00e7\u00e3o de extrema pobreza, agravada pela pandemia da covid-19. Com a piora da crise sanit\u00e1ria e suas consequ\u00eancias sociais e econ\u00f4micas, houve crescimento [&hellip;]<\/p>\n","protected":false},"author":246,"featured_media":181657,"comment_status":"closed","ping_status":"closed","sticky":false,"template":"","format":"standard","meta":{"footnotes":""},"categories":[436,440,254,439],"tags":[],"class_list":["post-181656","post","type-post","status-publish","format-standard","has-post-thumbnail","hentry","category-destaque-da-semana","category-destaques-do-dia","category-politica","category-ultima-hora"],"_links":{"self":[{"href":"https:\/\/diarioregionaldigital.com.br\/index.php?rest_route=\/wp\/v2\/posts\/181656","targetHints":{"allow":["GET"]}}],"collection":[{"href":"https:\/\/diarioregionaldigital.com.br\/index.php?rest_route=\/wp\/v2\/posts"}],"about":[{"href":"https:\/\/diarioregionaldigital.com.br\/index.php?rest_route=\/wp\/v2\/types\/post"}],"author":[{"embeddable":true,"href":"https:\/\/diarioregionaldigital.com.br\/index.php?rest_route=\/wp\/v2\/users\/246"}],"replies":[{"embeddable":true,"href":"https:\/\/diarioregionaldigital.com.br\/index.php?rest_route=%2Fwp%2Fv2%2Fcomments&post=181656"}],"version-history":[{"count":1,"href":"https:\/\/diarioregionaldigital.com.br\/index.php?rest_route=\/wp\/v2\/posts\/181656\/revisions"}],"predecessor-version":[{"id":181658,"href":"https:\/\/diarioregionaldigital.com.br\/index.php?rest_route=\/wp\/v2\/posts\/181656\/revisions\/181658"}],"wp:featuredmedia":[{"embeddable":true,"href":"https:\/\/diarioregionaldigital.com.br\/index.php?rest_route=\/wp\/v2\/media\/181657"}],"wp:attachment":[{"href":"https:\/\/diarioregionaldigital.com.br\/index.php?rest_route=%2Fwp%2Fv2%2Fmedia&parent=181656"}],"wp:term":[{"taxonomy":"category","embeddable":true,"href":"https:\/\/diarioregionaldigital.com.br\/index.php?rest_route=%2Fwp%2Fv2%2Fcategories&post=181656"},{"taxonomy":"post_tag","embeddable":true,"href":"https:\/\/diarioregionaldigital.com.br\/index.php?rest_route=%2Fwp%2Fv2%2Ftags&post=181656"}],"curies":[{"name":"wp","href":"https:\/\/api.w.org\/{rel}","templated":true}]}}