{"id":181584,"date":"2021-04-28T17:49:59","date_gmt":"2021-04-28T20:49:59","guid":{"rendered":"https:\/\/diarioregionaldigital.com.br\/?p=181584"},"modified":"2021-04-28T17:49:59","modified_gmt":"2021-04-28T20:49:59","slug":"romeu-zema-destaca-gestao-pautada-pela-verdade-e-eficiencia-durante-transforma-minas","status":"publish","type":"post","link":"https:\/\/diarioregionaldigital.com.br\/?p=181584","title":{"rendered":"Romeu Zema destaca gest\u00e3o pautada pela verdade e efici\u00eancia durante \u201cTransforma Minas\u201d"},"content":{"rendered":"<p>O governador Romeu Zema participou, nesta quarta-feira (28\/4), do evento \u201cTransforma Minas\u201d, realizado pelo Sistema Fecom\u00e9rcio MG, Sesc, Senac e sindicatos empresariais. Durante a palestra \u201cJeito Mineiro de Administrar\u201d, feita pelo governador, Zema enfatizou que a atual gest\u00e3o est\u00e1 empenhada em equilibrar as contas e destravar o Estado para o desenvolvimento, al\u00e9m de fazer mais com menos, com efici\u00eancia, verdade e transpar\u00eancia.<\/p>\n<p>De acordo com o chefe do Executivo, sua gest\u00e3o conseguiu reverter a situa\u00e7\u00e3o alarmante em que Minas Gerais se encontrava, apesar das in\u00fameras dificuldades que ainda precisam ser enfrentadas. \u201cO \u00faltimo governo deixou uma s\u00e9rie de estragos e d\u00edvidas. Para deixarmos tudo em dia, \u00e9 preciso um trabalho de d\u00e9cadas. N\u00e3o \u00e9 algo que se faz em poucos anos. Mas estamos trabalhando duro\u201d, afirmou.<\/p>\n<p>Zema pontuou diversas a\u00e7\u00f5es colocadas em pr\u00e1tica para destravar o Estado, como o acordo hist\u00f3rico feito com a Associa\u00e7\u00e3o Mineira de Munic\u00edpios (AMM), em abril de 2019, para o pagamento de recursos n\u00e3o repassados \u00e0s prefeituras pelo governo anterior, em 33 vezes. Os pagamentos est\u00e3o em dia e j\u00e1 foram quitadas 16 parcelas, que somam R$ 3,7 bilh\u00f5es \u2013 52% do valor total devido.<\/p>\n<p><strong>Educa\u00e7\u00e3o<\/strong><\/p>\n<p>A Educa\u00e7\u00e3o tamb\u00e9m foi uma \u00e1rea destacada pelo governador. \u201cMinas reverteu a tend\u00eancia de queda e voltou a crescer no Ideb, inclusive chegando \u00e0 maior nota de sua hist\u00f3ria no ensino m\u00e9dio\u201d, disse. Isso foi poss\u00edvel gra\u00e7as a v\u00e1rias medidas, como o programa M\u00e3os \u00e0 Obra na Escola, que j\u00e1 destinou R$ 120 milh\u00f5es para reformas e revitaliza\u00e7\u00f5es em cerca de 770 escolas em mais de 350 munic\u00edpios mineiros.<\/p>\n<p>As obras emergenciais, como constru\u00e7\u00e3o de muros, reforma de telhados, banheiros, cozinha, refeit\u00f3rios, rede el\u00e9trica, refor\u00e7o estrutural de salas de aula, substitui\u00e7\u00e3o de portas e reforma geral de instala\u00e7\u00f5es, proporcionam mais conforto e seguran\u00e7a para alunos, professores e demais profissionais da Educa\u00e7\u00e3o.<\/p>\n<p>J\u00e1 a Busca Ativa, outra iniciativa, possibilitou o retorno de 15 mil estudantes para as salas de aula em 2019.<\/p>\n<p><strong>Seguran\u00e7a<\/strong><\/p>\n<p>Em rela\u00e7\u00e3o \u00e0 Seguran\u00e7a, o governador ressaltou que, em um ano marcado pela pandemia, Minas Gerais encerrou 2020 com recorde na redu\u00e7\u00e3o da criminalidade pela segunda vez consecutiva.<\/p>\n<p>\u201cOs crimes violentos ca\u00edram 33% em 2020 na compara\u00e7\u00e3o com o ano anterior. Dentre os 15 \u00edndices monitorados mensalmente, 14 apresentaram redu\u00e7\u00e3o. Quando comparada a 2018, a queda da criminalidade violenta chegou a 51% nos dois primeiros anos de governo\u201d, afirmou ele, ressaltando o trabalho integrado das For\u00e7as de Seguran\u00e7a.<\/p>\n<p><strong>Investimentos<\/strong><\/p>\n<p>Apesar da s\u00e9ria crise econ\u00f4mica, agravada pela pandemia da covid-19, Minas Gerais j\u00e1 atraiu R$ 118 bilh\u00f5es em investimentos desde 2020, contabilizados por meio dos protocolos de inten\u00e7\u00f5es assinados com empresas privadas. \u201cRecebemos pessoalmente os investidores e resolvemos os pontos burocr\u00e1ticos com agilidade e simplifica\u00e7\u00e3o\u201d, disse o governador. Os investimentos, ressaltou, v\u00e3o permitir a gera\u00e7\u00e3o de mais emprego e renda para os mineiros.<\/p>\n<p>Minas tem ainda o maior programa de desburocratiza\u00e7\u00e3o do Brasil e de liberdade econ\u00f4mica da hist\u00f3ria do estado, o Minas Livre Para Crescer. S\u00e3o eixos de atua\u00e7\u00e3o: a desburocratiza\u00e7\u00e3o e simplifica\u00e7\u00e3o de procedimentos, a dispensa de alvar\u00e1s para atividades econ\u00f4micas consideradas de baixo risco, e a implementa\u00e7\u00e3o da lei federal de liberdade econ\u00f4mica em nosso estado e junto aos munic\u00edpios.<\/p>\n<p><strong>Pandemia<\/strong><\/p>\n<p>Em meio \u00e0 pandemia, o\u00a0<a href=\"http:\/\/mg.gov.br\/\" target=\"_blank\" rel=\"noopener\">Governo de Minas<\/a>\u00a0desenvolveu a\u00e7\u00f5es r\u00e1pidas para mitigar os efeitos da crise sanit\u00e1ria, garantir assist\u00eancia hospitalar a todos os mineiros e poupar o maior n\u00famero de vidas poss\u00edvel nos 853 munic\u00edpios do estado.<\/p>\n<p>Em fevereiro de 2020, Minas Gerais contava com cerca de 2 mil leitos de UTI. Atualmente, s\u00e3o cerca de 4,4 mil. Foram repassados aos munic\u00edpios, hospitais e unidades de Sa\u00fade R$ 2,1 bilh\u00f5es em recursos estaduais, com objetivo de potencializar a presta\u00e7\u00e3o de servi\u00e7os de sa\u00fade.<\/p>\n<p>Na maior opera\u00e7\u00e3o de vacina\u00e7\u00e3o da hist\u00f3ria de Minas Gerais, mais de 3,1 milh\u00f5es de mineiros j\u00e1 receberam pelo menos uma dose da vacina. O Governo de Minas tamb\u00e9m est\u00e1 entregando seringas e vacinas em todas as cidades mineiras, em uma opera\u00e7\u00e3o \u00e1gil e bem planejada, contando com aeronaves das For\u00e7as de Seguran\u00e7a do estado.<\/p>\n<p><span style=\"font-weight: 400;\">Fonte: Ag\u00eancia Minas<\/span><\/p>\n","protected":false},"excerpt":{"rendered":"<p>O governador Romeu Zema participou, nesta quarta-feira (28\/4), do evento \u201cTransforma Minas\u201d, realizado pelo Sistema Fecom\u00e9rcio MG, Sesc, Senac e sindicatos empresariais. Durante a palestra \u201cJeito Mineiro de Administrar\u201d, feita pelo governador, Zema enfatizou que a atual gest\u00e3o est\u00e1 empenhada em equilibrar as contas e destravar o Estado para o desenvolvimento, al\u00e9m de fazer mais [&hellip;]<\/p>\n","protected":false},"author":246,"featured_media":181585,"comment_status":"closed","ping_status":"closed","sticky":false,"template":"","format":"standard","meta":{"footnotes":""},"categories":[436,440,254,439],"tags":[],"class_list":["post-181584","post","type-post","status-publish","format-standard","has-post-thumbnail","hentry","category-destaque-da-semana","category-destaques-do-dia","category-politica","category-ultima-hora"],"_links":{"self":[{"href":"https:\/\/diarioregionaldigital.com.br\/index.php?rest_route=\/wp\/v2\/posts\/181584","targetHints":{"allow":["GET"]}}],"collection":[{"href":"https:\/\/diarioregionaldigital.com.br\/index.php?rest_route=\/wp\/v2\/posts"}],"about":[{"href":"https:\/\/diarioregionaldigital.com.br\/index.php?rest_route=\/wp\/v2\/types\/post"}],"author":[{"embeddable":true,"href":"https:\/\/diarioregionaldigital.com.br\/index.php?rest_route=\/wp\/v2\/users\/246"}],"replies":[{"embeddable":true,"href":"https:\/\/diarioregionaldigital.com.br\/index.php?rest_route=%2Fwp%2Fv2%2Fcomments&post=181584"}],"version-history":[{"count":1,"href":"https:\/\/diarioregionaldigital.com.br\/index.php?rest_route=\/wp\/v2\/posts\/181584\/revisions"}],"predecessor-version":[{"id":181586,"href":"https:\/\/diarioregionaldigital.com.br\/index.php?rest_route=\/wp\/v2\/posts\/181584\/revisions\/181586"}],"wp:featuredmedia":[{"embeddable":true,"href":"https:\/\/diarioregionaldigital.com.br\/index.php?rest_route=\/wp\/v2\/media\/181585"}],"wp:attachment":[{"href":"https:\/\/diarioregionaldigital.com.br\/index.php?rest_route=%2Fwp%2Fv2%2Fmedia&parent=181584"}],"wp:term":[{"taxonomy":"category","embeddable":true,"href":"https:\/\/diarioregionaldigital.com.br\/index.php?rest_route=%2Fwp%2Fv2%2Fcategories&post=181584"},{"taxonomy":"post_tag","embeddable":true,"href":"https:\/\/diarioregionaldigital.com.br\/index.php?rest_route=%2Fwp%2Fv2%2Ftags&post=181584"}],"curies":[{"name":"wp","href":"https:\/\/api.w.org\/{rel}","templated":true}]}}