{"id":181568,"date":"2021-04-28T06:00:35","date_gmt":"2021-04-28T09:00:35","guid":{"rendered":"https:\/\/diarioregionaldigital.com.br\/?p=181568"},"modified":"2021-04-27T23:29:49","modified_gmt":"2021-04-28T02:29:49","slug":"voto-vencido","status":"publish","type":"post","link":"https:\/\/diarioregionaldigital.com.br\/?p=181568","title":{"rendered":"Voto Vencido"},"content":{"rendered":"<p style=\"text-align: center;\"><strong>Talentosa<\/strong><\/p>\n<p style=\"text-align: center;\">A jornalista e escritora Daniela Arbex est\u00e1 em estado alfa. Ela contabiliza o sucesso de \u201cHolocausto Brasileiro\u201d \u2013 que lidera o ranking dos livros mais vendidos entre os temas sociologia da medicina e fotografia. A obra \u201cTodo dia a mesma noite\u201d, que narra a hist\u00f3ria n\u00e3o contada da boate Kiss \u00e9 o primeiro mais vendido em guias de escrita e jornalismo.<\/p>\n<p style=\"text-align: center;\"><strong>Voto Vencido<\/strong><\/p>\n<p style=\"text-align: center;\">Foi lido na sess\u00e3o ordin\u00e1ria da C\u00e2mara Municipal de Juiz de Fora em reuni\u00e3o plena quando rejeitou a admiss\u00e3o de um pedido de impeachment contra a prefeita Margarida Salom\u00e3o. A avalia\u00e7\u00e3o foi colocada para debate plen\u00e1rio rejeitado por 17 votos contr\u00e1rios \u00e0 admiss\u00e3o da pe\u00e7a e apenas um favor\u00e1vel.<\/p>\n<p style=\"text-align: center;\"><strong>Na Pinda\u00edba<\/strong><\/p>\n<p style=\"text-align: center;\">O Minist\u00e9rio da Economia est\u00e1 levantando o perfil e as quedas de faturamento das pequenas e microempresas para avaliar as chances de apoiar uma \u201cmorat\u00f3ria\u201d em pagamentos atrasados do Simples Nacional. H\u00e1 propostas nesse sentido em tramita\u00e7\u00e3o do Congresso.<\/p>\n<p style=\"text-align: center;\"><strong>Origami<\/strong><\/p>\n<p style=\"text-align: center;\">Parece mais n\u00e3o \u00e9. Os cocares criados pela arquiteta japonesa Leila Nishi s\u00e3o feitos de papel, em dobraduras delicadas que lembram penas. Eles est\u00e3o a venda na loja Santa Cruz Home Bazar, no Leblon (RJ) e custam R$ 1,590.<\/p>\n<div id=\"attachment_181555\" style=\"width: 690px\" class=\"wp-caption aligncenter\"><img loading=\"lazy\" decoding=\"async\" aria-describedby=\"caption-attachment-181555\" class=\"wp-image-181555\" src=\"https:\/\/diarioregionaldigital.com.br\/wp-content\/uploads\/2021\/04\/fotoa-2-e1619576107547.jpeg\" alt=\"\" width=\"680\" height=\"486\" srcset=\"https:\/\/diarioregionaldigital.com.br\/wp-content\/uploads\/2021\/04\/fotoa-2-e1619576107547.jpeg 577w, https:\/\/diarioregionaldigital.com.br\/wp-content\/uploads\/2021\/04\/fotoa-2-e1619576107547-300x214.jpeg 300w, https:\/\/diarioregionaldigital.com.br\/wp-content\/uploads\/2021\/04\/fotoa-2-e1619576107547-360x257.jpeg 360w, https:\/\/diarioregionaldigital.com.br\/wp-content\/uploads\/2021\/04\/fotoa-2-e1619576107547-100x70.jpeg 100w\" sizes=\"auto, (max-width: 680px) 100vw, 680px\" \/><p id=\"caption-attachment-181555\" class=\"wp-caption-text\">Apoiando a \u201cSemana Municipal da Pessoa Idosa\u201d que come\u00e7a dia 9, o colunista Eduardo Gomes e a Advogada Anna Ede<\/p><\/div>\n<div id=\"attachment_181556\" style=\"width: 690px\" class=\"wp-caption aligncenter\"><img loading=\"lazy\" decoding=\"async\" aria-describedby=\"caption-attachment-181556\" class=\"wp-image-181556\" src=\"https:\/\/diarioregionaldigital.com.br\/wp-content\/uploads\/2021\/04\/fotoaa-9-e1619576154235.jpeg\" alt=\"\" width=\"680\" height=\"480\" srcset=\"https:\/\/diarioregionaldigital.com.br\/wp-content\/uploads\/2021\/04\/fotoaa-9-e1619576154235.jpeg 716w, https:\/\/diarioregionaldigital.com.br\/wp-content\/uploads\/2021\/04\/fotoaa-9-e1619576154235-300x212.jpeg 300w, https:\/\/diarioregionaldigital.com.br\/wp-content\/uploads\/2021\/04\/fotoaa-9-e1619576154235-360x254.jpeg 360w, https:\/\/diarioregionaldigital.com.br\/wp-content\/uploads\/2021\/04\/fotoaa-9-e1619576154235-100x70.jpeg 100w\" sizes=\"auto, (max-width: 680px) 100vw, 680px\" \/><p id=\"caption-attachment-181556\" class=\"wp-caption-text\">Em Los Angeles, o talentoso estilista juiz-forano e sobrinho deste colunista Fernando Gomes comemorou anivers\u00e1rio no maior alto astral<\/p><\/div>\n<div id=\"attachment_181557\" style=\"width: 690px\" class=\"wp-caption aligncenter\"><img loading=\"lazy\" decoding=\"async\" aria-describedby=\"caption-attachment-181557\" class=\"wp-image-181557\" src=\"https:\/\/diarioregionaldigital.com.br\/wp-content\/uploads\/2021\/04\/fotob-14-e1619576170744.jpg\" alt=\"\" width=\"680\" height=\"485\" srcset=\"https:\/\/diarioregionaldigital.com.br\/wp-content\/uploads\/2021\/04\/fotob-14-e1619576170744.jpg 523w, https:\/\/diarioregionaldigital.com.br\/wp-content\/uploads\/2021\/04\/fotob-14-e1619576170744-300x214.jpg 300w, https:\/\/diarioregionaldigital.com.br\/wp-content\/uploads\/2021\/04\/fotob-14-e1619576170744-360x257.jpg 360w, https:\/\/diarioregionaldigital.com.br\/wp-content\/uploads\/2021\/04\/fotob-14-e1619576170744-100x70.jpg 100w\" sizes=\"auto, (max-width: 680px) 100vw, 680px\" \/><p id=\"caption-attachment-181557\" class=\"wp-caption-text\">A bela Fl\u00e1via Medeiros estreando nesta coluna com esperan\u00e7a de dias melhores<\/p><\/div>\n<div id=\"attachment_181558\" style=\"width: 690px\" class=\"wp-caption aligncenter\"><img loading=\"lazy\" decoding=\"async\" aria-describedby=\"caption-attachment-181558\" class=\"wp-image-181558\" src=\"https:\/\/diarioregionaldigital.com.br\/wp-content\/uploads\/2021\/04\/fotoc-16-e1619576198968.jpg\" alt=\"\" width=\"680\" height=\"478\" srcset=\"https:\/\/diarioregionaldigital.com.br\/wp-content\/uploads\/2021\/04\/fotoc-16-e1619576198968.jpg 1023w, https:\/\/diarioregionaldigital.com.br\/wp-content\/uploads\/2021\/04\/fotoc-16-e1619576198968-300x210.jpg 300w, https:\/\/diarioregionaldigital.com.br\/wp-content\/uploads\/2021\/04\/fotoc-16-e1619576198968-768x540.jpg 768w, https:\/\/diarioregionaldigital.com.br\/wp-content\/uploads\/2021\/04\/fotoc-16-e1619576198968-360x253.jpg 360w, https:\/\/diarioregionaldigital.com.br\/wp-content\/uploads\/2021\/04\/fotoc-16-e1619576198968-100x70.jpg 100w\" sizes=\"auto, (max-width: 680px) 100vw, 680px\" \/><p id=\"caption-attachment-181558\" class=\"wp-caption-text\">O bonit\u00e3o Cleidyson C\u00farcio antes da pandemia<\/p><\/div>\n<div id=\"attachment_181560\" style=\"width: 690px\" class=\"wp-caption aligncenter\"><img loading=\"lazy\" decoding=\"async\" aria-describedby=\"caption-attachment-181560\" class=\"wp-image-181560\" src=\"https:\/\/diarioregionaldigital.com.br\/wp-content\/uploads\/2021\/04\/fotoe-15-e1619576259462.jpg\" alt=\"\" width=\"680\" height=\"513\" srcset=\"https:\/\/diarioregionaldigital.com.br\/wp-content\/uploads\/2021\/04\/fotoe-15-e1619576259462.jpg 538w, https:\/\/diarioregionaldigital.com.br\/wp-content\/uploads\/2021\/04\/fotoe-15-e1619576259462-300x226.jpg 300w, https:\/\/diarioregionaldigital.com.br\/wp-content\/uploads\/2021\/04\/fotoe-15-e1619576259462-360x272.jpg 360w\" sizes=\"auto, (max-width: 680px) 100vw, 680px\" \/><p id=\"caption-attachment-181560\" class=\"wp-caption-text\">Um close na querida Italinha Maddalena<\/p><\/div>\n<div id=\"attachment_181563\" style=\"width: 690px\" class=\"wp-caption aligncenter\"><img loading=\"lazy\" decoding=\"async\" aria-describedby=\"caption-attachment-181563\" class=\"wp-image-181563\" src=\"https:\/\/diarioregionaldigital.com.br\/wp-content\/uploads\/2021\/04\/fotoh-14-e1619576341331.jpg\" alt=\"\" width=\"680\" height=\"491\" srcset=\"https:\/\/diarioregionaldigital.com.br\/wp-content\/uploads\/2021\/04\/fotoh-14-e1619576341331.jpg 883w, https:\/\/diarioregionaldigital.com.br\/wp-content\/uploads\/2021\/04\/fotoh-14-e1619576341331-300x217.jpg 300w, https:\/\/diarioregionaldigital.com.br\/wp-content\/uploads\/2021\/04\/fotoh-14-e1619576341331-768x555.jpg 768w, https:\/\/diarioregionaldigital.com.br\/wp-content\/uploads\/2021\/04\/fotoh-14-e1619576341331-360x260.jpg 360w\" sizes=\"auto, (max-width: 680px) 100vw, 680px\" \/><p id=\"caption-attachment-181563\" class=\"wp-caption-text\">Em S\u00e3o Jos\u00e9 das Tr\u00eas Ilhas, a linda Mariana Zacarias Santos Pinto<\/p><\/div>\n<div id=\"attachment_181561\" style=\"width: 690px\" class=\"wp-caption aligncenter\"><img loading=\"lazy\" decoding=\"async\" aria-describedby=\"caption-attachment-181561\" class=\"wp-image-181561\" src=\"https:\/\/diarioregionaldigital.com.br\/wp-content\/uploads\/2021\/04\/fotof-15-e1619576284787.jpg\" alt=\"\" width=\"680\" height=\"508\" srcset=\"https:\/\/diarioregionaldigital.com.br\/wp-content\/uploads\/2021\/04\/fotof-15-e1619576284787.jpg 526w, https:\/\/diarioregionaldigital.com.br\/wp-content\/uploads\/2021\/04\/fotof-15-e1619576284787-300x224.jpg 300w, https:\/\/diarioregionaldigital.com.br\/wp-content\/uploads\/2021\/04\/fotof-15-e1619576284787-360x269.jpg 360w\" sizes=\"auto, (max-width: 680px) 100vw, 680px\" \/><p id=\"caption-attachment-181561\" class=\"wp-caption-text\">Antes da pandemia fazendo social: Labibe Sim\u00e3o, Marc\u00edlio Gomes e Lena Cruz<\/p><\/div>\n<div id=\"attachment_181559\" style=\"width: 690px\" class=\"wp-caption aligncenter\"><img loading=\"lazy\" decoding=\"async\" aria-describedby=\"caption-attachment-181559\" class=\"wp-image-181559\" src=\"https:\/\/diarioregionaldigital.com.br\/wp-content\/uploads\/2021\/04\/fotod-15-e1619576223657.jpg\" alt=\"\" width=\"680\" height=\"471\" srcset=\"https:\/\/diarioregionaldigital.com.br\/wp-content\/uploads\/2021\/04\/fotod-15-e1619576223657.jpg 1033w, https:\/\/diarioregionaldigital.com.br\/wp-content\/uploads\/2021\/04\/fotod-15-e1619576223657-300x208.jpg 300w, https:\/\/diarioregionaldigital.com.br\/wp-content\/uploads\/2021\/04\/fotod-15-e1619576223657-1024x710.jpg 1024w, https:\/\/diarioregionaldigital.com.br\/wp-content\/uploads\/2021\/04\/fotod-15-e1619576223657-768x532.jpg 768w, https:\/\/diarioregionaldigital.com.br\/wp-content\/uploads\/2021\/04\/fotod-15-e1619576223657-360x250.jpg 360w, https:\/\/diarioregionaldigital.com.br\/wp-content\/uploads\/2021\/04\/fotod-15-e1619576223657-100x70.jpg 100w\" sizes=\"auto, (max-width: 680px) 100vw, 680px\" \/><p id=\"caption-attachment-181559\" class=\"wp-caption-text\">No Jardim Gl\u00f3ria, as locomotivas: Silv\u00e2nia Parma, Meire Milhomens e Sueli F\u00e1vero<\/p><\/div>\n<p style=\"text-align: center;\"><strong>FOTOSS\u00cdNTESE<\/strong><\/p>\n<p>Dona cegonha aprontou de novo. Colocou na chamin\u00e9 de Ol\u00edvia Arag\u00e3o e Igor Amadeu de Assis Maria, o robusto beb\u00ea, Thomas.<\/p>\n<p>Polo centralizador de f\u00e9, o Centro Esp\u00edrita Uni\u00e3o, Humildade e Caridade est\u00e1 completando 120 anos, no Po\u00e7o Rico. O espa\u00e7o \u00e9 o mais antigo de Juiz de Fora e o segundo de Minas Gerais. A presidente Roberta Gon\u00e7alves e a diretora Helo\u00edsa Rinco Rocha, desenvolvem importante trabalho de assist\u00eancia social.<\/p>\n<p>Em ritmo de realeza, est\u00e1 dispon\u00edvel na Amazon, o livro \u201cAlegrias Tristezas\u201d, um estudo sobre a autobiografia da Princesa Isabel, de autoria de Bruno Antunes e Cerqueira e Maria de F\u00e1tima Moraes Argon.<\/p>\n<p>A Corpus e Giovana e Rick Firjam est\u00e3o nas nuvens. A aluna e filha de 10 anos ficou entre os 20 selecionados de um total de 2.000 candidatos para estudar na Escola do Teatro Bolshoi, em Joinville (SC), mais uma talentosa bailarina para os palcos da vida.<\/p>\n<p>O querido radialista Marcelo Pac\u00edfico hoje reside em Taubat\u00e9 (SP), realizou um grande e competente trabalho nas r\u00e1dios de Juiz de Fora.<\/p>\n<p>Com sua m\u00e3o de fada, Regina Tortoriello especialista em chocolates e docinhos finos, prepara novidades deliciosas para o Dia das M\u00e3es.<\/p>\n<p>A Campanha Juiz de Fora Solid\u00e1ria, arrecada contribui\u00e7\u00f5es at\u00e9 30 de abril. Com o objetivo de combater a fome no munic\u00edpio a campanha da Prefeitura de Juiz de Fora, por meio da Mesa de Cidadania, em parceria com a Mesa Brasil\/Sesc Zona da Mata, tem como um dos postos de arrecada\u00e7\u00e3o as lojas Bahamas.<\/p>\n<p>Reforma Intima: \u201cQuando voc\u00ea bate no fundo do po\u00e7o e sobrevive, h\u00e1 poucas coisas na vida que te assustam\u201d. Bom dia.<\/p>\n<p><img loading=\"lazy\" decoding=\"async\" class=\"aligncenter size-full wp-image-181564\" src=\"https:\/\/diarioregionaldigital.com.br\/wp-content\/uploads\/2021\/04\/anuncio63-3-scaled.jpg\" alt=\"\" width=\"2560\" height=\"987\" srcset=\"https:\/\/diarioregionaldigital.com.br\/wp-content\/uploads\/2021\/04\/anuncio63-3-scaled.jpg 2560w, https:\/\/diarioregionaldigital.com.br\/wp-content\/uploads\/2021\/04\/anuncio63-3-300x116.jpg 300w, https:\/\/diarioregionaldigital.com.br\/wp-content\/uploads\/2021\/04\/anuncio63-3-1024x395.jpg 1024w, https:\/\/diarioregionaldigital.com.br\/wp-content\/uploads\/2021\/04\/anuncio63-3-768x296.jpg 768w, https:\/\/diarioregionaldigital.com.br\/wp-content\/uploads\/2021\/04\/anuncio63-3-1536x592.jpg 1536w, https:\/\/diarioregionaldigital.com.br\/wp-content\/uploads\/2021\/04\/anuncio63-3-2048x790.jpg 2048w, https:\/\/diarioregionaldigital.com.br\/wp-content\/uploads\/2021\/04\/anuncio63-3-360x139.jpg 360w\" sizes=\"auto, (max-width: 2560px) 100vw, 2560px\" \/><\/p>\n","protected":false},"excerpt":{"rendered":"<p>Talentosa A jornalista e escritora Daniela Arbex est\u00e1 em estado alfa. Ela contabiliza o sucesso de \u201cHolocausto Brasileiro\u201d \u2013 que lidera o ranking dos livros mais vendidos entre os temas sociologia da medicina e fotografia. A obra \u201cTodo dia a mesma noite\u201d, que narra a hist\u00f3ria n\u00e3o contada da boate Kiss \u00e9 o primeiro mais [&hellip;]<\/p>\n","protected":false},"author":253,"featured_media":181572,"comment_status":"closed","ping_status":"closed","sticky":false,"template":"","format":"standard","meta":{"footnotes":""},"categories":[264],"tags":[],"class_list":["post-181568","post","type-post","status-publish","format-standard","has-post-thumbnail","hentry","category-eduardo-gomes"],"_links":{"self":[{"href":"https:\/\/diarioregionaldigital.com.br\/index.php?rest_route=\/wp\/v2\/posts\/181568","targetHints":{"allow":["GET"]}}],"collection":[{"href":"https:\/\/diarioregionaldigital.com.br\/index.php?rest_route=\/wp\/v2\/posts"}],"about":[{"href":"https:\/\/diarioregionaldigital.com.br\/index.php?rest_route=\/wp\/v2\/types\/post"}],"author":[{"embeddable":true,"href":"https:\/\/diarioregionaldigital.com.br\/index.php?rest_route=\/wp\/v2\/users\/253"}],"replies":[{"embeddable":true,"href":"https:\/\/diarioregionaldigital.com.br\/index.php?rest_route=%2Fwp%2Fv2%2Fcomments&post=181568"}],"version-history":[{"count":2,"href":"https:\/\/diarioregionaldigital.com.br\/index.php?rest_route=\/wp\/v2\/posts\/181568\/revisions"}],"predecessor-version":[{"id":181574,"href":"https:\/\/diarioregionaldigital.com.br\/index.php?rest_route=\/wp\/v2\/posts\/181568\/revisions\/181574"}],"wp:featuredmedia":[{"embeddable":true,"href":"https:\/\/diarioregionaldigital.com.br\/index.php?rest_route=\/wp\/v2\/media\/181572"}],"wp:attachment":[{"href":"https:\/\/diarioregionaldigital.com.br\/index.php?rest_route=%2Fwp%2Fv2%2Fmedia&parent=181568"}],"wp:term":[{"taxonomy":"category","embeddable":true,"href":"https:\/\/diarioregionaldigital.com.br\/index.php?rest_route=%2Fwp%2Fv2%2Fcategories&post=181568"},{"taxonomy":"post_tag","embeddable":true,"href":"https:\/\/diarioregionaldigital.com.br\/index.php?rest_route=%2Fwp%2Fv2%2Ftags&post=181568"}],"curies":[{"name":"wp","href":"https:\/\/api.w.org\/{rel}","templated":true}]}}