{"id":181517,"date":"2021-04-27T18:05:55","date_gmt":"2021-04-27T21:05:55","guid":{"rendered":"https:\/\/diarioregionaldigital.com.br\/?p=181517"},"modified":"2021-04-27T18:05:55","modified_gmt":"2021-04-27T21:05:55","slug":"marcelo-demoliner-avanca-em-estoril-e-thiago-monteiro-cai-em-munique","status":"publish","type":"post","link":"https:\/\/diarioregionaldigital.com.br\/?p=181517","title":{"rendered":"Marcelo Demoliner avan\u00e7a em Estoril e Thiago Monteiro cai em Munique"},"content":{"rendered":"<p>O brasileiro Marcelo Demoliner est\u00e1 nas quartas de final do ATP 250 de Estoril (Portugal). Nesta\u00a0ter\u00e7a-feira (27), a parceria entre o ga\u00facho, 46\u00ba do ranking de duplas da Associa\u00e7\u00e3o dos Tenistas Profissionais (ATP), e o mexicano Santiago Gonzalez (53\u00ba) superou os favoritos Marcelo Arevalo (51\u00ba), de El Salvador, e Matwe Middelkoop (43\u00ba), dos Pa\u00edses Baixos, por 2 sets a 1, com parciais de 6\/2, 3\/6 e 10\/5 no match tie-break, ap\u00f3s uma hora e 13 minutos de jogo.<img decoding=\"async\" src=\"https:\/\/agenciabrasil.ebc.com.br\/ebc.png?id=1407938&amp;o=node\" \/><img decoding=\"async\" src=\"https:\/\/agenciabrasil.ebc.com.br\/ebc.gif?id=1407938&amp;o=node\" \/><\/p>\n<p>Na pr\u00f3xima fase, Demoliner e Gonzalez encaram o alem\u00e3o Tim Puetz (58\u00ba) e monegasco Hugo Nys (69\u00ba) por volta das 9h20 (hor\u00e1rio de Bras\u00edlia) desta quarta-feira (28). Pelas oitavas, os rivais eliminaram os brit\u00e2nicos Lloyd Glasspool (104\u00ba) e Jamie Murray (22\u00ba) por 2 sets a 0, com duplo 6\/3. Murray \u00e9 o parceiro oficial do brasileiro Bruno Soares, sexto do ranking mundial de duplas. O mineiro se recupera de dores nas costas, preservando-se das competi\u00e7\u00f5es\u00a0de abril, com retorno ao circuito previsto para maio.<\/p>\n<p>Tamb\u00e9m nesta\u00a0ter\u00e7a, Thiago Monteiro n\u00e3o teve a mesma sorte e foi derrotado na estreia do ATP 250 de Munique (Alemanha). O brasileiro, 78\u00ba do mundo em simples, foi batido pelo georgiano Nikoloz Basilashvili (35\u00ba) por 2 sets a 0, com parciais de 6\/2 e 6\/3, depois de uma hora e 19 minutos de partida. Foi a\u00a0quarta\u00a0vez seguida que o cearense, n\u00famero um do pa\u00eds entre os homens, caiu na primeira rodada de uma competi\u00e7\u00e3o do circuito.<\/p>\n<p>Nesta\u00a0quarta, ser\u00e1 a vez de Marcelo Melo ir \u00e0 quadra em Munique. O mineiro, que ocupa o 17\u00ba lugar do ranking de duplas, atuar\u00e1 ao lado do alem\u00e3o Mischa Zverev (222\u00ba), irm\u00e3o mais velho de Alexander Zverev, sexto no ranking de simples da ATP. Ser\u00e1 a primeira competi\u00e7\u00e3o do brasileiro desde que anunciou o fim da parceria com Jean-Julien Rojer (27\u00ba), dos Pa\u00edses Baixos. \u00c0s 6h, Melo e Zverev enfrentam o neerland\u00eas Wesley Koolhof (13\u00ba) e o alem\u00e3o Kevin Krawietz (18\u00ba), principais favoritos.<\/p>\n<p><span style=\"font-weight: 400;\">Fonte: Ag\u00eancia Brasil <\/span><\/p>\n","protected":false},"excerpt":{"rendered":"<p>O brasileiro Marcelo Demoliner est\u00e1 nas quartas de final do ATP 250 de Estoril (Portugal). Nesta\u00a0ter\u00e7a-feira (27), a parceria entre o ga\u00facho, 46\u00ba do ranking de duplas da Associa\u00e7\u00e3o dos Tenistas Profissionais (ATP), e o mexicano Santiago Gonzalez (53\u00ba) superou os favoritos Marcelo Arevalo (51\u00ba), de El Salvador, e Matwe Middelkoop (43\u00ba), dos Pa\u00edses Baixos, [&hellip;]<\/p>\n","protected":false},"author":246,"featured_media":181518,"comment_status":"closed","ping_status":"closed","sticky":false,"template":"","format":"standard","meta":{"footnotes":""},"categories":[257,439],"tags":[],"class_list":["post-181517","post","type-post","status-publish","format-standard","has-post-thumbnail","hentry","category-esporte","category-ultima-hora"],"_links":{"self":[{"href":"https:\/\/diarioregionaldigital.com.br\/index.php?rest_route=\/wp\/v2\/posts\/181517","targetHints":{"allow":["GET"]}}],"collection":[{"href":"https:\/\/diarioregionaldigital.com.br\/index.php?rest_route=\/wp\/v2\/posts"}],"about":[{"href":"https:\/\/diarioregionaldigital.com.br\/index.php?rest_route=\/wp\/v2\/types\/post"}],"author":[{"embeddable":true,"href":"https:\/\/diarioregionaldigital.com.br\/index.php?rest_route=\/wp\/v2\/users\/246"}],"replies":[{"embeddable":true,"href":"https:\/\/diarioregionaldigital.com.br\/index.php?rest_route=%2Fwp%2Fv2%2Fcomments&post=181517"}],"version-history":[{"count":1,"href":"https:\/\/diarioregionaldigital.com.br\/index.php?rest_route=\/wp\/v2\/posts\/181517\/revisions"}],"predecessor-version":[{"id":181519,"href":"https:\/\/diarioregionaldigital.com.br\/index.php?rest_route=\/wp\/v2\/posts\/181517\/revisions\/181519"}],"wp:featuredmedia":[{"embeddable":true,"href":"https:\/\/diarioregionaldigital.com.br\/index.php?rest_route=\/wp\/v2\/media\/181518"}],"wp:attachment":[{"href":"https:\/\/diarioregionaldigital.com.br\/index.php?rest_route=%2Fwp%2Fv2%2Fmedia&parent=181517"}],"wp:term":[{"taxonomy":"category","embeddable":true,"href":"https:\/\/diarioregionaldigital.com.br\/index.php?rest_route=%2Fwp%2Fv2%2Fcategories&post=181517"},{"taxonomy":"post_tag","embeddable":true,"href":"https:\/\/diarioregionaldigital.com.br\/index.php?rest_route=%2Fwp%2Fv2%2Ftags&post=181517"}],"curies":[{"name":"wp","href":"https:\/\/api.w.org\/{rel}","templated":true}]}}