{"id":181492,"date":"2021-04-27T06:00:53","date_gmt":"2021-04-27T09:00:53","guid":{"rendered":"https:\/\/diarioregionaldigital.com.br\/?p=181492"},"modified":"2021-04-27T00:54:54","modified_gmt":"2021-04-27T03:54:54","slug":"impacto-2","status":"publish","type":"post","link":"https:\/\/diarioregionaldigital.com.br\/?p=181492","title":{"rendered":"Impacto"},"content":{"rendered":"<p style=\"text-align: center;\"><strong>Novidade<\/strong><\/p>\n<p style=\"text-align: center;\">Sempre destaque nos an\u00fancios da TV, o publicit\u00e1rio Washington Olivetto lan\u00e7ou o W\/Cast, no qual relembra hist\u00f3rias pessoais e de seus 50 anos de carreira em forma de podcast semanal. Ele contabilizou sucesso com campanhas ic\u00f4nicas, com a do primeiro- suti\u00e3 e a do Garoto Bombril. Ele j\u00e1 foi premiado com o Le\u00e3o de Ouro da publicidade brasileira em 1974.<\/p>\n<p style=\"text-align: center;\"><strong>Estrat\u00e9gia<\/strong><\/p>\n<p style=\"text-align: center;\">As empresas est\u00e3o refor\u00e7ando seu caixa para investir e atravessar a crise econ\u00f4mica e trazida pela pandemia de Covid-19. A maior parte dos recursos captados pelas companhias que foram buscar s\u00f3cios na Bolsa de Valores, no primeiro trimestre deste ano, segundo levantamento da Anbima, foi direcionada ao caixa.<\/p>\n<p style=\"text-align: center;\"><strong>Impacto <\/strong><\/p>\n<p style=\"text-align: center;\">No vai e vem de abertura e fechamento de servi\u00e7os n\u00e3o essenciais em Juiz de Fora, empres\u00e1rios e micro empresas acumulam preju\u00edzos. A Presidente da Abrasel Zona da Mata Franceli Galil e o presidente da Sindicom\u00e9rcio\/JF, Emerson Beloti enfatizaram que esses dias todos parados, os n\u00fameros da Covid n\u00e3o ca\u00edram. Para eles, o com\u00e9rcio n\u00e3o \u00e9 o vetor disso. As pessoas trabalhando tem mais cuidado, porque quem est\u00e1 sem trabalhar em casa, acaba relaxando, provocando encontro sem m\u00e1scara.<\/p>\n<p style=\"text-align: center;\"><strong>Aplausos<\/strong><\/p>\n<p style=\"text-align: center;\">De forma totalmente on-line foi realizada a quarta edi\u00e7\u00e3o da outorga da Medalha Rosa Cabinda, premia\u00e7\u00e3o que \u00e9 ofertada pela Prefeitura de Juiz de Fora, com o objetivo de homenagear mulheres da cidade e regi\u00e3o por seus feitos na sociedade.<\/p>\n<div id=\"attachment_181482\" style=\"width: 690px\" class=\"wp-caption aligncenter\"><img loading=\"lazy\" decoding=\"async\" aria-describedby=\"caption-attachment-181482\" class=\"wp-image-181482\" src=\"https:\/\/diarioregionaldigital.com.br\/wp-content\/uploads\/2021\/04\/fotoa-14-e1619495009939.jpg\" alt=\"\" width=\"680\" height=\"485\" srcset=\"https:\/\/diarioregionaldigital.com.br\/wp-content\/uploads\/2021\/04\/fotoa-14-e1619495009939.jpg 945w, https:\/\/diarioregionaldigital.com.br\/wp-content\/uploads\/2021\/04\/fotoa-14-e1619495009939-300x214.jpg 300w, https:\/\/diarioregionaldigital.com.br\/wp-content\/uploads\/2021\/04\/fotoa-14-e1619495009939-768x548.jpg 768w, https:\/\/diarioregionaldigital.com.br\/wp-content\/uploads\/2021\/04\/fotoa-14-e1619495009939-360x257.jpg 360w, https:\/\/diarioregionaldigital.com.br\/wp-content\/uploads\/2021\/04\/fotoa-14-e1619495009939-100x70.jpg 100w\" sizes=\"auto, (max-width: 680px) 100vw, 680px\" \/><p id=\"caption-attachment-181482\" class=\"wp-caption-text\">A diva Sandra Portella festeja anivers\u00e1rio hoje (27), e posou antes da pandemia com Andr\u00e9a Pereira, Armando J\u00fanior, Jansen Narciso e Rafael Crespo<\/p><\/div>\n<div id=\"attachment_181489\" style=\"width: 690px\" class=\"wp-caption aligncenter\"><img loading=\"lazy\" decoding=\"async\" aria-describedby=\"caption-attachment-181489\" class=\"wp-image-181489\" src=\"https:\/\/diarioregionaldigital.com.br\/wp-content\/uploads\/2021\/04\/fotoh-13-e1619495192742.jpg\" alt=\"\" width=\"680\" height=\"480\" srcset=\"https:\/\/diarioregionaldigital.com.br\/wp-content\/uploads\/2021\/04\/fotoh-13-e1619495192742.jpg 699w, https:\/\/diarioregionaldigital.com.br\/wp-content\/uploads\/2021\/04\/fotoh-13-e1619495192742-300x212.jpg 300w, https:\/\/diarioregionaldigital.com.br\/wp-content\/uploads\/2021\/04\/fotoh-13-e1619495192742-360x254.jpg 360w, https:\/\/diarioregionaldigital.com.br\/wp-content\/uploads\/2021\/04\/fotoh-13-e1619495192742-100x70.jpg 100w\" sizes=\"auto, (max-width: 680px) 100vw, 680px\" \/><p id=\"caption-attachment-181489\" class=\"wp-caption-text\">Formando um dos mais queridos e bonitos casais da sociedade de Juiz de Fora, Carlos Eduardo Meneguitti e Luna Petermann<\/p><\/div>\n<div id=\"attachment_181483\" style=\"width: 690px\" class=\"wp-caption aligncenter\"><img loading=\"lazy\" decoding=\"async\" aria-describedby=\"caption-attachment-181483\" class=\"wp-image-181483\" src=\"https:\/\/diarioregionaldigital.com.br\/wp-content\/uploads\/2021\/04\/fotob-13-e1619495040751.jpg\" alt=\"\" width=\"680\" height=\"617\" srcset=\"https:\/\/diarioregionaldigital.com.br\/wp-content\/uploads\/2021\/04\/fotob-13-e1619495040751.jpg 620w, https:\/\/diarioregionaldigital.com.br\/wp-content\/uploads\/2021\/04\/fotob-13-e1619495040751-300x272.jpg 300w, https:\/\/diarioregionaldigital.com.br\/wp-content\/uploads\/2021\/04\/fotob-13-e1619495040751-360x327.jpg 360w\" sizes=\"auto, (max-width: 680px) 100vw, 680px\" \/><p id=\"caption-attachment-181483\" class=\"wp-caption-text\">Mulheres poderosas em ritmo de outono, Ieda Ciampi e J\u00falia Monteiro Ciampi<\/p><\/div>\n<div id=\"attachment_181484\" style=\"width: 690px\" class=\"wp-caption aligncenter\"><img loading=\"lazy\" decoding=\"async\" aria-describedby=\"caption-attachment-181484\" class=\"wp-image-181484\" src=\"https:\/\/diarioregionaldigital.com.br\/wp-content\/uploads\/2021\/04\/fotoc-15-e1619495075200.jpg\" alt=\"\" width=\"680\" height=\"515\" srcset=\"https:\/\/diarioregionaldigital.com.br\/wp-content\/uploads\/2021\/04\/fotoc-15-e1619495075200.jpg 512w, https:\/\/diarioregionaldigital.com.br\/wp-content\/uploads\/2021\/04\/fotoc-15-e1619495075200-300x227.jpg 300w, https:\/\/diarioregionaldigital.com.br\/wp-content\/uploads\/2021\/04\/fotoc-15-e1619495075200-360x273.jpg 360w\" sizes=\"auto, (max-width: 680px) 100vw, 680px\" \/><p id=\"caption-attachment-181484\" class=\"wp-caption-text\">Nayane Neto em plena sintonia com acess\u00f3rios lindos by Candy<\/p><\/div>\n<div id=\"attachment_181485\" style=\"width: 690px\" class=\"wp-caption aligncenter\"><img loading=\"lazy\" decoding=\"async\" aria-describedby=\"caption-attachment-181485\" class=\"wp-image-181485\" src=\"https:\/\/diarioregionaldigital.com.br\/wp-content\/uploads\/2021\/04\/fotod-14-e1619495106274.jpg\" alt=\"\" width=\"680\" height=\"491\" srcset=\"https:\/\/diarioregionaldigital.com.br\/wp-content\/uploads\/2021\/04\/fotod-14-e1619495106274.jpg 526w, https:\/\/diarioregionaldigital.com.br\/wp-content\/uploads\/2021\/04\/fotod-14-e1619495106274-300x217.jpg 300w, https:\/\/diarioregionaldigital.com.br\/wp-content\/uploads\/2021\/04\/fotod-14-e1619495106274-360x260.jpg 360w\" sizes=\"auto, (max-width: 680px) 100vw, 680px\" \/><p id=\"caption-attachment-181485\" class=\"wp-caption-text\">Mulheres lindas e poderosas em close especial: J\u00falia Moreira Bellei e Erika Beire<\/p><\/div>\n<div id=\"attachment_181486\" style=\"width: 690px\" class=\"wp-caption aligncenter\"><img loading=\"lazy\" decoding=\"async\" aria-describedby=\"caption-attachment-181486\" class=\"wp-image-181486\" src=\"https:\/\/diarioregionaldigital.com.br\/wp-content\/uploads\/2021\/04\/fotoe-14-e1619495130258.jpg\" alt=\"\" width=\"680\" height=\"490\" srcset=\"https:\/\/diarioregionaldigital.com.br\/wp-content\/uploads\/2021\/04\/fotoe-14-e1619495130258.jpg 525w, https:\/\/diarioregionaldigital.com.br\/wp-content\/uploads\/2021\/04\/fotoe-14-e1619495130258-300x216.jpg 300w, https:\/\/diarioregionaldigital.com.br\/wp-content\/uploads\/2021\/04\/fotoe-14-e1619495130258-360x259.jpg 360w\" sizes=\"auto, (max-width: 680px) 100vw, 680px\" \/><p id=\"caption-attachment-181486\" class=\"wp-caption-text\">Nos bons tempos da Juventude Imperial com Fabiano Garcia, Patr\u00edcia Caniato e Carlos Barbosa<\/p><\/div>\n<div id=\"attachment_181487\" style=\"width: 690px\" class=\"wp-caption aligncenter\"><img loading=\"lazy\" decoding=\"async\" aria-describedby=\"caption-attachment-181487\" class=\"wp-image-181487\" src=\"https:\/\/diarioregionaldigital.com.br\/wp-content\/uploads\/2021\/04\/fotof-14-e1619495148329.jpg\" alt=\"\" width=\"680\" height=\"481\" srcset=\"https:\/\/diarioregionaldigital.com.br\/wp-content\/uploads\/2021\/04\/fotof-14-e1619495148329.jpg 746w, https:\/\/diarioregionaldigital.com.br\/wp-content\/uploads\/2021\/04\/fotof-14-e1619495148329-300x212.jpg 300w, https:\/\/diarioregionaldigital.com.br\/wp-content\/uploads\/2021\/04\/fotof-14-e1619495148329-360x255.jpg 360w, https:\/\/diarioregionaldigital.com.br\/wp-content\/uploads\/2021\/04\/fotof-14-e1619495148329-100x70.jpg 100w\" sizes=\"auto, (max-width: 680px) 100vw, 680px\" \/><p id=\"caption-attachment-181487\" class=\"wp-caption-text\">Com esperan\u00e7a de dias melhores, as elegantes Sebastiana Frizeiro e Adelaide Rodrigues<\/p><\/div>\n<div id=\"attachment_181488\" style=\"width: 690px\" class=\"wp-caption aligncenter\"><img loading=\"lazy\" decoding=\"async\" aria-describedby=\"caption-attachment-181488\" class=\"wp-image-181488\" src=\"https:\/\/diarioregionaldigital.com.br\/wp-content\/uploads\/2021\/04\/fotog-14-e1619495168875.jpg\" alt=\"\" width=\"680\" height=\"472\" srcset=\"https:\/\/diarioregionaldigital.com.br\/wp-content\/uploads\/2021\/04\/fotog-14-e1619495168875.jpg 909w, https:\/\/diarioregionaldigital.com.br\/wp-content\/uploads\/2021\/04\/fotog-14-e1619495168875-300x208.jpg 300w, https:\/\/diarioregionaldigital.com.br\/wp-content\/uploads\/2021\/04\/fotog-14-e1619495168875-768x533.jpg 768w, https:\/\/diarioregionaldigital.com.br\/wp-content\/uploads\/2021\/04\/fotog-14-e1619495168875-360x250.jpg 360w, https:\/\/diarioregionaldigital.com.br\/wp-content\/uploads\/2021\/04\/fotog-14-e1619495168875-100x70.jpg 100w\" sizes=\"auto, (max-width: 680px) 100vw, 680px\" \/><p id=\"caption-attachment-181488\" class=\"wp-caption-text\">Gente querida de Rotary: Ros\u00e2ngela Marques, Napole\u00e3o Humberto Guarnieri e Leandra Guerra<\/p><\/div>\n<p style=\"text-align: center;\"><strong>FOTOSS\u00cdNTESE<\/strong><\/p>\n<p>A elegante advogada da OAB\/MG, Anna Ede est\u00e1 em intensa mobiliza\u00e7\u00e3o para a Semana Municipal da Pessoa Idosa dia 9 de maio.<\/p>\n<p>O bonit\u00e3o Lucas Adiemla finalizou mais uma etapa concluindo o doutorado em Estudos da Linguagem com dura\u00e7\u00e3o de 4 anos pela PUC-Rio.<br \/>\nDona da hist\u00f3ria, Maria Clara Castell\u00f5es est\u00e1 com uma linda obra no cat\u00e1logo da Franco Editora com o t\u00edtulo \u201cIrm\u00e3os\u201d.<\/p>\n<p>A bonita juiz-forana D\u00e9bora Manfroi est\u00e1 promovendo elegante happy-hour em seu sofisticado Barth\u00f4 Praia no Rio de Janeiro.<\/p>\n<p>A bonita Gabi Gon\u00e7alves propriet\u00e1ria da grife de bolsas e acess\u00f3rios Maria Buzina juntou seu apurad\u00edssimo bom gosto com Leila chagas e Yuri Vasconcellos e est\u00e3o produzindo novos produtos transados com tramas multi-coloridas.<\/p>\n<p>A C\u00e2mara Municipal de Juiz de Fora j\u00e1 retomou suas reuni\u00f5es ordin\u00e1rias. At\u00e9 dia 30, os vereadores tem uma intensa pauta n\u00e3o apenas nas reuni\u00f5es mas tamb\u00e9m nas comiss\u00f5es t\u00e9cnicas nas quais tramitam diversos projetos.<\/p>\n<p>Aten\u00e7\u00e3o: com a retomada de Juiz de Fora a onda vermelha ainda n\u00e3o h\u00e1 motivos de comemora\u00e7\u00e3o. Segundo o governo Romeu Zema \u201cEstamos longe de termos confortos. O sistema hospitalar ainda opera com uma carga pesada\u201d. Ent\u00e3o use m\u00e1scara, lave as m\u00e3os sempre, use \u00e1lcool em gel e evite aglomera\u00e7\u00f5es.<\/p>\n<p>Velhos tempos: Em tempos de pandemia, s\u00f3 quem viveu no passado lembra a aventura que era estar num mundo sem localizador, sem mensagens de \u00e1udios, sem WhatsApps: nada na palma da m\u00e3o, a n\u00e3o ser no cora\u00e7\u00e3o. Bom dia.<\/p>\n<p><img loading=\"lazy\" decoding=\"async\" class=\"aligncenter size-full wp-image-181495\" src=\"https:\/\/diarioregionaldigital.com.br\/wp-content\/uploads\/2021\/04\/anuncio56-scaled.jpg\" alt=\"\" width=\"2560\" height=\"994\" srcset=\"https:\/\/diarioregionaldigital.com.br\/wp-content\/uploads\/2021\/04\/anuncio56-scaled.jpg 2560w, https:\/\/diarioregionaldigital.com.br\/wp-content\/uploads\/2021\/04\/anuncio56-300x116.jpg 300w, https:\/\/diarioregionaldigital.com.br\/wp-content\/uploads\/2021\/04\/anuncio56-1024x398.jpg 1024w, https:\/\/diarioregionaldigital.com.br\/wp-content\/uploads\/2021\/04\/anuncio56-768x298.jpg 768w, https:\/\/diarioregionaldigital.com.br\/wp-content\/uploads\/2021\/04\/anuncio56-1536x596.jpg 1536w, https:\/\/diarioregionaldigital.com.br\/wp-content\/uploads\/2021\/04\/anuncio56-2048x795.jpg 2048w, https:\/\/diarioregionaldigital.com.br\/wp-content\/uploads\/2021\/04\/anuncio56-360x140.jpg 360w\" sizes=\"auto, (max-width: 2560px) 100vw, 2560px\" \/><\/p>\n","protected":false},"excerpt":{"rendered":"<p>Novidade Sempre destaque nos an\u00fancios da TV, o publicit\u00e1rio Washington Olivetto lan\u00e7ou o W\/Cast, no qual relembra hist\u00f3rias pessoais e de seus 50 anos de carreira em forma de podcast semanal. Ele contabilizou sucesso com campanhas ic\u00f4nicas, com a do primeiro- suti\u00e3 e a do Garoto Bombril. Ele j\u00e1 foi premiado com o Le\u00e3o de [&hellip;]<\/p>\n","protected":false},"author":253,"featured_media":181482,"comment_status":"closed","ping_status":"closed","sticky":false,"template":"","format":"standard","meta":{"footnotes":""},"categories":[264],"tags":[],"class_list":["post-181492","post","type-post","status-publish","format-standard","has-post-thumbnail","hentry","category-eduardo-gomes"],"_links":{"self":[{"href":"https:\/\/diarioregionaldigital.com.br\/index.php?rest_route=\/wp\/v2\/posts\/181492","targetHints":{"allow":["GET"]}}],"collection":[{"href":"https:\/\/diarioregionaldigital.com.br\/index.php?rest_route=\/wp\/v2\/posts"}],"about":[{"href":"https:\/\/diarioregionaldigital.com.br\/index.php?rest_route=\/wp\/v2\/types\/post"}],"author":[{"embeddable":true,"href":"https:\/\/diarioregionaldigital.com.br\/index.php?rest_route=\/wp\/v2\/users\/253"}],"replies":[{"embeddable":true,"href":"https:\/\/diarioregionaldigital.com.br\/index.php?rest_route=%2Fwp%2Fv2%2Fcomments&post=181492"}],"version-history":[{"count":1,"href":"https:\/\/diarioregionaldigital.com.br\/index.php?rest_route=\/wp\/v2\/posts\/181492\/revisions"}],"predecessor-version":[{"id":181496,"href":"https:\/\/diarioregionaldigital.com.br\/index.php?rest_route=\/wp\/v2\/posts\/181492\/revisions\/181496"}],"wp:featuredmedia":[{"embeddable":true,"href":"https:\/\/diarioregionaldigital.com.br\/index.php?rest_route=\/wp\/v2\/media\/181482"}],"wp:attachment":[{"href":"https:\/\/diarioregionaldigital.com.br\/index.php?rest_route=%2Fwp%2Fv2%2Fmedia&parent=181492"}],"wp:term":[{"taxonomy":"category","embeddable":true,"href":"https:\/\/diarioregionaldigital.com.br\/index.php?rest_route=%2Fwp%2Fv2%2Fcategories&post=181492"},{"taxonomy":"post_tag","embeddable":true,"href":"https:\/\/diarioregionaldigital.com.br\/index.php?rest_route=%2Fwp%2Fv2%2Ftags&post=181492"}],"curies":[{"name":"wp","href":"https:\/\/api.w.org\/{rel}","templated":true}]}}