{"id":181440,"date":"2021-04-26T18:55:59","date_gmt":"2021-04-26T21:55:59","guid":{"rendered":"https:\/\/diarioregionaldigital.com.br\/?p=181440"},"modified":"2021-04-26T18:55:59","modified_gmt":"2021-04-26T21:55:59","slug":"brasil-define-equipes-do-tenis-de-mesa-para-toquio-100-sao-do-bolsa-atleta","status":"publish","type":"post","link":"https:\/\/diarioregionaldigital.com.br\/?p=181440","title":{"rendered":"Brasil define equipes do t\u00eanis de mesa para T\u00f3quio: 100% s\u00e3o do Bolsa Atleta"},"content":{"rendered":"<p>Os t\u00e9cnicos da Sele\u00e7\u00e3o Brasileira, Francisco Arado, o Paco (equipe masculina), e Hugo Hoyama (equipe feminina) divulgaram, nesta segunda-feira (26), a lista dos convocados do t\u00eanis de mesa para os Jogos Ol\u00edmpicos de T\u00f3quio, em julho deste ano. Bruna Takahashi, Jessica Yamada e Carol Kumahara s\u00e3o as tr\u00eas escolhidas no feminino, enquanto Hugo Calderano, Gustavo Tsuboi e Vitor Ishiy disputam os torneios masculinos. Os reservas ser\u00e3o Eric Jouti (masculino) e Giulia Takahashi (feminino). Os oito atletas s\u00e3o integrantes do Bolsa Atleta, programa da Secretaria Especial do Esporte do Minist\u00e9rio da Cidadania.<\/p>\n<p>A escolha foi baseada em crit\u00e9rios t\u00e9cnicos. Hugo Calderano, n\u00famero 7 do mundo e 6\u00ba do ranking ol\u00edmpico, j\u00e1 havia garantido a vaga por ter vencido o torneio individual masculino dos Jogos Pan-Americanos de Lima. A Confedera\u00e7\u00e3o Brasileira de T\u00eanis de Mesa informou em nota oficial, ainda em 2019, que a segunda vaga masculina seria preenchida pelo melhor brasileiro na sequ\u00eancia do ranking mundial, no caso, Gustavo Tsuboi (37\u00b0), e que as duas primeiras na lista feminina estariam automaticamente convocadas, ou seja, Bruna Takahashi (48\u00aa) e Jessica Yamada (142\u00aa).<\/p>\n<p>Restava a defini\u00e7\u00e3o dos terceiros nomes da Sele\u00e7\u00e3o, por escolha dos t\u00e9cnicos. Tamb\u00e9m n\u00e3o foi uma surpresa, sendo, mais uma vez, adotado o crit\u00e9rio de posicionamento no ranking mundial: Vitor Ishiy, 59\u00b0 do ranking masculino, e Carol Kumahara, 144\u00aa no feminino. Ambos s\u00e3o os terceiros melhores do pa\u00eds no ranking.<\/p>\n<p>At\u00e9 mesmo na escolha dos reservas, que podem substituir os atletas em caso de intercorr\u00eancias antes do in\u00edcio do evento, n\u00e3o aconteceram surpresas. Eric Jouti fez parte da Sele\u00e7\u00e3o masculina em diversos eventos do ciclo ol\u00edmpico. Giulia Takahashi, de 16 anos, vem se destacando h\u00e1 alguns anos, faz parte do Programa de Desenvolvimento da CBTM e j\u00e1 treinou na Miss\u00e3o Europa com as meninas da equipe principal.<\/p>\n<p>\u201cA convoca\u00e7\u00e3o foi feita de acordo com os crit\u00e9rios definidos, com as duas melhores ranqueadas, Bruna Takahashi e Jessica Yamada, e, como escolha t\u00e9cnica, a Caroline Kumahara. J\u00e1 a escolha da Giulia Takahashi como reserva se d\u00e1 pelos excelentes resultados obtidos, principalmente em 2019. Acredito muito no potencial dela e seria de muita import\u00e2ncia adquirir experi\u00eancia estando junto com a equipe em T\u00f3quio\u201d, explica Hugo Hoyama.<\/p>\n<p>\u201cCheguei a esse time e ao reserva pelos resultados em competi\u00e7\u00f5es, dentro de uma estrat\u00e9gia para tentar conquistar resultados especiais para o Brasil. Temos uma equipe equilibrada, com tr\u00eas jogadores destros e um canhoto. Todos est\u00e3o no Top 100 mundial, com destaque para o Hugo Calderano, que figura no Top 10\u201d, explica Francisco Arado.<\/p>\n<p>De acordo com o crit\u00e9rio estabelecido pela CBTM, Calderano e Bruna disputar\u00e3o tamb\u00e9m os torneios individuais. O segundo nome de cada naipe ser\u00e1 divulgado posteriormente, at\u00e9 a data limite de inscri\u00e7\u00e3o, em meados de maio.<\/p>\n<p>A Sele\u00e7\u00e3o masculina ir\u00e1 realizar um per\u00edodo de prepara\u00e7\u00e3o em Ochsenhausen, no clube onde Hugo Calderano atuou at\u00e9 o m\u00eas passado. J\u00e1 o time feminino far\u00e1 sua prepara\u00e7\u00e3o no Centro de Alto Rendimento de Vila Nova de Gaia, na Regi\u00e3o Metropolitana do Porto, em Portugal, onde foi realizada a Miss\u00e3o Europa, em 2020.<\/p>\n<p>Fonte: Confedera\u00e7\u00e3o Brasileira de T\u00eanis de Mesa<strong><br \/>\n<\/strong><\/p>\n","protected":false},"excerpt":{"rendered":"<p>Os t\u00e9cnicos da Sele\u00e7\u00e3o Brasileira, Francisco Arado, o Paco (equipe masculina), e Hugo Hoyama (equipe feminina) divulgaram, nesta segunda-feira (26), a lista dos convocados do t\u00eanis de mesa para os Jogos Ol\u00edmpicos de T\u00f3quio, em julho deste ano. Bruna Takahashi, Jessica Yamada e Carol Kumahara s\u00e3o as tr\u00eas escolhidas no feminino, enquanto Hugo Calderano, Gustavo [&hellip;]<\/p>\n","protected":false},"author":246,"featured_media":181441,"comment_status":"closed","ping_status":"closed","sticky":false,"template":"","format":"standard","meta":{"footnotes":""},"categories":[257,439],"tags":[],"class_list":["post-181440","post","type-post","status-publish","format-standard","has-post-thumbnail","hentry","category-esporte","category-ultima-hora"],"_links":{"self":[{"href":"https:\/\/diarioregionaldigital.com.br\/index.php?rest_route=\/wp\/v2\/posts\/181440","targetHints":{"allow":["GET"]}}],"collection":[{"href":"https:\/\/diarioregionaldigital.com.br\/index.php?rest_route=\/wp\/v2\/posts"}],"about":[{"href":"https:\/\/diarioregionaldigital.com.br\/index.php?rest_route=\/wp\/v2\/types\/post"}],"author":[{"embeddable":true,"href":"https:\/\/diarioregionaldigital.com.br\/index.php?rest_route=\/wp\/v2\/users\/246"}],"replies":[{"embeddable":true,"href":"https:\/\/diarioregionaldigital.com.br\/index.php?rest_route=%2Fwp%2Fv2%2Fcomments&post=181440"}],"version-history":[{"count":1,"href":"https:\/\/diarioregionaldigital.com.br\/index.php?rest_route=\/wp\/v2\/posts\/181440\/revisions"}],"predecessor-version":[{"id":181442,"href":"https:\/\/diarioregionaldigital.com.br\/index.php?rest_route=\/wp\/v2\/posts\/181440\/revisions\/181442"}],"wp:featuredmedia":[{"embeddable":true,"href":"https:\/\/diarioregionaldigital.com.br\/index.php?rest_route=\/wp\/v2\/media\/181441"}],"wp:attachment":[{"href":"https:\/\/diarioregionaldigital.com.br\/index.php?rest_route=%2Fwp%2Fv2%2Fmedia&parent=181440"}],"wp:term":[{"taxonomy":"category","embeddable":true,"href":"https:\/\/diarioregionaldigital.com.br\/index.php?rest_route=%2Fwp%2Fv2%2Fcategories&post=181440"},{"taxonomy":"post_tag","embeddable":true,"href":"https:\/\/diarioregionaldigital.com.br\/index.php?rest_route=%2Fwp%2Fv2%2Ftags&post=181440"}],"curies":[{"name":"wp","href":"https:\/\/api.w.org\/{rel}","templated":true}]}}