{"id":181230,"date":"2021-04-20T17:16:54","date_gmt":"2021-04-20T20:16:54","guid":{"rendered":"https:\/\/diarioregionaldigital.com.br\/?p=181230"},"modified":"2021-04-20T17:16:54","modified_gmt":"2021-04-20T20:16:54","slug":"caixa-paga-auxilio-emergencial-a-nascidos-em-julho","status":"publish","type":"post","link":"https:\/\/diarioregionaldigital.com.br\/?p=181230","title":{"rendered":"Caixa paga aux\u00edlio emergencial a nascidos em julho"},"content":{"rendered":"<p>Trabalhadores informais nascidos em julho come\u00e7am a receber\u00a0hoje\u00a0(20) a nova rodada do aux\u00edlio emergencial. O benef\u00edcio\u00a0tem\u00a0parcelas de R$ 150 a R$ 375, dependendo da fam\u00edlia.<img decoding=\"async\" src=\"https:\/\/agenciabrasil.ebc.com.br\/ebc.png?id=1407247&amp;o=node\" \/> O pagamento tamb\u00e9m ser\u00e1 feito a inscritos no Cadastro \u00danico de Programas Sociais do Governo Federal (Cad\u00danico) nascidos no mesmo m\u00eas. O dinheiro ser\u00e1 depositado nas contas poupan\u00e7a digitais e poder\u00e1 ser movimentado pelo aplicativo Caixa Tem. Somente de duas a quatro semanas ap\u00f3s o dep\u00f3sito, o dinheiro poder\u00e1 ser sacado em esp\u00e9cie ou transferido para uma conta corrente.<\/p>\n<p>O saque da primeira parcela foi antecipado em 15 dias. O calend\u00e1rio de retiradas, que iria de 4 de maio a 4 de junho, passou para o per\u00edodo de 30 de abril a 17 de maio.\u00a0 Ao todo 45,6 milh\u00f5es de brasileiros ser\u00e3o beneficiados pela nova rodada do aux\u00edlio emergencial. O calend\u00e1rio de pagamentos foi divulgado pelo governo no in\u00edcio do m\u00eas. O aux\u00edlio ser\u00e1 pago apenas a quem recebia o benef\u00edcio em dezembro de 2020. Tamb\u00e9m \u00e9 necess\u00e1rio cumprir outros requisitos para ter direito \u00e0 nova rodada.<\/p>\n<p>Para os benefici\u00e1rios do Bolsa Fam\u00edlia, o pagamento ocorre de forma distinta. Os inscritos podem sacar diretamente o dinheiro nos dez \u00faltimos dias \u00fateis de cada m\u00eas, com base no d\u00edgito final do N\u00famero de Inscri\u00e7\u00e3o Social (NIS). O pagamento da primeira parcela aos inscritos no Bolsa Fam\u00edlia come\u00e7ou na\u00a0sexta-feira (16) e segue at\u00e9 o dia 30. Na\u00a0quinta-feira (22), recebem os benefici\u00e1rios com NIS de final 3. O aux\u00edlio emergencial somente ser\u00e1 pago quando o valor for superior ao benef\u00edcio do programa social.<br \/>\n<span style=\"font-weight: 400;\"><br \/>\n<\/span><span style=\"font-weight: 400;\">Fonte: Ag\u00eancia Brasil<\/span><\/p>\n","protected":false},"excerpt":{"rendered":"<p>Trabalhadores informais nascidos em julho come\u00e7am a receber\u00a0hoje\u00a0(20) a nova rodada do aux\u00edlio emergencial. O benef\u00edcio\u00a0tem\u00a0parcelas de R$ 150 a R$ 375, dependendo da fam\u00edlia. O pagamento tamb\u00e9m ser\u00e1 feito a inscritos no Cadastro \u00danico de Programas Sociais do Governo Federal (Cad\u00danico) nascidos no mesmo m\u00eas. O dinheiro ser\u00e1 depositado nas contas poupan\u00e7a digitais e [&hellip;]<\/p>\n","protected":false},"author":246,"featured_media":181231,"comment_status":"closed","ping_status":"closed","sticky":false,"template":"","format":"standard","meta":{"footnotes":""},"categories":[436,440,261,262,439],"tags":[],"class_list":["post-181230","post","type-post","status-publish","format-standard","has-post-thumbnail","hentry","category-destaque-da-semana","category-destaques-do-dia","category-economia","category-noticias","category-ultima-hora"],"_links":{"self":[{"href":"https:\/\/diarioregionaldigital.com.br\/index.php?rest_route=\/wp\/v2\/posts\/181230","targetHints":{"allow":["GET"]}}],"collection":[{"href":"https:\/\/diarioregionaldigital.com.br\/index.php?rest_route=\/wp\/v2\/posts"}],"about":[{"href":"https:\/\/diarioregionaldigital.com.br\/index.php?rest_route=\/wp\/v2\/types\/post"}],"author":[{"embeddable":true,"href":"https:\/\/diarioregionaldigital.com.br\/index.php?rest_route=\/wp\/v2\/users\/246"}],"replies":[{"embeddable":true,"href":"https:\/\/diarioregionaldigital.com.br\/index.php?rest_route=%2Fwp%2Fv2%2Fcomments&post=181230"}],"version-history":[{"count":1,"href":"https:\/\/diarioregionaldigital.com.br\/index.php?rest_route=\/wp\/v2\/posts\/181230\/revisions"}],"predecessor-version":[{"id":181232,"href":"https:\/\/diarioregionaldigital.com.br\/index.php?rest_route=\/wp\/v2\/posts\/181230\/revisions\/181232"}],"wp:featuredmedia":[{"embeddable":true,"href":"https:\/\/diarioregionaldigital.com.br\/index.php?rest_route=\/wp\/v2\/media\/181231"}],"wp:attachment":[{"href":"https:\/\/diarioregionaldigital.com.br\/index.php?rest_route=%2Fwp%2Fv2%2Fmedia&parent=181230"}],"wp:term":[{"taxonomy":"category","embeddable":true,"href":"https:\/\/diarioregionaldigital.com.br\/index.php?rest_route=%2Fwp%2Fv2%2Fcategories&post=181230"},{"taxonomy":"post_tag","embeddable":true,"href":"https:\/\/diarioregionaldigital.com.br\/index.php?rest_route=%2Fwp%2Fv2%2Ftags&post=181230"}],"curies":[{"name":"wp","href":"https:\/\/api.w.org\/{rel}","templated":true}]}}