{"id":181183,"date":"2021-04-19T20:11:13","date_gmt":"2021-04-19T23:11:13","guid":{"rendered":"https:\/\/diarioregionaldigital.com.br\/?p=181183"},"modified":"2021-04-19T20:11:13","modified_gmt":"2021-04-19T23:11:13","slug":"fiscalizacao-orienta-estabelecimentos-no-primeiro-fim-de-semana-do-retorno-a-faixa-vermelha-em-juiz-de-fora","status":"publish","type":"post","link":"https:\/\/diarioregionaldigital.com.br\/?p=181183","title":{"rendered":"Fiscaliza\u00e7\u00e3o orienta estabelecimentos no primeiro fim de semana do retorno \u00e0 faixa vermelha em Juiz de Fora"},"content":{"rendered":"<p>A cidade de Juiz de fora voltou a seguir as medidas do Programa Municipal de Enfrentamento \u00e0 Covid-19, neste s\u00e1bado, 17. A opera\u00e7\u00e3o \u201cFiscaliza\u00e7\u00e3o Pela Vida\u201d atuou durante o fim de semana em diversos pontos da cidade, com o prop\u00f3sito de garantir o cumprimento da legisla\u00e7\u00e3o e das medidas sanit\u00e1rias. No momento, o munic\u00edpio est\u00e1 classificado na Faixa Vermelha do <b>\u201cJuiz de Fora Pela Vida\u201d.<\/b><\/p>\n<p>Segundo informa\u00e7\u00f5es do site da Prefeitura de Juiz de Fora, al\u00e9m de visitas orientativas, os fiscais de posturas da Secretaria de Sustentabilidade em Meio Ambiente e Atividades Urbanas (Sesmaur) vistoriaram 60 estabelecimentos entre s\u00e1bado, 17, e domingo, 18. Foram emitidos 6 autos de infra\u00e7\u00e3o e 2 notifica\u00e7\u00f5es. J\u00e1 os agentes de transporte e tr\u00e2nsito da Secretaria de Mobilidade Urbana (SMU) abordaram 92 \u00f4nibus neste s\u00e1bado, 17.<\/p>\n<p>A secret\u00e1ria de governo, Cidinha Louzada, que coordena as a\u00e7\u00f5es da opera\u00e7\u00e3o Fiscaliza\u00e7\u00e3o pela Vida, pontua que \u00e9 essencial a conscientiza\u00e7\u00e3o das pessoas e as den\u00fancias. &#8220;As aglomera\u00e7\u00f5es e irregularidades podem refletir, no futuro, no agravamento da situa\u00e7\u00e3o da pandemia na cidade. A gente pede que todos os protocolos sejam cumpridos para que n\u00e3o seja necess\u00e1rio retornar \u00e0 faixa roxa&#8221;, ressalta. S\u00f3 foi poss\u00edvel a reabertura de setores do com\u00e9rcio diante da queda do n\u00famero de casos e do n\u00famero geral de hospitaliza\u00e7\u00f5es na cidade.<\/p>\n<p>Contudo, as irregularidades verificadas no primeiro final de semana de lockdown preocupam a equipe de Fiscaliza\u00e7\u00e3o.\u00a0 O consumo de bebida alco\u00f3lica em restaurantes, al\u00e9m do funcionamento irregular de bares &#8211; que est\u00e3o autorizados a atender apenas por delivery, foram os principais descumprimentos constatados. Os com\u00e9rcios que n\u00e3o cumprirem as normas est\u00e3o sujeitos a autua\u00e7\u00e3o e interdi\u00e7\u00e3o, sendo prevista interdi\u00e7\u00e3o de sete dias na primeira reitera\u00e7\u00e3o; de 15 dias na segunda; e, na terceira vez, a interdi\u00e7\u00e3o ser\u00e1 at\u00e9 o fim do estado de calamidade p\u00fablica. Outro problema identificado pela Fiscaliza\u00e7\u00e3o foi aglomera\u00e7\u00e3o na BR-440. Para atuar no local, que \u00e9 via federal, ser\u00e1 acionada a Pol\u00edcia Rodovi\u00e1ria Federal (PRF).<\/p>\n","protected":false},"excerpt":{"rendered":"<p>A cidade de Juiz de fora voltou a seguir as medidas do Programa Municipal de Enfrentamento \u00e0 Covid-19, neste s\u00e1bado, 17. A opera\u00e7\u00e3o \u201cFiscaliza\u00e7\u00e3o Pela Vida\u201d atuou durante o fim de semana em diversos pontos da cidade, com o prop\u00f3sito de garantir o cumprimento da legisla\u00e7\u00e3o e das medidas sanit\u00e1rias. No momento, o munic\u00edpio est\u00e1 [&hellip;]<\/p>\n","protected":false},"author":246,"featured_media":181184,"comment_status":"closed","ping_status":"closed","sticky":false,"template":"","format":"standard","meta":{"footnotes":""},"categories":[253,440,262,439],"tags":[],"class_list":["post-181183","post","type-post","status-publish","format-standard","has-post-thumbnail","hentry","category-cidade","category-destaques-do-dia","category-noticias","category-ultima-hora"],"_links":{"self":[{"href":"https:\/\/diarioregionaldigital.com.br\/index.php?rest_route=\/wp\/v2\/posts\/181183","targetHints":{"allow":["GET"]}}],"collection":[{"href":"https:\/\/diarioregionaldigital.com.br\/index.php?rest_route=\/wp\/v2\/posts"}],"about":[{"href":"https:\/\/diarioregionaldigital.com.br\/index.php?rest_route=\/wp\/v2\/types\/post"}],"author":[{"embeddable":true,"href":"https:\/\/diarioregionaldigital.com.br\/index.php?rest_route=\/wp\/v2\/users\/246"}],"replies":[{"embeddable":true,"href":"https:\/\/diarioregionaldigital.com.br\/index.php?rest_route=%2Fwp%2Fv2%2Fcomments&post=181183"}],"version-history":[{"count":1,"href":"https:\/\/diarioregionaldigital.com.br\/index.php?rest_route=\/wp\/v2\/posts\/181183\/revisions"}],"predecessor-version":[{"id":181185,"href":"https:\/\/diarioregionaldigital.com.br\/index.php?rest_route=\/wp\/v2\/posts\/181183\/revisions\/181185"}],"wp:featuredmedia":[{"embeddable":true,"href":"https:\/\/diarioregionaldigital.com.br\/index.php?rest_route=\/wp\/v2\/media\/181184"}],"wp:attachment":[{"href":"https:\/\/diarioregionaldigital.com.br\/index.php?rest_route=%2Fwp%2Fv2%2Fmedia&parent=181183"}],"wp:term":[{"taxonomy":"category","embeddable":true,"href":"https:\/\/diarioregionaldigital.com.br\/index.php?rest_route=%2Fwp%2Fv2%2Fcategories&post=181183"},{"taxonomy":"post_tag","embeddable":true,"href":"https:\/\/diarioregionaldigital.com.br\/index.php?rest_route=%2Fwp%2Fv2%2Ftags&post=181183"}],"curies":[{"name":"wp","href":"https:\/\/api.w.org\/{rel}","templated":true}]}}