{"id":181178,"date":"2021-04-19T20:01:47","date_gmt":"2021-04-19T23:01:47","guid":{"rendered":"https:\/\/diarioregionaldigital.com.br\/?p=181178"},"modified":"2021-04-19T23:08:31","modified_gmt":"2021-04-20T02:08:31","slug":"prefeitura-de-juiz-de-fora-entrega-mais-10-leitos-covid-na-fundacao-instituto-clinico","status":"publish","type":"post","link":"https:\/\/diarioregionaldigital.com.br\/?p=181178","title":{"rendered":"Prefeitura de Juiz de Fora entrega mais 10 leitos Covid na Funda\u00e7\u00e3o Instituto Cl\u00ednico"},"content":{"rendered":"<p>Mais 10 leitos de Unidade de Terapia Intensiva (UTI) foram entregues pela Prefeitura de Juiz de Fora \u00e0 Funda\u00e7\u00e3o Instituto Cl\u00ednico (IBG), antigo Hospital Jo\u00e3o Fel\u00edcio. Com mais estes leitos, Juiz de Fora passa a dispor de 168 leitos, 68 deles criados desde janeiro, quando da posse da nova gest\u00e3o. J\u00e1 s\u00e3o 68% leitos a mais para o atendimento de pacientes com Covid-19.<\/p>\n<p>De acordo com informa\u00e7\u00f5es do site da Prefeitura de Juiz de Fora, os leitos est\u00e3o assim distribu\u00eddos, al\u00e9m do IBG: Hospital Ana Nery, 36 leitos; Hospital Universit\u00e1rio (HU) da Universidade Federal de Juiz de Fora, 13; Hospital de Pronto Socorro Mozart Geraldo Teixeira (HPS), Santa Casa de Miseric\u00f3rda (SCM-JF) e Hospital S\u00e3o Vicente de Paulo (HSVP), dez cada; o Hospital Regional Dr. Jo\u00e3o Penido (HRJP) e o Monte Sinai, 20 cada; a Maternidade Terezinha de Jesus (HMTJ), 30, e o Hospital Albert Sabin, nove.<\/p>\n<p>Atualmente a cidade tem 514 pessoas hospitalizadas; a taxa de ocupa\u00e7\u00e3o UTI-Covid SUS est\u00e1 em 83,33% (217 pessoas); a enfermaria Covid SUS est\u00e1 em 74,46% (297 pessoas).<\/p>\n","protected":false},"excerpt":{"rendered":"<p>Mais 10 leitos de Unidade de Terapia Intensiva (UTI) foram entregues pela Prefeitura de Juiz de Fora \u00e0 Funda\u00e7\u00e3o Instituto Cl\u00ednico (IBG), antigo Hospital Jo\u00e3o Fel\u00edcio. Com mais estes leitos, Juiz de Fora passa a dispor de 168 leitos, 68 deles criados desde janeiro, quando da posse da nova gest\u00e3o. J\u00e1 s\u00e3o 68% leitos a [&hellip;]<\/p>\n","protected":false},"author":246,"featured_media":181190,"comment_status":"closed","ping_status":"closed","sticky":false,"template":"","format":"standard","meta":{"footnotes":""},"categories":[253,436,440,262,439],"tags":[],"class_list":["post-181178","post","type-post","status-publish","format-standard","has-post-thumbnail","hentry","category-cidade","category-destaque-da-semana","category-destaques-do-dia","category-noticias","category-ultima-hora"],"_links":{"self":[{"href":"https:\/\/diarioregionaldigital.com.br\/index.php?rest_route=\/wp\/v2\/posts\/181178","targetHints":{"allow":["GET"]}}],"collection":[{"href":"https:\/\/diarioregionaldigital.com.br\/index.php?rest_route=\/wp\/v2\/posts"}],"about":[{"href":"https:\/\/diarioregionaldigital.com.br\/index.php?rest_route=\/wp\/v2\/types\/post"}],"author":[{"embeddable":true,"href":"https:\/\/diarioregionaldigital.com.br\/index.php?rest_route=\/wp\/v2\/users\/246"}],"replies":[{"embeddable":true,"href":"https:\/\/diarioregionaldigital.com.br\/index.php?rest_route=%2Fwp%2Fv2%2Fcomments&post=181178"}],"version-history":[{"count":1,"href":"https:\/\/diarioregionaldigital.com.br\/index.php?rest_route=\/wp\/v2\/posts\/181178\/revisions"}],"predecessor-version":[{"id":181180,"href":"https:\/\/diarioregionaldigital.com.br\/index.php?rest_route=\/wp\/v2\/posts\/181178\/revisions\/181180"}],"wp:featuredmedia":[{"embeddable":true,"href":"https:\/\/diarioregionaldigital.com.br\/index.php?rest_route=\/wp\/v2\/media\/181190"}],"wp:attachment":[{"href":"https:\/\/diarioregionaldigital.com.br\/index.php?rest_route=%2Fwp%2Fv2%2Fmedia&parent=181178"}],"wp:term":[{"taxonomy":"category","embeddable":true,"href":"https:\/\/diarioregionaldigital.com.br\/index.php?rest_route=%2Fwp%2Fv2%2Fcategories&post=181178"},{"taxonomy":"post_tag","embeddable":true,"href":"https:\/\/diarioregionaldigital.com.br\/index.php?rest_route=%2Fwp%2Fv2%2Ftags&post=181178"}],"curies":[{"name":"wp","href":"https:\/\/api.w.org\/{rel}","templated":true}]}}