{"id":181165,"date":"2021-04-19T19:34:00","date_gmt":"2021-04-19T22:34:00","guid":{"rendered":"https:\/\/diarioregionaldigital.com.br\/?p=181165"},"modified":"2021-04-19T19:34:00","modified_gmt":"2021-04-19T22:34:00","slug":"presidente-da-uefa-reafirma-que-clubes-dissidentes-serao-banidos","status":"publish","type":"post","link":"https:\/\/diarioregionaldigital.com.br\/?p=181165","title":{"rendered":"Presidente da Uefa reafirma que clubes dissidentes ser\u00e3o banidos"},"content":{"rendered":"<p>O presidente da Uefa, Aleksander Ceferin, reiterou nesta segunda-feira que os clubes e jogadores envolvidos na proposta de cria\u00e7\u00e3o da competi\u00e7\u00e3o dissidente Superliga podem ser banidos &#8220;o mais r\u00e1pido poss\u00edvel&#8221; de todas as competi\u00e7\u00f5es europeias e da Copa do Mundo.<img decoding=\"async\" src=\"https:\/\/agenciabrasil.ebc.com.br\/ebc.png?id=1407180&amp;o=node\" \/><img decoding=\"async\" src=\"https:\/\/agenciabrasil.ebc.com.br\/ebc.gif?id=1407180&amp;o=node\" \/><\/p>\n<p>Em uma reuni\u00e3o de emerg\u00eancia, um dia ap\u00f3s 12 clubes europeus anunciarem a Superliga da Europa, Ceferin lan\u00e7ou um ataque contundente ao plano, que foi amplamente condenado dentro e fora do mundo do esporte.<\/p>\n<p>&#8220;Ainda estamos avaliando com nossa equipe jur\u00eddica, mas tomaremos todas as san\u00e7\u00f5es que pudermos e iremos inform\u00e1-los assim que poss\u00edvel&#8221;, disse. &#8220;Minha opini\u00e3o \u00e9 que eles t\u00eam de ser banidos o mais r\u00e1pido poss\u00edvel de todos os nossos torneios e os jogadores de todas as nossas competi\u00e7\u00f5es.&#8221;<\/p>\n<p>A reuni\u00e3o foi inicialmente agendada para confirmar os planos para uma expans\u00e3o da Liga dos Campe\u00f5es da Uefa, mas foi ofuscada pela Superliga.<\/p>\n<p>&#8220;A Uefa e o mundo do futebol est\u00e3o unidos contra a proposta vergonhosa e ego\u00edsta que vimos nas \u00faltimas 24 horas para alguns clubes selecionados na Europa, motivados pela gan\u00e2ncia. Estamos todos unidos contra este projeto absurdo&#8221;, disse Ceferin.<\/p>\n<p><span style=\"font-weight: 400;\"><br \/>\n<\/span><span style=\"font-weight: 400;\">Fonte: Ag\u00eancia Brasil<\/span><\/p>\n","protected":false},"excerpt":{"rendered":"<p>O presidente da Uefa, Aleksander Ceferin, reiterou nesta segunda-feira que os clubes e jogadores envolvidos na proposta de cria\u00e7\u00e3o da competi\u00e7\u00e3o dissidente Superliga podem ser banidos &#8220;o mais r\u00e1pido poss\u00edvel&#8221; de todas as competi\u00e7\u00f5es europeias e da Copa do Mundo. Em uma reuni\u00e3o de emerg\u00eancia, um dia ap\u00f3s 12 clubes europeus anunciarem a Superliga da [&hellip;]<\/p>\n","protected":false},"author":246,"featured_media":181166,"comment_status":"closed","ping_status":"closed","sticky":false,"template":"","format":"standard","meta":{"footnotes":""},"categories":[436,257,439],"tags":[],"class_list":["post-181165","post","type-post","status-publish","format-standard","has-post-thumbnail","hentry","category-destaque-da-semana","category-esporte","category-ultima-hora"],"_links":{"self":[{"href":"https:\/\/diarioregionaldigital.com.br\/index.php?rest_route=\/wp\/v2\/posts\/181165","targetHints":{"allow":["GET"]}}],"collection":[{"href":"https:\/\/diarioregionaldigital.com.br\/index.php?rest_route=\/wp\/v2\/posts"}],"about":[{"href":"https:\/\/diarioregionaldigital.com.br\/index.php?rest_route=\/wp\/v2\/types\/post"}],"author":[{"embeddable":true,"href":"https:\/\/diarioregionaldigital.com.br\/index.php?rest_route=\/wp\/v2\/users\/246"}],"replies":[{"embeddable":true,"href":"https:\/\/diarioregionaldigital.com.br\/index.php?rest_route=%2Fwp%2Fv2%2Fcomments&post=181165"}],"version-history":[{"count":1,"href":"https:\/\/diarioregionaldigital.com.br\/index.php?rest_route=\/wp\/v2\/posts\/181165\/revisions"}],"predecessor-version":[{"id":181167,"href":"https:\/\/diarioregionaldigital.com.br\/index.php?rest_route=\/wp\/v2\/posts\/181165\/revisions\/181167"}],"wp:featuredmedia":[{"embeddable":true,"href":"https:\/\/diarioregionaldigital.com.br\/index.php?rest_route=\/wp\/v2\/media\/181166"}],"wp:attachment":[{"href":"https:\/\/diarioregionaldigital.com.br\/index.php?rest_route=%2Fwp%2Fv2%2Fmedia&parent=181165"}],"wp:term":[{"taxonomy":"category","embeddable":true,"href":"https:\/\/diarioregionaldigital.com.br\/index.php?rest_route=%2Fwp%2Fv2%2Fcategories&post=181165"},{"taxonomy":"post_tag","embeddable":true,"href":"https:\/\/diarioregionaldigital.com.br\/index.php?rest_route=%2Fwp%2Fv2%2Ftags&post=181165"}],"curies":[{"name":"wp","href":"https:\/\/api.w.org\/{rel}","templated":true}]}}