{"id":181162,"date":"2021-04-19T19:31:21","date_gmt":"2021-04-19T22:31:21","guid":{"rendered":"https:\/\/diarioregionaldigital.com.br\/?p=181162"},"modified":"2021-04-19T19:31:21","modified_gmt":"2021-04-19T22:31:21","slug":"natacao-brasileira-define-selecao-olimpica-em-seletiva-que-segue-ate-sabado-no-rio","status":"publish","type":"post","link":"https:\/\/diarioregionaldigital.com.br\/?p=181162","title":{"rendered":"Nata\u00e7\u00e3o brasileira define sele\u00e7\u00e3o ol\u00edmpica em seletiva que segue at\u00e9 s\u00e1bado no Rio"},"content":{"rendered":"<p>A Seletiva Ol\u00edmpica Brasileira de Nata\u00e7\u00e3o tem in\u00edcio nesta segunda-feira (19.04). A competi\u00e7\u00e3o que definir\u00e1 a equipe do Brasil para os Jogos Ol\u00edmpicos de T\u00f3quio segue at\u00e9 o pr\u00f3ximo s\u00e1bado (24.04) e ser\u00e1 realizada no Parque Aqu\u00e1tico Maria Lenk, na Barra da Tijuca, Zona Oeste do Rio de Janeiro.<\/p>\n<p>Ao todo, 103 atletas est\u00e3o inscritos na competi\u00e7\u00e3o. Nas provas individuais, estar\u00e3o classificados os campe\u00f5es e vice-campe\u00f5es de cada disputa, desde que obtenham o \u00cdndice A estabelecido pela Federa\u00e7\u00e3o Internacional de Nata\u00e7\u00e3o. Valer\u00e3o apenas os \u00edndices feitos na Final A.<\/p>\n<p>Por enquanto, o Brasil tem confirmadas em T\u00f3quio vagas no revezamento 4 x 100m livre masculino, 4 x 200m livre masculino, 4 x 100m medley masculino e na prova individual dos 50m livre masculino.<\/p>\n<p>Em fun\u00e7\u00e3o da pandemia da COVID-19, a CBDA divulgou, em mar\u00e7o, normas sanit\u00e1rias e t\u00e9cnicas para a participa\u00e7\u00e3o de atletas na competi\u00e7\u00e3o. O documento d\u00e1 a oportunidade de atletas que testarem positivo ap\u00f3s o dia 19 de mar\u00e7o de disputarem a seletiva em nova data. Al\u00e9m disso, limitou a competi\u00e7\u00e3o em 120 nadadores para diminuir o risco de prolifera\u00e7\u00e3o do v\u00edrus.<\/p>\n<p>No in\u00edcio de abril, a Federa\u00e7\u00e3o Internacional de Nata\u00e7\u00e3o oficializou o dia 12 de junho como a data oficial para a tomada de tempo para os atletas que contra\u00edram o v\u00edrus e n\u00e3o puderam participar da Seletiva Ol\u00edmpica Brasileira de Nata\u00e7\u00e3o. Vale lembrar que cada atleta continua tendo apenas uma oportunidade de nadar para o \u00edndice.<\/p>\n<p>A Seletiva Ol\u00edmpica Brasileira de Nata\u00e7\u00e3o ter\u00e1 sempre duas etapas por dia: Eliminat\u00f3rias e Finais. As eliminat\u00f3rias come\u00e7am sempre \u00e0s 9h30 e as finais \u00e0s 18h30 (de Bras\u00edlia). A TV CBDA, o Canal Ol\u00edmpico do Brasil e a BandSports transmitir\u00e3o a Seletiva Ol\u00edmpica Brasileira de Nata\u00e7\u00e3o ao vivo.<\/p>\n<p><strong>Fonte: Confedera\u00e7\u00e3o Brasileira de Desportos Aqu\u00e1ticos<\/strong><\/p>\n","protected":false},"excerpt":{"rendered":"<p>A Seletiva Ol\u00edmpica Brasileira de Nata\u00e7\u00e3o tem in\u00edcio nesta segunda-feira (19.04). A competi\u00e7\u00e3o que definir\u00e1 a equipe do Brasil para os Jogos Ol\u00edmpicos de T\u00f3quio segue at\u00e9 o pr\u00f3ximo s\u00e1bado (24.04) e ser\u00e1 realizada no Parque Aqu\u00e1tico Maria Lenk, na Barra da Tijuca, Zona Oeste do Rio de Janeiro. Ao todo, 103 atletas est\u00e3o inscritos [&hellip;]<\/p>\n","protected":false},"author":246,"featured_media":181163,"comment_status":"closed","ping_status":"closed","sticky":false,"template":"","format":"standard","meta":{"footnotes":""},"categories":[436,257,262,439],"tags":[],"class_list":["post-181162","post","type-post","status-publish","format-standard","has-post-thumbnail","hentry","category-destaque-da-semana","category-esporte","category-noticias","category-ultima-hora"],"_links":{"self":[{"href":"https:\/\/diarioregionaldigital.com.br\/index.php?rest_route=\/wp\/v2\/posts\/181162","targetHints":{"allow":["GET"]}}],"collection":[{"href":"https:\/\/diarioregionaldigital.com.br\/index.php?rest_route=\/wp\/v2\/posts"}],"about":[{"href":"https:\/\/diarioregionaldigital.com.br\/index.php?rest_route=\/wp\/v2\/types\/post"}],"author":[{"embeddable":true,"href":"https:\/\/diarioregionaldigital.com.br\/index.php?rest_route=\/wp\/v2\/users\/246"}],"replies":[{"embeddable":true,"href":"https:\/\/diarioregionaldigital.com.br\/index.php?rest_route=%2Fwp%2Fv2%2Fcomments&post=181162"}],"version-history":[{"count":1,"href":"https:\/\/diarioregionaldigital.com.br\/index.php?rest_route=\/wp\/v2\/posts\/181162\/revisions"}],"predecessor-version":[{"id":181164,"href":"https:\/\/diarioregionaldigital.com.br\/index.php?rest_route=\/wp\/v2\/posts\/181162\/revisions\/181164"}],"wp:featuredmedia":[{"embeddable":true,"href":"https:\/\/diarioregionaldigital.com.br\/index.php?rest_route=\/wp\/v2\/media\/181163"}],"wp:attachment":[{"href":"https:\/\/diarioregionaldigital.com.br\/index.php?rest_route=%2Fwp%2Fv2%2Fmedia&parent=181162"}],"wp:term":[{"taxonomy":"category","embeddable":true,"href":"https:\/\/diarioregionaldigital.com.br\/index.php?rest_route=%2Fwp%2Fv2%2Fcategories&post=181162"},{"taxonomy":"post_tag","embeddable":true,"href":"https:\/\/diarioregionaldigital.com.br\/index.php?rest_route=%2Fwp%2Fv2%2Ftags&post=181162"}],"curies":[{"name":"wp","href":"https:\/\/api.w.org\/{rel}","templated":true}]}}