{"id":181155,"date":"2021-04-19T19:00:59","date_gmt":"2021-04-19T22:00:59","guid":{"rendered":"https:\/\/diarioregionaldigital.com.br\/?p=181155"},"modified":"2021-04-19T19:00:59","modified_gmt":"2021-04-19T22:00:59","slug":"estado-distribui-701-200-doses-de-vacinas-contra-a-covid-19","status":"publish","type":"post","link":"https:\/\/diarioregionaldigital.com.br\/?p=181155","title":{"rendered":"Estado distribui 701.200 doses de vacinas contra a covid-19"},"content":{"rendered":"<p><span style=\"font-weight: 400;\">Minas Gerais distribuiu, neste s\u00e1bado (17\/4), 701.200 doses de vacinas contra a covid-19 \u00e0s 28 Unidades Regionais de Sa\u00fade (URSs). Os imunizantes, enviados pelo Minist\u00e9rio da Sa\u00fade, chegaram ontem, ao estado e comp\u00f5em a pauta n.13 do Programa Nacional de Imuniza\u00e7\u00f5es (PNI) para operacionaliza\u00e7\u00e3o de vacina\u00e7\u00e3o contra a covid-19. S\u00e3o 426.000 doses da AstraZeneca e 275.200 da CoronaVac, para dar prosseguimento \u00e0 maior opera\u00e7\u00e3o de vacina\u00e7\u00e3o da hist\u00f3ria de Minas Gerais.<\/span><\/p>\n<p>&nbsp;<\/p>\n<p><span style=\"font-weight: 400;\">A seguran\u00e7a e a agilidade da opera\u00e7\u00e3o log\u00edstica s\u00e3o garantidas pelo apoio das For\u00e7as de Seguran\u00e7a e Salvamento, disponibilizando as aeronaves do Batalh\u00e3o de Opera\u00e7\u00f5es A\u00e9reas (BOA), do Corpo de Bombeiros Militar de Minas Gerais (CBMMG), e efetivo terrestre da Pol\u00edcia Militar de Minas Gerais (PMMG) e da Pol\u00edcia Civil (PCMG) para transporte e escolta dos insumos.<\/span><\/p>\n<p>&nbsp;<\/p>\n<p><span style=\"font-weight: 400;\">\u201cA secretaria orienta munic\u00edpios e gestores de Sa\u00fade conforme o Programa Nacional de Imuniza\u00e7\u00e3o (PNI): todas as doses entregues aos munic\u00edpios devem dar continuidade \u00e0s campanhas de vacina\u00e7\u00e3o observando a cobertura dos p\u00fablicos priorit\u00e1rios\u201d, explica a coordenadora de Imuniza\u00e7\u00e3o da Secretaria de Estado de Sa\u00fade (SES-MG), Josianne Gusm\u00e3o.<\/span><\/p>\n<p>&nbsp;<\/p>\n<p><span style=\"font-weight: 400;\">P\u00fablicos priorit\u00e1rios\u00a0<\/span><\/p>\n<p>&nbsp;<\/p>\n<p><span style=\"font-weight: 400;\">Conforme Informe T\u00e9cnico emitido pelo Minist\u00e9rio da Sa\u00fade, esta etapa da campanha deve distribuir as doses 2 relativas ao esquema vacinal dos trabalhadores da Sa\u00fade (2%) e da popula\u00e7\u00e3o de 65 a 69 anos (23%).<\/span><\/p>\n<p>&nbsp;<\/p>\n<p><span style=\"font-weight: 400;\">Ser\u00e1 entregue, ainda, a dose 1, direcionada aos grupos de trabalhadores de Sa\u00fade, de pessoas de 65 a 69 anos e dos grupos das For\u00e7as de Seguran\u00e7a e Salvamento e For\u00e7as Armadas. Idosos entre 60 a 64 anos s\u00e3o contemplados por esse novo lote.<\/span><\/p>\n<p>&nbsp;<\/p>\n<p><span style=\"font-weight: 400;\">Grupos atendidos at\u00e9 o momento, no Brasil<\/span><\/p>\n<p>&nbsp;<\/p>\n<ul>\n<li><span style=\"font-weight: 400;\"> 100% das pessoas idosas (igual ou superior a 60 anos) residentes em institui\u00e7\u00f5es de longa perman\u00eancia (institucionalizadas) &#8211; ILPI;<\/span><\/li>\n<\/ul>\n<p>&nbsp;<\/p>\n<ul>\n<li><span style=\"font-weight: 400;\"> 100% das pessoas com defici\u00eancia, vivendo em resid\u00eancias inclusivas (institucionalizadas), maiores de 18 anos;<\/span><\/li>\n<\/ul>\n<p>&nbsp;<\/p>\n<ul>\n<li><span style=\"font-weight: 400;\"> 100% da popula\u00e7\u00e3o ind\u00edgena aldeada em terras homologadas, maiores de 18 anos;<\/span><\/li>\n<\/ul>\n<p>&nbsp;<\/p>\n<ul>\n<li><span style=\"font-weight: 400;\"> 100% das pessoas com 90 anos ou mais<\/span><\/li>\n<\/ul>\n<p>&nbsp;<\/p>\n<ul>\n<li><span style=\"font-weight: 400;\"> \u00a0 \u00a0 100% das pessoas com 85 a 89 anos<\/span><\/li>\n<\/ul>\n<p>&nbsp;<\/p>\n<ul>\n<li><span style=\"font-weight: 400;\"> \u00a0 \u00a0 100% das pessoas de 80 a 84 anos<\/span><\/li>\n<\/ul>\n<p>&nbsp;<\/p>\n<ul>\n<li><span style=\"font-weight: 400;\"> \u00a0 \u00a0 100% das pessoas de 75 a 79 anos<\/span><\/li>\n<\/ul>\n<p>&nbsp;<\/p>\n<ul>\n<li><span style=\"font-weight: 400;\"> \u00a0 \u00a0 100% das pessoas de 70 a 74 anos<\/span><\/li>\n<\/ul>\n<p>&nbsp;<\/p>\n<ul>\n<li><span style=\"font-weight: 400;\"> \u00a0 \u00a0 100% das pessoas de 65 a 69 anos<\/span><\/li>\n<\/ul>\n<p>&nbsp;<\/p>\n<ul>\n<li><span style=\"font-weight: 400;\"> \u00a0 \u00a0 2,4% das pessoas de 60 a 64 anos<\/span><\/li>\n<\/ul>\n<p>&nbsp;<\/p>\n<ul>\n<li><span style=\"font-weight: 400;\"> \u00a0 \u00a0 100% da popula\u00e7\u00e3o quilombola e ribeirinha<\/span><\/li>\n<\/ul>\n<p>&nbsp;<\/p>\n<ul>\n<li><span style=\"font-weight: 400;\"> \u00a0 \u00a0 100% dos trabalhadores de sa\u00fade seguindo os crit\u00e9rios de prioridade.<\/span><\/li>\n<\/ul>\n<p>&nbsp;<\/p>\n<ul>\n<li><span style=\"font-weight: 400;\"> \u00a0 \u00a0 18% das For\u00e7as de Seguran\u00e7a e Salvamento<\/span><\/li>\n<\/ul>\n<p>&nbsp;<\/p>\n<p><span style=\"font-weight: 400;\">Fonte: Ag\u00eancia Minas e Plano de Nacional de Operacionaliza\u00e7\u00e3o da Vacina\u00e7\u00e3o Contra a Covid-19<\/span><\/p>\n","protected":false},"excerpt":{"rendered":"<p>Minas Gerais distribuiu, neste s\u00e1bado (17\/4), 701.200 doses de vacinas contra a covid-19 \u00e0s 28 Unidades Regionais de Sa\u00fade (URSs). Os imunizantes, enviados pelo Minist\u00e9rio da Sa\u00fade, chegaram ontem, ao estado e comp\u00f5em a pauta n.13 do Programa Nacional de Imuniza\u00e7\u00f5es (PNI) para operacionaliza\u00e7\u00e3o de vacina\u00e7\u00e3o contra a covid-19. S\u00e3o 426.000 doses da AstraZeneca e [&hellip;]<\/p>\n","protected":false},"author":246,"featured_media":181156,"comment_status":"closed","ping_status":"closed","sticky":false,"template":"","format":"standard","meta":{"footnotes":""},"categories":[436,440,262,254,439],"tags":[],"class_list":["post-181155","post","type-post","status-publish","format-standard","has-post-thumbnail","hentry","category-destaque-da-semana","category-destaques-do-dia","category-noticias","category-politica","category-ultima-hora"],"_links":{"self":[{"href":"https:\/\/diarioregionaldigital.com.br\/index.php?rest_route=\/wp\/v2\/posts\/181155","targetHints":{"allow":["GET"]}}],"collection":[{"href":"https:\/\/diarioregionaldigital.com.br\/index.php?rest_route=\/wp\/v2\/posts"}],"about":[{"href":"https:\/\/diarioregionaldigital.com.br\/index.php?rest_route=\/wp\/v2\/types\/post"}],"author":[{"embeddable":true,"href":"https:\/\/diarioregionaldigital.com.br\/index.php?rest_route=\/wp\/v2\/users\/246"}],"replies":[{"embeddable":true,"href":"https:\/\/diarioregionaldigital.com.br\/index.php?rest_route=%2Fwp%2Fv2%2Fcomments&post=181155"}],"version-history":[{"count":2,"href":"https:\/\/diarioregionaldigital.com.br\/index.php?rest_route=\/wp\/v2\/posts\/181155\/revisions"}],"predecessor-version":[{"id":181158,"href":"https:\/\/diarioregionaldigital.com.br\/index.php?rest_route=\/wp\/v2\/posts\/181155\/revisions\/181158"}],"wp:featuredmedia":[{"embeddable":true,"href":"https:\/\/diarioregionaldigital.com.br\/index.php?rest_route=\/wp\/v2\/media\/181156"}],"wp:attachment":[{"href":"https:\/\/diarioregionaldigital.com.br\/index.php?rest_route=%2Fwp%2Fv2%2Fmedia&parent=181155"}],"wp:term":[{"taxonomy":"category","embeddable":true,"href":"https:\/\/diarioregionaldigital.com.br\/index.php?rest_route=%2Fwp%2Fv2%2Fcategories&post=181155"},{"taxonomy":"post_tag","embeddable":true,"href":"https:\/\/diarioregionaldigital.com.br\/index.php?rest_route=%2Fwp%2Fv2%2Ftags&post=181155"}],"curies":[{"name":"wp","href":"https:\/\/api.w.org\/{rel}","templated":true}]}}