{"id":181152,"date":"2021-04-19T18:56:35","date_gmt":"2021-04-19T21:56:35","guid":{"rendered":"https:\/\/diarioregionaldigital.com.br\/?p=181152"},"modified":"2021-04-19T18:56:35","modified_gmt":"2021-04-19T21:56:35","slug":"governo-zema-atinge-marca-de-r-100-bi-em-investimentos-privados-para-minas","status":"publish","type":"post","link":"https:\/\/diarioregionaldigital.com.br\/?p=181152","title":{"rendered":"Governo Zema atinge marca de R$ 100 bi em investimentos privados para Minas"},"content":{"rendered":"<p>As estrat\u00e9gias adotadas pelo\u00a0<a href=\"https:\/\/www.mg.gov.br\/\" target=\"_blank\" rel=\"noopener\">Governo de Minas<\/a>\u00a0para desburocratiza\u00e7\u00e3o do setor p\u00fablico, com objetivo de simplificar a vida dos empreendedores e gerar mais empregos e renda, est\u00e3o surtindo efeitos pr\u00e1ticos na economia. Prova vem de o Estado ter atra\u00eddo mais de R$ 100 bilh\u00f5es em investimentos privados desde o in\u00edcio da atual gest\u00e3o &#8211;\u00a0em janeiro de 2019 &#8211;\u00a0at\u00e9 mar\u00e7o deste ano, o que resultar\u00e1 na gera\u00e7\u00e3o de mais de 55 mil empregos diretos e outras centenas de milhares indiretos.<\/p>\n<p>Mesmo com as incertezas no mercado financeiro causadas pela pandemia da covid 19, as estrat\u00e9gias adotadas pela\u00a0<a href=\"https:\/\/www.indi.mg.gov.br\/\" target=\"_blank\" rel=\"noopener\">Ag\u00eancia de Promo\u00e7\u00e3o de Investimento e Com\u00e9rcio Exterior (Indi)<\/a>, vinculada \u00e0\u00a0<a href=\"http:\/\/www.desenvolvimento.mg.gov.br\/\" target=\"_blank\" rel=\"noopener\">Secretaria de Desenvolvimento Econ\u00f4mico (Sede)<\/a>, fizeram com que Minas Gerais se consolidasse como rota certeira de alguns dos maiores e mais importantes investimentos realizados no pa\u00eds. \u201cO Governo de Minas Gerais segue com seu prop\u00f3sito de facilitar a vida de quem quer empreender no estado, gerando emprego e renda para o povo mineiro. Somos um Estado amigo do investidor. Os n\u00fameros que estamos apresentando hoje s\u00e3o resultado do trabalho s\u00e9rio e respons\u00e1vel\u201d, destaca o governador Romeu Zema.<\/p>\n<p><b>Meta alcan\u00e7ada<\/b><\/p>\n<p>O dinamismo \u00e9 tamanho que em mar\u00e7o deste ano o Indi j\u00e1 havia batido a meta para 2021, ao atrair, apenas nos tr\u00eas primeiros meses, R$ 30 bilh\u00f5es em aportes privados para o estado, com a potencial gera\u00e7\u00e3o de quase 17 mil postos de trabalho. Esses dados confirmam a seguran\u00e7a e a prefer\u00eancia dos investidores em concretizar neg\u00f3cios no territ\u00f3rio mineiro.\u00a0Entre os segmentos que est\u00e3o aquecidos e auxiliaram na obten\u00e7\u00e3o desse resultado h\u00e1\u00a0projetos dos setores alimentos, automotivo, e-commerce e da cadeia de suprimentos, f\u00e1rmacos, gera\u00e7\u00e3o de energia e sider\u00fargico.<\/p>\n<p>O secret\u00e1rio de Desenvolvimento Econ\u00f4mico de Minas Gerais, Fernando Passalio, ressalta a import\u00e2ncia de registrar esse feito. \u201c\u00c9 com felicidade que celebrarmos essa marca de R$ 100 bilh\u00f5es j\u00e1 atra\u00eddos para Minas Gerais na gest\u00e3o do governador Romeu Zema. S\u00e3o n\u00fameros que demonstram estarmos no caminho certo. Em quatro anos, o governo anterior atraiu apenas R$ 28 bilh\u00f5es. Em pouco mais de dois anos, j\u00e1 atingimos quatro vezes o valor atra\u00eddo na administra\u00e7\u00e3o passada\u201d, compara.<\/p>\n<p>Na avalia\u00e7\u00e3o de Passalio, a obten\u00e7\u00e3o desse resultado remete ao resgate da confian\u00e7a dos investidores nas a\u00e7\u00f5es do governo, a seguran\u00e7a jur\u00eddica encontrada no Estado atualmente, al\u00e9m do tratamento, da aten\u00e7\u00e3o e da proatividade na busca por oportunidades de neg\u00f3cios, resultando em\u00a0um ambiente totalmente favor\u00e1vel para os empreendedores. Ele ressalta, ainda, a diversidade dos investimentos, com marcos significativos como a instala\u00e7\u00e3o de grupos importantes: Amazon, Mercado Livre (e-commerce), Cidade Imperial, Grupo Petr\u00f3polis, Heineken (bebidas), Crown (embalagens de alum\u00ednio), Verallia (embalagens de vidro), Bravo Motor e Itapemirim (transportes) e Weg (equipamentos eletroeletr\u00f4nicos).<\/p>\n<p>\u201cAinda mais importante do que comemorarmos esses marcos \u00e9 celebrarmos a efetividade das implementa\u00e7\u00f5es. Muitas dessas empresas j\u00e1 est\u00e3o operando. Estamos comemorando a gera\u00e7\u00e3o de empregos e mais oportunidades para os mineiros\u201d, conclui secret\u00e1rio de Desenvolvimento Econ\u00f4mico.<\/p>\n<p><b>Diversifica\u00e7\u00e3o econ\u00f4mica<\/b><\/p>\n<p>Para o diretor presidente do Indi, Thiago Toscano, entre os aspectos mais importantes a serem observados nesses aportes est\u00e1 a concretiza\u00e7\u00e3o de uma demanda antiga: a diversifica\u00e7\u00e3o da economia mineira.<\/p>\n<p>\u201cQuando fazemos uma an\u00e1lise setorial dos investimentos que Minas est\u00e1 recebendo, percebemos que eles contemplam diversos setores da economia. Isso mostra que\u00a0diversificamos ao mesmo tempo em que fortalecemos a cadeia produtiva e de fornecedores dentro do pr\u00f3prio estado. Caso fossem investimentos concentrados exclusivamente em minera\u00e7\u00e3o, n\u00e3o teria um impacto t\u00e3o grande\u201d, observa.<\/p>\n<p>Entre os exemplos, ele cita o setor de alimentos, especificamente de batata pr\u00e9-frita congelada, no qual os projetos das empresas McCain, multinacional canadense, e Bem Brasil, empresa orginalmente mineira, somam quase R$ 1 bilh\u00e3o de investimentos respectivamente em Arax\u00e1 e Perdizes, munic\u00edpios do Alto Parana\u00edba. As empresas buscam atender \u00e0 crescente demanda interna, levando em considera\u00e7\u00e3o que, at\u00e9 ent\u00e3o, grande parte desse tipo de produto era importado.<\/p>\n<p>\u201cEssa diversifica\u00e7\u00e3o t\u00e3o intensa nunca ocorreu. Vale observar tamb\u00e9m que grande parte desses investimentos j\u00e1 est\u00e1 em opera\u00e7\u00e3o. N\u00e3o \u00e9 apenas um discurso. Estamos diversificando a economia e agregando valor \u00e0 cadeia produtiva de Minas Gerais. O caso da Pratt &amp; Whitney \u00e9 emblem\u00e1tico: a manuten\u00e7\u00e3o de motores de avi\u00f5es, que at\u00e9 2019 era realizada nos EUA e Canad\u00e1, hoje j\u00e1 \u00e9 feita em S\u00e3o Jos\u00e9 da Lapa, aqui na regi\u00e3o metropolitana de BH\u201d, exemplifica.<\/p>\n<p>Toscano chama a aten\u00e7\u00e3o, ainda, para a\u00a0dimens\u00e3o social desse marco em atra\u00e7\u00e3o \u201cnum momento t\u00e3o dif\u00edcil, a implanta\u00e7\u00e3o desses investimentos tem transformado a vida de profissionais e de fam\u00edlias. S\u00f3 na implanta\u00e7\u00e3o da f\u00e1brica da LD Celulose em Indian\u00f3polis s\u00e3o mais de 7 mil pessoas trabalhando no canteiro de obras\u201d, diz.<\/p>\n<p><span style=\"font-weight: 400;\"><br \/>\n<\/span><span style=\"font-weight: 400;\">Fonte: Ag\u00eancia Minas<\/span><\/p>\n","protected":false},"excerpt":{"rendered":"<p>As estrat\u00e9gias adotadas pelo\u00a0Governo de Minas\u00a0para desburocratiza\u00e7\u00e3o do setor p\u00fablico, com objetivo de simplificar a vida dos empreendedores e gerar mais empregos e renda, est\u00e3o surtindo efeitos pr\u00e1ticos na economia. Prova vem de o Estado ter atra\u00eddo mais de R$ 100 bilh\u00f5es em investimentos privados desde o in\u00edcio da atual gest\u00e3o &#8211;\u00a0em janeiro de 2019 [&hellip;]<\/p>\n","protected":false},"author":246,"featured_media":181153,"comment_status":"closed","ping_status":"closed","sticky":false,"template":"","format":"standard","meta":{"footnotes":""},"categories":[436,440,262,254,439],"tags":[],"class_list":["post-181152","post","type-post","status-publish","format-standard","has-post-thumbnail","hentry","category-destaque-da-semana","category-destaques-do-dia","category-noticias","category-politica","category-ultima-hora"],"_links":{"self":[{"href":"https:\/\/diarioregionaldigital.com.br\/index.php?rest_route=\/wp\/v2\/posts\/181152","targetHints":{"allow":["GET"]}}],"collection":[{"href":"https:\/\/diarioregionaldigital.com.br\/index.php?rest_route=\/wp\/v2\/posts"}],"about":[{"href":"https:\/\/diarioregionaldigital.com.br\/index.php?rest_route=\/wp\/v2\/types\/post"}],"author":[{"embeddable":true,"href":"https:\/\/diarioregionaldigital.com.br\/index.php?rest_route=\/wp\/v2\/users\/246"}],"replies":[{"embeddable":true,"href":"https:\/\/diarioregionaldigital.com.br\/index.php?rest_route=%2Fwp%2Fv2%2Fcomments&post=181152"}],"version-history":[{"count":1,"href":"https:\/\/diarioregionaldigital.com.br\/index.php?rest_route=\/wp\/v2\/posts\/181152\/revisions"}],"predecessor-version":[{"id":181154,"href":"https:\/\/diarioregionaldigital.com.br\/index.php?rest_route=\/wp\/v2\/posts\/181152\/revisions\/181154"}],"wp:featuredmedia":[{"embeddable":true,"href":"https:\/\/diarioregionaldigital.com.br\/index.php?rest_route=\/wp\/v2\/media\/181153"}],"wp:attachment":[{"href":"https:\/\/diarioregionaldigital.com.br\/index.php?rest_route=%2Fwp%2Fv2%2Fmedia&parent=181152"}],"wp:term":[{"taxonomy":"category","embeddable":true,"href":"https:\/\/diarioregionaldigital.com.br\/index.php?rest_route=%2Fwp%2Fv2%2Fcategories&post=181152"},{"taxonomy":"post_tag","embeddable":true,"href":"https:\/\/diarioregionaldigital.com.br\/index.php?rest_route=%2Fwp%2Fv2%2Ftags&post=181152"}],"curies":[{"name":"wp","href":"https:\/\/api.w.org\/{rel}","templated":true}]}}