{"id":181149,"date":"2021-04-19T18:51:50","date_gmt":"2021-04-19T21:51:50","guid":{"rendered":"https:\/\/diarioregionaldigital.com.br\/?p=181149"},"modified":"2021-04-19T18:51:50","modified_gmt":"2021-04-19T21:51:50","slug":"atividade-economica-cresce-17-em-fevereiro-diz-bc","status":"publish","type":"post","link":"https:\/\/diarioregionaldigital.com.br\/?p=181149","title":{"rendered":"Atividade econ\u00f4mica cresce 1,7% em fevereiro, diz BC"},"content":{"rendered":"<p>A atividade econ\u00f4mica registrou crescimento, em fevereiro, pelo d\u00e9cimo m\u00eas consecutivo. \u00c9 o que mostra o \u00cdndice de Atividade Econ\u00f4mica do Banco Central (IBC-Br), divulgado hoje (19) pelo Banco Central (BC).<img decoding=\"async\" src=\"https:\/\/agenciabrasil.ebc.com.br\/ebc.png?id=1407167&amp;o=node\" \/><img decoding=\"async\" src=\"https:\/\/agenciabrasil.ebc.com.br\/ebc.gif?id=1407167&amp;o=node\" \/><\/p>\n<p>Em fevereiro, o \u00edndice apresentou alta de 1,7% na compara\u00e7\u00e3o com janeiro, segundo dados dessazonalizados (ajustados para o per\u00edodo). Em rela\u00e7\u00e3o a fevereiro de 2020, a expans\u00e3o ficou em 0,98% (sem ajustes).<\/p>\n<p>No primeiro bimestre comparado ao mesmo per\u00edodo de 2019, foi registrado crescimento de 0,23%. Em 12 meses terminados em fevereiro de 2021, houve retra\u00e7\u00e3o de 4,02%.<\/p>\n<p>O IBC-Br \u00e9 uma forma de avaliar a evolu\u00e7\u00e3o da atividade econ\u00f4mica brasileira e ajuda o BC a tomar suas decis\u00f5es sobre a taxa b\u00e1sica de juros, a Selic.<\/p>\n<p>O \u00edndice incorpora informa\u00e7\u00f5es sobre o n\u00edvel de atividade dos tr\u00eas setores da economia: ind\u00fastria, com\u00e9rcio e servi\u00e7os e agropecu\u00e1ria, al\u00e9m do volume de impostos.<\/p>\n<p>Mas o indicador oficial, com metodologia diferente do IBC-Br, \u00e9 o Produto Interno Bruto (PIB) &#8211; a soma de todas as riquezas produzidas pelo pa\u00eds, calculado pelo Instituto Brasileiro de Geografia e Estat\u00edstica (IBGE) e divulgado trimestralmente.<\/p>\n<p><span style=\"font-weight: 400;\">Fonte: Ag\u00eancia Brasil <\/span><\/p>\n","protected":false},"excerpt":{"rendered":"<p>A atividade econ\u00f4mica registrou crescimento, em fevereiro, pelo d\u00e9cimo m\u00eas consecutivo. \u00c9 o que mostra o \u00cdndice de Atividade Econ\u00f4mica do Banco Central (IBC-Br), divulgado hoje (19) pelo Banco Central (BC). Em fevereiro, o \u00edndice apresentou alta de 1,7% na compara\u00e7\u00e3o com janeiro, segundo dados dessazonalizados (ajustados para o per\u00edodo). Em rela\u00e7\u00e3o a fevereiro de [&hellip;]<\/p>\n","protected":false},"author":246,"featured_media":181150,"comment_status":"closed","ping_status":"closed","sticky":false,"template":"","format":"standard","meta":{"footnotes":""},"categories":[436,261,262,439],"tags":[],"class_list":["post-181149","post","type-post","status-publish","format-standard","has-post-thumbnail","hentry","category-destaque-da-semana","category-economia","category-noticias","category-ultima-hora"],"_links":{"self":[{"href":"https:\/\/diarioregionaldigital.com.br\/index.php?rest_route=\/wp\/v2\/posts\/181149","targetHints":{"allow":["GET"]}}],"collection":[{"href":"https:\/\/diarioregionaldigital.com.br\/index.php?rest_route=\/wp\/v2\/posts"}],"about":[{"href":"https:\/\/diarioregionaldigital.com.br\/index.php?rest_route=\/wp\/v2\/types\/post"}],"author":[{"embeddable":true,"href":"https:\/\/diarioregionaldigital.com.br\/index.php?rest_route=\/wp\/v2\/users\/246"}],"replies":[{"embeddable":true,"href":"https:\/\/diarioregionaldigital.com.br\/index.php?rest_route=%2Fwp%2Fv2%2Fcomments&post=181149"}],"version-history":[{"count":1,"href":"https:\/\/diarioregionaldigital.com.br\/index.php?rest_route=\/wp\/v2\/posts\/181149\/revisions"}],"predecessor-version":[{"id":181151,"href":"https:\/\/diarioregionaldigital.com.br\/index.php?rest_route=\/wp\/v2\/posts\/181149\/revisions\/181151"}],"wp:featuredmedia":[{"embeddable":true,"href":"https:\/\/diarioregionaldigital.com.br\/index.php?rest_route=\/wp\/v2\/media\/181150"}],"wp:attachment":[{"href":"https:\/\/diarioregionaldigital.com.br\/index.php?rest_route=%2Fwp%2Fv2%2Fmedia&parent=181149"}],"wp:term":[{"taxonomy":"category","embeddable":true,"href":"https:\/\/diarioregionaldigital.com.br\/index.php?rest_route=%2Fwp%2Fv2%2Fcategories&post=181149"},{"taxonomy":"post_tag","embeddable":true,"href":"https:\/\/diarioregionaldigital.com.br\/index.php?rest_route=%2Fwp%2Fv2%2Ftags&post=181149"}],"curies":[{"name":"wp","href":"https:\/\/api.w.org\/{rel}","templated":true}]}}