{"id":181146,"date":"2021-04-19T18:47:52","date_gmt":"2021-04-19T21:47:52","guid":{"rendered":"https:\/\/diarioregionaldigital.com.br\/?p=181146"},"modified":"2021-04-19T18:47:52","modified_gmt":"2021-04-19T21:47:52","slug":"igp-m-sobe-117-na-2a-previa-de-abril","status":"publish","type":"post","link":"https:\/\/diarioregionaldigital.com.br\/?p=181146","title":{"rendered":"IGP-M sobe 1,17% na 2\u00aa pr\u00e9via de abril"},"content":{"rendered":"<p>O\u00a0<strong>\u00cdndice Geral de Pre\u00e7os &#8211; Mercado (IGP-M)<\/strong>\u00a0subiu 1,17% no segundo dec\u00eandio\u00a0de abril de 2021, ante 2,98% no mesmo per\u00edodo do m\u00eas anterior, aponta o Instituto Brasileiro de Economia da Funda\u00e7\u00e3o Getulio Vargas (FGV IBRE). Com este resultado, a taxa acumulada em 12 meses passou de 31,15% para 31,57%.<\/p>\n<p>\u201cSem novas press\u00f5es cambiais e maior estabilidade dos pre\u00e7os de commodities em d\u00f3lar, o \u00edndice ao produtor registrou discreta varia\u00e7\u00e3o entre as mat\u00e9rias-primas brutas (0,16%), este comportamento favorece a desacelera\u00e7\u00e3o das press\u00f5es inflacion\u00e1rias ao longo da cadeia produtiva fazendo recuar as varia\u00e7\u00f5es de bens intermedi\u00e1rios (5,04% para 2,89%) e bens finais (2,05% para 0,97%)\u201d, afirma Andr\u00e9 Braz, Coordenador dos \u00cdndices de Pre\u00e7os.<\/p>\n<p><strong>\u00cdndice de Pre\u00e7os ao Produtor Amplo (IPA)<\/strong><\/p>\n<p>O<strong>\u00a0\u00cdndice de Pre\u00e7os ao Produtor Amplo (IPA)\u00a0<\/strong>variou 1,28% no segundo dec\u00eandio de abril, ante 3,72% no segundo dec\u00eandio de mar\u00e7o. Na an\u00e1lise por est\u00e1gios de processamento, os pre\u00e7os dos Bens Finais passaram de 2,05% em mar\u00e7o para 0,97% em abril. A maior contribui\u00e7\u00e3o para este resultado partiu do subgrupo combust\u00edveis para o consumo, cuja taxa passou de 15,93% para -1,20%.<\/p>\n<p>O \u00edndice referente a Bens Intermedi\u00e1rios subiu 2,89% no segundo dec\u00eandio de abril, contra 5,04% no mesmo per\u00edodo de mar\u00e7o. O destaque coube ao subgrupo combust\u00edveis e lubrificantes para a produ\u00e7\u00e3o, cuja taxa passou de 16,30% para 5,22%.<\/p>\n<p>A taxa do grupo Mat\u00e9rias-Primas Brutas passou de 3,89% no segundo dec\u00eandio de mar\u00e7o para 0,16% em igual per\u00edodo de abril. Contribu\u00edram para o movimento do grupo os seguintes itens min\u00e9rio de ferro (9,02% para -3,22%), su\u00ednos (7,93% para -14,28%) e caf\u00e9 em gr\u00e3o (8,51% para -1,21%). Em sentido oposto, destacam-se os itens: milho em gr\u00e3o (1,88% para 6,60%), leite in natura (-3,42% para 1,99%) e bovinos (0,99% para 2,47%).<\/p>\n<p><strong>\u00cdndice de Pre\u00e7os ao Consumidor (IPC)<\/strong><\/p>\n<p>O<strong>\u00a0\u00cdndice de Pre\u00e7os ao Consumidor (IPC)<\/strong>\u00a0variou 0,65% no segundo dec\u00eandio de abril, contra 0,89% no mesmo per\u00edodo de coleta de mar\u00e7o. Tr\u00eas das oito classes de despesa componentes do \u00edndice registraram decr\u00e9scimo em suas taxas de varia\u00e7\u00e3o, com destaque para o grupo Transportes (3,52% para 2,13%). Nesta classe de despesa, vale mencionar o comportamento do item gasolina cuja taxa passou de 9,99% para 6,11%.<\/p>\n<p>Tamb\u00e9m foram computados decr\u00e9scimos nas taxas de varia\u00e7\u00e3o dos grupos Educa\u00e7\u00e3o, Leitura e Recrea\u00e7\u00e3o (0,18% para -0,62%) e Vestu\u00e1rio (0,40% para 0,16%). Nestas classes de despesa, as maiores influ\u00eancias partiram dos seguintes itens: passagem a\u00e9rea (1,24% para \u20135,23%) e acess\u00f3rios do vestu\u00e1rio (2,22% para -0,38%).<\/p>\n<p>Em contrapartida, os grupos Sa\u00fade e Cuidados Pessoais (0,41% para 0,76%), Comunica\u00e7\u00e3o (-0,11% para 0,27%), Despesas Diversas (0,18% para 0,49%) e Habita\u00e7\u00e3o (0,37% para 0,47%) registraram acr\u00e9scimo em suas taxas de varia\u00e7\u00e3o. As principais contribui\u00e7\u00f5es para este movimento partiram dos seguintes itens: medicamentos em geral (-0,20% para 0,72%), combo de telefonia, internet e TV por assinatura (-0,15% para 0,51%), servi\u00e7os banc\u00e1rios (0,07% para 0,65%) e material para reparos de resid\u00eancia (0,00% para 1,08%).<\/p>\n<p>J\u00e1 o grupo Alimenta\u00e7\u00e3o variou 0,11% em abril, repetindo a taxa apurada no m\u00eas anterior. Nesta classe de despesa, destacam-se os itens latic\u00ednios (-1,59% para 0,83%), em sentido ascendente, e hortali\u00e7as e legumes (-2,93% para -4,67%), em sentido oposto.<\/p>\n<p><strong>\u00cdndice Nacional de Custo da Constru\u00e7\u00e3o (INCC)<\/strong><\/p>\n<p>O\u00a0<strong>\u00cdndice Nacional de Custo da Constru\u00e7\u00e3o (INCC)<\/strong>\u00a0variou 1,30% no segundo dec\u00eandio de abril. No m\u00eas anterior, o \u00edndice foi de 1,31%. Os tr\u00eas grupos componentes do INCC apresentaram as seguintes varia\u00e7\u00f5es na passagem do segundo dec\u00eandio de mar\u00e7o para o segundo dec\u00eandio de abril: Materiais e Equipamentos (2,72% para 3,01%), Servi\u00e7os (0,70% para 0,51%) e M\u00e3o de Obra (0,29% para 0,01%).<\/p>\n<p>Fonte: FGV<\/p>\n","protected":false},"excerpt":{"rendered":"<p>O\u00a0\u00cdndice Geral de Pre\u00e7os &#8211; Mercado (IGP-M)\u00a0subiu 1,17% no segundo dec\u00eandio\u00a0de abril de 2021, ante 2,98% no mesmo per\u00edodo do m\u00eas anterior, aponta o Instituto Brasileiro de Economia da Funda\u00e7\u00e3o Getulio Vargas (FGV IBRE). Com este resultado, a taxa acumulada em 12 meses passou de 31,15% para 31,57%. \u201cSem novas press\u00f5es cambiais e maior estabilidade [&hellip;]<\/p>\n","protected":false},"author":246,"featured_media":181147,"comment_status":"closed","ping_status":"closed","sticky":false,"template":"","format":"standard","meta":{"footnotes":""},"categories":[436,440,261,439],"tags":[],"class_list":["post-181146","post","type-post","status-publish","format-standard","has-post-thumbnail","hentry","category-destaque-da-semana","category-destaques-do-dia","category-economia","category-ultima-hora"],"_links":{"self":[{"href":"https:\/\/diarioregionaldigital.com.br\/index.php?rest_route=\/wp\/v2\/posts\/181146","targetHints":{"allow":["GET"]}}],"collection":[{"href":"https:\/\/diarioregionaldigital.com.br\/index.php?rest_route=\/wp\/v2\/posts"}],"about":[{"href":"https:\/\/diarioregionaldigital.com.br\/index.php?rest_route=\/wp\/v2\/types\/post"}],"author":[{"embeddable":true,"href":"https:\/\/diarioregionaldigital.com.br\/index.php?rest_route=\/wp\/v2\/users\/246"}],"replies":[{"embeddable":true,"href":"https:\/\/diarioregionaldigital.com.br\/index.php?rest_route=%2Fwp%2Fv2%2Fcomments&post=181146"}],"version-history":[{"count":1,"href":"https:\/\/diarioregionaldigital.com.br\/index.php?rest_route=\/wp\/v2\/posts\/181146\/revisions"}],"predecessor-version":[{"id":181148,"href":"https:\/\/diarioregionaldigital.com.br\/index.php?rest_route=\/wp\/v2\/posts\/181146\/revisions\/181148"}],"wp:featuredmedia":[{"embeddable":true,"href":"https:\/\/diarioregionaldigital.com.br\/index.php?rest_route=\/wp\/v2\/media\/181147"}],"wp:attachment":[{"href":"https:\/\/diarioregionaldigital.com.br\/index.php?rest_route=%2Fwp%2Fv2%2Fmedia&parent=181146"}],"wp:term":[{"taxonomy":"category","embeddable":true,"href":"https:\/\/diarioregionaldigital.com.br\/index.php?rest_route=%2Fwp%2Fv2%2Fcategories&post=181146"},{"taxonomy":"post_tag","embeddable":true,"href":"https:\/\/diarioregionaldigital.com.br\/index.php?rest_route=%2Fwp%2Fv2%2Ftags&post=181146"}],"curies":[{"name":"wp","href":"https:\/\/api.w.org\/{rel}","templated":true}]}}