{"id":181137,"date":"2021-04-18T06:00:09","date_gmt":"2021-04-18T09:00:09","guid":{"rendered":"https:\/\/diarioregionaldigital.com.br\/?p=181137"},"modified":"2021-04-17T01:59:01","modified_gmt":"2021-04-17T04:59:01","slug":"convocacao-associacao-mineira-dos-agentes-publicos-18-04-2021","status":"publish","type":"post","link":"https:\/\/diarioregionaldigital.com.br\/?p=181137","title":{"rendered":"Convoca\u00e7\u00e3o &#8211; Associa\u00e7\u00e3o Mineira dos Agentes P\u00fablicos &#8211; 18\/04\/2021"},"content":{"rendered":"<p><img loading=\"lazy\" decoding=\"async\" class=\"aligncenter wp-image-181131\" src=\"https:\/\/diarioregionaldigital.com.br\/wp-content\/uploads\/2021\/04\/EDITAL-DE-CONVOCACAO.jpg\" alt=\"\" width=\"500\" height=\"356\" srcset=\"https:\/\/diarioregionaldigital.com.br\/wp-content\/uploads\/2021\/04\/EDITAL-DE-CONVOCACAO.jpg 1876w, https:\/\/diarioregionaldigital.com.br\/wp-content\/uploads\/2021\/04\/EDITAL-DE-CONVOCACAO-300x214.jpg 300w, https:\/\/diarioregionaldigital.com.br\/wp-content\/uploads\/2021\/04\/EDITAL-DE-CONVOCACAO-1024x730.jpg 1024w, https:\/\/diarioregionaldigital.com.br\/wp-content\/uploads\/2021\/04\/EDITAL-DE-CONVOCACAO-768x547.jpg 768w, https:\/\/diarioregionaldigital.com.br\/wp-content\/uploads\/2021\/04\/EDITAL-DE-CONVOCACAO-1536x1095.jpg 1536w, https:\/\/diarioregionaldigital.com.br\/wp-content\/uploads\/2021\/04\/EDITAL-DE-CONVOCACAO-360x257.jpg 360w, https:\/\/diarioregionaldigital.com.br\/wp-content\/uploads\/2021\/04\/EDITAL-DE-CONVOCACAO-100x70.jpg 100w\" sizes=\"auto, (max-width: 500px) 100vw, 500px\" \/><\/p>\n","protected":false},"excerpt":{"rendered":"","protected":false},"author":96,"featured_media":0,"comment_status":"closed","ping_status":"closed","sticky":false,"template":"","format":"standard","meta":{"footnotes":""},"categories":[307],"tags":[],"class_list":["post-181137","post","type-post","status-publish","format-standard","hentry","category-editais"],"_links":{"self":[{"href":"https:\/\/diarioregionaldigital.com.br\/index.php?rest_route=\/wp\/v2\/posts\/181137","targetHints":{"allow":["GET"]}}],"collection":[{"href":"https:\/\/diarioregionaldigital.com.br\/index.php?rest_route=\/wp\/v2\/posts"}],"about":[{"href":"https:\/\/diarioregionaldigital.com.br\/index.php?rest_route=\/wp\/v2\/types\/post"}],"author":[{"embeddable":true,"href":"https:\/\/diarioregionaldigital.com.br\/index.php?rest_route=\/wp\/v2\/users\/96"}],"replies":[{"embeddable":true,"href":"https:\/\/diarioregionaldigital.com.br\/index.php?rest_route=%2Fwp%2Fv2%2Fcomments&post=181137"}],"version-history":[{"count":1,"href":"https:\/\/diarioregionaldigital.com.br\/index.php?rest_route=\/wp\/v2\/posts\/181137\/revisions"}],"predecessor-version":[{"id":181138,"href":"https:\/\/diarioregionaldigital.com.br\/index.php?rest_route=\/wp\/v2\/posts\/181137\/revisions\/181138"}],"wp:attachment":[{"href":"https:\/\/diarioregionaldigital.com.br\/index.php?rest_route=%2Fwp%2Fv2%2Fmedia&parent=181137"}],"wp:term":[{"taxonomy":"category","embeddable":true,"href":"https:\/\/diarioregionaldigital.com.br\/index.php?rest_route=%2Fwp%2Fv2%2Fcategories&post=181137"},{"taxonomy":"post_tag","embeddable":true,"href":"https:\/\/diarioregionaldigital.com.br\/index.php?rest_route=%2Fwp%2Fv2%2Ftags&post=181137"}],"curies":[{"name":"wp","href":"https:\/\/api.w.org\/{rel}","templated":true}]}}