{"id":181126,"date":"2021-04-18T06:00:47","date_gmt":"2021-04-18T09:00:47","guid":{"rendered":"https:\/\/diarioregionaldigital.com.br\/?p=181126"},"modified":"2021-04-17T01:34:36","modified_gmt":"2021-04-17T04:34:36","slug":"beleza-2","status":"publish","type":"post","link":"https:\/\/diarioregionaldigital.com.br\/?p=181126","title":{"rendered":"Beleza"},"content":{"rendered":"<p style=\"text-align: center;\"><strong>Presta Aten\u00e7\u00e3o<\/strong><\/p>\n<p style=\"text-align: center;\">A arte e sua miss\u00e3o educadora, n\u00e3o a esb\u00f3rnia alienada, s\u00e3o a grande v\u00e1lvula de escape poss\u00edvel. N\u00e3o existem hist\u00f3rias, apenas uma hist\u00f3ria de tantas hist\u00f3rias que se repetem. (Bruno Astuto)<\/p>\n<p style=\"text-align: center;\"><strong>Neg\u00f3cios<\/strong><\/p>\n<p style=\"text-align: center;\">A pandemia arrasa com uns e beneficia outros Pesquisa do Imovelweb mostra que 78% dos entrevistados usu\u00e1rios do portal desejam trocar de im\u00f3vel, de prefer\u00eancia com mais espa\u00e7os livres.<\/p>\n<p style=\"text-align: center;\"><strong>Beleza<\/strong><\/p>\n<p style=\"text-align: center;\">O Natural est\u00e1 on. O batom do s\u00e9culo XXI \u00e9 assim: n\u00e3o tem conservantes nem solventes. A relev\u00e2ncia de ingredientes naturais na f\u00f3rmula de produtos de beleza s\u00f3 tem mesmo uma dire\u00e7\u00e3o para cima. Seguindo esse movimento que tem a ver com autocuidado e preserva\u00e7\u00e3o do planeta, a Guerlain apresentar\u00e1 a partir do dia 20 de abril, a linha de batons KissKiss Shine bloom, em 12 cores.<\/p>\n<p style=\"text-align: center;\"><strong>Realidade<\/strong><\/p>\n<p style=\"text-align: center;\">Cresceram nas estradas os registros das Policias Rodovi\u00e1rias de flagrantes de transporte clandestinos diante das restri\u00e7\u00f5es aos \u00f4nibus impostas pelas prefeituras. T\u00e1 certo isso Arnaldo?<\/p>\n<div id=\"attachment_181118\" style=\"width: 690px\" class=\"wp-caption aligncenter\"><img loading=\"lazy\" decoding=\"async\" aria-describedby=\"caption-attachment-181118\" class=\"wp-image-181118\" src=\"https:\/\/diarioregionaldigital.com.br\/wp-content\/uploads\/2021\/04\/fotoa-10-e1618633327980.jpg\" alt=\"\" width=\"680\" height=\"463\" srcset=\"https:\/\/diarioregionaldigital.com.br\/wp-content\/uploads\/2021\/04\/fotoa-10-e1618633327980.jpg 988w, https:\/\/diarioregionaldigital.com.br\/wp-content\/uploads\/2021\/04\/fotoa-10-e1618633327980-300x204.jpg 300w, https:\/\/diarioregionaldigital.com.br\/wp-content\/uploads\/2021\/04\/fotoa-10-e1618633327980-768x523.jpg 768w, https:\/\/diarioregionaldigital.com.br\/wp-content\/uploads\/2021\/04\/fotoa-10-e1618633327980-360x245.jpg 360w\" sizes=\"auto, (max-width: 680px) 100vw, 680px\" \/><p id=\"caption-attachment-181118\" class=\"wp-caption-text\">No m\u00eas do jornalista, a classe da apresentadora Cris Hubner<\/p><\/div>\n<div id=\"attachment_181119\" style=\"width: 690px\" class=\"wp-caption aligncenter\"><img loading=\"lazy\" decoding=\"async\" aria-describedby=\"caption-attachment-181119\" class=\"wp-image-181119\" src=\"https:\/\/diarioregionaldigital.com.br\/wp-content\/uploads\/2021\/04\/fotob-9-e1618633355426.jpg\" alt=\"\" width=\"680\" height=\"467\" srcset=\"https:\/\/diarioregionaldigital.com.br\/wp-content\/uploads\/2021\/04\/fotob-9-e1618633355426.jpg 1077w, https:\/\/diarioregionaldigital.com.br\/wp-content\/uploads\/2021\/04\/fotob-9-e1618633355426-300x206.jpg 300w, https:\/\/diarioregionaldigital.com.br\/wp-content\/uploads\/2021\/04\/fotob-9-e1618633355426-1024x703.jpg 1024w, https:\/\/diarioregionaldigital.com.br\/wp-content\/uploads\/2021\/04\/fotob-9-e1618633355426-768x527.jpg 768w, https:\/\/diarioregionaldigital.com.br\/wp-content\/uploads\/2021\/04\/fotob-9-e1618633355426-360x247.jpg 360w, https:\/\/diarioregionaldigital.com.br\/wp-content\/uploads\/2021\/04\/fotob-9-e1618633355426-100x70.jpg 100w\" sizes=\"auto, (max-width: 680px) 100vw, 680px\" \/><p id=\"caption-attachment-181119\" class=\"wp-caption-text\">Empres\u00e1rio da Marfree Design, M\u00e1rcio Sawabona em sintonia com a natureza<\/p><\/div>\n<div id=\"attachment_181120\" style=\"width: 690px\" class=\"wp-caption aligncenter\"><img loading=\"lazy\" decoding=\"async\" aria-describedby=\"caption-attachment-181120\" class=\"wp-image-181120\" src=\"https:\/\/diarioregionaldigital.com.br\/wp-content\/uploads\/2021\/04\/fotoc-11-e1618633381125.jpg\" alt=\"\" width=\"680\" height=\"518\" srcset=\"https:\/\/diarioregionaldigital.com.br\/wp-content\/uploads\/2021\/04\/fotoc-11-e1618633381125.jpg 512w, https:\/\/diarioregionaldigital.com.br\/wp-content\/uploads\/2021\/04\/fotoc-11-e1618633381125-300x229.jpg 300w, https:\/\/diarioregionaldigital.com.br\/wp-content\/uploads\/2021\/04\/fotoc-11-e1618633381125-360x274.jpg 360w\" sizes=\"auto, (max-width: 680px) 100vw, 680px\" \/><p id=\"caption-attachment-181120\" class=\"wp-caption-text\">Comemorando o M\u00eas do Jornalista, a bela Michelle Valle<\/p><\/div>\n<div id=\"attachment_181121\" style=\"width: 690px\" class=\"wp-caption aligncenter\"><img loading=\"lazy\" decoding=\"async\" aria-describedby=\"caption-attachment-181121\" class=\"wp-image-181121\" src=\"https:\/\/diarioregionaldigital.com.br\/wp-content\/uploads\/2021\/04\/fotod-9-e1618633405157.jpg\" alt=\"\" width=\"680\" height=\"486\" srcset=\"https:\/\/diarioregionaldigital.com.br\/wp-content\/uploads\/2021\/04\/fotod-9-e1618633405157.jpg 526w, https:\/\/diarioregionaldigital.com.br\/wp-content\/uploads\/2021\/04\/fotod-9-e1618633405157-300x214.jpg 300w, https:\/\/diarioregionaldigital.com.br\/wp-content\/uploads\/2021\/04\/fotod-9-e1618633405157-360x257.jpg 360w, https:\/\/diarioregionaldigital.com.br\/wp-content\/uploads\/2021\/04\/fotod-9-e1618633405157-100x70.jpg 100w\" sizes=\"auto, (max-width: 680px) 100vw, 680px\" \/><p id=\"caption-attachment-181121\" class=\"wp-caption-text\">Juntinhos e misturados, o novo casal do momento, Marcio Rodrigues e Jussara Ramos de Oliveira<\/p><\/div>\n<div id=\"attachment_181122\" style=\"width: 690px\" class=\"wp-caption aligncenter\"><img loading=\"lazy\" decoding=\"async\" aria-describedby=\"caption-attachment-181122\" class=\"wp-image-181122\" src=\"https:\/\/diarioregionaldigital.com.br\/wp-content\/uploads\/2021\/04\/fotoe-10-e1618633425161.jpg\" alt=\"\" width=\"680\" height=\"483\" srcset=\"https:\/\/diarioregionaldigital.com.br\/wp-content\/uploads\/2021\/04\/fotoe-10-e1618633425161.jpg 1073w, https:\/\/diarioregionaldigital.com.br\/wp-content\/uploads\/2021\/04\/fotoe-10-e1618633425161-300x213.jpg 300w, https:\/\/diarioregionaldigital.com.br\/wp-content\/uploads\/2021\/04\/fotoe-10-e1618633425161-1024x727.jpg 1024w, https:\/\/diarioregionaldigital.com.br\/wp-content\/uploads\/2021\/04\/fotoe-10-e1618633425161-768x545.jpg 768w, https:\/\/diarioregionaldigital.com.br\/wp-content\/uploads\/2021\/04\/fotoe-10-e1618633425161-360x256.jpg 360w, https:\/\/diarioregionaldigital.com.br\/wp-content\/uploads\/2021\/04\/fotoe-10-e1618633425161-100x70.jpg 100w\" sizes=\"auto, (max-width: 680px) 100vw, 680px\" \/><p id=\"caption-attachment-181122\" class=\"wp-caption-text\">Gente linda da comunica\u00e7\u00e3o no SBT: Rosy\u00ea Apolinario dos Santos, Celso Portiolli e Andr\u00e9 Santos<\/p><\/div>\n<div id=\"attachment_181123\" style=\"width: 690px\" class=\"wp-caption aligncenter\"><img loading=\"lazy\" decoding=\"async\" aria-describedby=\"caption-attachment-181123\" class=\"wp-image-181123\" src=\"https:\/\/diarioregionaldigital.com.br\/wp-content\/uploads\/2021\/04\/fotof-9-e1618633448850.jpg\" alt=\"\" width=\"680\" height=\"473\" srcset=\"https:\/\/diarioregionaldigital.com.br\/wp-content\/uploads\/2021\/04\/fotof-9-e1618633448850.jpg 720w, https:\/\/diarioregionaldigital.com.br\/wp-content\/uploads\/2021\/04\/fotof-9-e1618633448850-300x210.jpg 300w, https:\/\/diarioregionaldigital.com.br\/wp-content\/uploads\/2021\/04\/fotof-9-e1618633448850-360x251.jpg 360w, https:\/\/diarioregionaldigital.com.br\/wp-content\/uploads\/2021\/04\/fotof-9-e1618633448850-100x70.jpg 100w\" sizes=\"auto, (max-width: 680px) 100vw, 680px\" \/><p id=\"caption-attachment-181123\" class=\"wp-caption-text\">Estreando nessa coluna social, os lindos Miguel Bisaggio Lig\u00f3rio de Melo Fonseca e sua m\u00e3e Adriana Bisaggio<\/p><\/div>\n<div id=\"attachment_181124\" style=\"width: 690px\" class=\"wp-caption aligncenter\"><img loading=\"lazy\" decoding=\"async\" aria-describedby=\"caption-attachment-181124\" class=\"wp-image-181124\" src=\"https:\/\/diarioregionaldigital.com.br\/wp-content\/uploads\/2021\/04\/fotog-9-e1618633467893.jpg\" alt=\"\" width=\"680\" height=\"522\" srcset=\"https:\/\/diarioregionaldigital.com.br\/wp-content\/uploads\/2021\/04\/fotog-9-e1618633467893.jpg 1429w, https:\/\/diarioregionaldigital.com.br\/wp-content\/uploads\/2021\/04\/fotog-9-e1618633467893-300x231.jpg 300w, https:\/\/diarioregionaldigital.com.br\/wp-content\/uploads\/2021\/04\/fotog-9-e1618633467893-1024x787.jpg 1024w, https:\/\/diarioregionaldigital.com.br\/wp-content\/uploads\/2021\/04\/fotog-9-e1618633467893-768x590.jpg 768w, https:\/\/diarioregionaldigital.com.br\/wp-content\/uploads\/2021\/04\/fotog-9-e1618633467893-360x277.jpg 360w\" sizes=\"auto, (max-width: 680px) 100vw, 680px\" \/><p id=\"caption-attachment-181124\" class=\"wp-caption-text\">Em fraternidade total, os irm\u00e3os Ney Ank e Alexandre Ank<\/p><\/div>\n<div id=\"attachment_181125\" style=\"width: 690px\" class=\"wp-caption aligncenter\"><img loading=\"lazy\" decoding=\"async\" aria-describedby=\"caption-attachment-181125\" class=\"wp-image-181125\" src=\"https:\/\/diarioregionaldigital.com.br\/wp-content\/uploads\/2021\/04\/fotoh-9-e1618633486822.jpg\" alt=\"\" width=\"680\" height=\"511\" srcset=\"https:\/\/diarioregionaldigital.com.br\/wp-content\/uploads\/2021\/04\/fotoh-9-e1618633486822.jpg 712w, https:\/\/diarioregionaldigital.com.br\/wp-content\/uploads\/2021\/04\/fotoh-9-e1618633486822-300x225.jpg 300w, https:\/\/diarioregionaldigital.com.br\/wp-content\/uploads\/2021\/04\/fotoh-9-e1618633486822-360x271.jpg 360w\" sizes=\"auto, (max-width: 680px) 100vw, 680px\" \/><p id=\"caption-attachment-181125\" class=\"wp-caption-text\">Antes da pandemia, os queridos Luis Gustavo e Raquel com a m\u00e3e Maria Iris Lo Buono<\/p><\/div>\n<p style=\"text-align: center;\"><strong>FOTOSS\u00cdNTESE<\/strong><\/p>\n<p>Juntando doses de otimismo, o presidente da ASSERJ, F\u00e1bio Queiros participou do evento IoTDay no painel \u201cA import\u00e2ncia da Vacina\u00e7\u00e3o no Brasil e no mundo\u201d.<\/p>\n<p>Dica: O almo\u00e7o de domingo com Frango Assado inteiro, maionese e arroz do Restaurante Trem da Terra.<br \/>\nEm hora delicada a Receita Federal pede prioridade para vacina\u00e7\u00e3o dos servidores nas Superintend\u00eancias Regionais do Brasil adentro Alegam que s\u00e3o agentes de seguran\u00e7a, como policiais.<\/p>\n<p>De bem com a vida o professor Marlon Alc\u00e2ntara do N\u00facleo de F\u00edsica do IF Sudeste, teve artigo publicado na \u201cScience &amp; Education\u201d, revista especializada no ensino de ci\u00eancias.<\/p>\n<p>Colocando todas as violetas na janela, a elegante Dalva Westermann passa finais de semana em paz em seu S\u00edtio Estrela Dalva.<\/p>\n<p>Muito caridosa, a presidente do Instituto Bruno, Carla Dias tamb\u00e9m aderiu a campanha Lacre Solid\u00e1rio. Quem quiser colaborar os fones: 2101-4300 e 98802-0710.<\/p>\n<p>Notada a classe, eleg\u00e2ncia e finesse da empres\u00e1ria Let\u00edcia Ribeiro.<\/p>\n<p>Foi no YouTube, a entrevista da professora Ang\u00e9lica Cosenza no programa \u201cJanela do Saber\u201d, na TV Ibitipoca. O tema foi \u201cEduca\u00e7\u00e3o ambiental no cen\u00e1rio atual\u201d. Nota dez.<\/p>\n<p>Reforma \u00edntima \u201cAs vezes \u00e9 preciso parar de se lamentar pelo que foi quebrado&#8230;. e come\u00e7ar a pensar no que fazer com os peda\u00e7os\u201d. (Sabedoria popular). Bom dia.<\/p>\n<p><img loading=\"lazy\" decoding=\"async\" class=\"aligncenter size-full wp-image-181127\" src=\"https:\/\/diarioregionaldigital.com.br\/wp-content\/uploads\/2021\/04\/anuncio63-1-scaled.jpg\" alt=\"\" width=\"2560\" height=\"965\" srcset=\"https:\/\/diarioregionaldigital.com.br\/wp-content\/uploads\/2021\/04\/anuncio63-1-scaled.jpg 2560w, https:\/\/diarioregionaldigital.com.br\/wp-content\/uploads\/2021\/04\/anuncio63-1-300x113.jpg 300w, https:\/\/diarioregionaldigital.com.br\/wp-content\/uploads\/2021\/04\/anuncio63-1-1024x386.jpg 1024w, https:\/\/diarioregionaldigital.com.br\/wp-content\/uploads\/2021\/04\/anuncio63-1-768x289.jpg 768w, https:\/\/diarioregionaldigital.com.br\/wp-content\/uploads\/2021\/04\/anuncio63-1-1536x579.jpg 1536w, https:\/\/diarioregionaldigital.com.br\/wp-content\/uploads\/2021\/04\/anuncio63-1-2048x772.jpg 2048w, https:\/\/diarioregionaldigital.com.br\/wp-content\/uploads\/2021\/04\/anuncio63-1-360x136.jpg 360w\" sizes=\"auto, (max-width: 2560px) 100vw, 2560px\" \/><\/p>\n","protected":false},"excerpt":{"rendered":"<p>Presta Aten\u00e7\u00e3o A arte e sua miss\u00e3o educadora, n\u00e3o a esb\u00f3rnia alienada, s\u00e3o a grande v\u00e1lvula de escape poss\u00edvel. N\u00e3o existem hist\u00f3rias, apenas uma hist\u00f3ria de tantas hist\u00f3rias que se repetem. (Bruno Astuto) Neg\u00f3cios A pandemia arrasa com uns e beneficia outros Pesquisa do Imovelweb mostra que 78% dos entrevistados usu\u00e1rios do portal desejam trocar [&hellip;]<\/p>\n","protected":false},"author":253,"featured_media":181118,"comment_status":"closed","ping_status":"closed","sticky":false,"template":"","format":"standard","meta":{"footnotes":""},"categories":[264],"tags":[],"class_list":["post-181126","post","type-post","status-publish","format-standard","has-post-thumbnail","hentry","category-eduardo-gomes"],"_links":{"self":[{"href":"https:\/\/diarioregionaldigital.com.br\/index.php?rest_route=\/wp\/v2\/posts\/181126","targetHints":{"allow":["GET"]}}],"collection":[{"href":"https:\/\/diarioregionaldigital.com.br\/index.php?rest_route=\/wp\/v2\/posts"}],"about":[{"href":"https:\/\/diarioregionaldigital.com.br\/index.php?rest_route=\/wp\/v2\/types\/post"}],"author":[{"embeddable":true,"href":"https:\/\/diarioregionaldigital.com.br\/index.php?rest_route=\/wp\/v2\/users\/253"}],"replies":[{"embeddable":true,"href":"https:\/\/diarioregionaldigital.com.br\/index.php?rest_route=%2Fwp%2Fv2%2Fcomments&post=181126"}],"version-history":[{"count":1,"href":"https:\/\/diarioregionaldigital.com.br\/index.php?rest_route=\/wp\/v2\/posts\/181126\/revisions"}],"predecessor-version":[{"id":181128,"href":"https:\/\/diarioregionaldigital.com.br\/index.php?rest_route=\/wp\/v2\/posts\/181126\/revisions\/181128"}],"wp:featuredmedia":[{"embeddable":true,"href":"https:\/\/diarioregionaldigital.com.br\/index.php?rest_route=\/wp\/v2\/media\/181118"}],"wp:attachment":[{"href":"https:\/\/diarioregionaldigital.com.br\/index.php?rest_route=%2Fwp%2Fv2%2Fmedia&parent=181126"}],"wp:term":[{"taxonomy":"category","embeddable":true,"href":"https:\/\/diarioregionaldigital.com.br\/index.php?rest_route=%2Fwp%2Fv2%2Fcategories&post=181126"},{"taxonomy":"post_tag","embeddable":true,"href":"https:\/\/diarioregionaldigital.com.br\/index.php?rest_route=%2Fwp%2Fv2%2Ftags&post=181126"}],"curies":[{"name":"wp","href":"https:\/\/api.w.org\/{rel}","templated":true}]}}