{"id":181115,"date":"2021-04-16T20:01:43","date_gmt":"2021-04-16T23:01:43","guid":{"rendered":"https:\/\/diarioregionaldigital.com.br\/?p=181115"},"modified":"2021-04-16T20:01:43","modified_gmt":"2021-04-16T23:01:43","slug":"sao-publicadas-diretrizes-que-estabelecem-procedimentos-para-elaboracao-do-ppa-popular","status":"publish","type":"post","link":"https:\/\/diarioregionaldigital.com.br\/?p=181115","title":{"rendered":"S\u00e3o publicadas diretrizes que estabelecem procedimentos para elabora\u00e7\u00e3o do PPA Popular\u00a0"},"content":{"rendered":"<p>A prefeita Margarida Salom\u00e3o <a href=\"https:\/\/www.pjf.mg.gov.br\/e_atos\/e_atos_vis.php?id=83599\"><b>assinou o documento<\/b><\/a> que estabelece procedimentos b\u00e1sicos e as orienta\u00e7\u00f5es para elabora\u00e7\u00e3o do Plano Plurianual (PPA) Popular para o quadri\u00eanio 2022-2025, que visa construir um governo e uma cidade que conta com a participa\u00e7\u00e3o popular. Fica estabelecido, na publica\u00e7\u00e3o, que o desenvolvimento do plano \u00e9 de responsabilidades da Secretaria de Planejamento do Territ\u00f3rio e Participa\u00e7\u00e3o Popular (Seppop).<\/p>\n<p>Segundo informa\u00e7\u00f5es que constam no site da Prefeitura de Juiz de Fora, os procedimentos e orienta\u00e7\u00f5es para a elabora\u00e7\u00e3o s\u00e3o aplic\u00e1veis aos \u00d3rg\u00e3os Or\u00e7ament\u00e1rios da Administra\u00e7\u00e3o Direta e Indireta do Poder P\u00fablico Municipal. A participa\u00e7\u00e3o popular na elabora\u00e7\u00e3o dos Projetos de Leis Or\u00e7ament\u00e1rias acontecer\u00e1 por meio de audi\u00eancias p\u00fablicas virtuais, coordenadas pela Seppop.<\/p>\n<p>Fica a cargo dos setores da Secretaria propor formas de capacita\u00e7\u00e3o e atendimento on-line, por meio de videochamadas ou videoconfer\u00eancias, enquanto os encontros presenciais estiverem suspensos; promover o compartilhamento das solicita\u00e7\u00f5es junto aos \u00f3rg\u00e3os da administra\u00e7\u00e3o, garantindo a intersetorialidade dos resultados a serem alcan\u00e7ados; entre outras a\u00e7\u00f5es.<\/p>\n<p>O PPA Popular ser\u00e1 desenvolvido segundo o Plano de Governo e as orienta\u00e7\u00f5es da prefeita. As a\u00e7\u00f5es diretas e indiretas para capacita\u00e7\u00e3o, levantamento de dados, participa\u00e7\u00e3o popular, debates, delibera\u00e7\u00f5es e consolida\u00e7\u00e3o dos resultados obedecer\u00e1 o calend\u00e1rio definido no documento, que se ajustar\u00e1 \u00e0s poss\u00edveis altera\u00e7\u00f5es decorrentes de mudan\u00e7as nos prazos das Leis Or\u00e7ament\u00e1rias definidas pela C\u00e2mara Municipal na Lei Org\u00e2nica do Munic\u00edpio.<\/p>\n","protected":false},"excerpt":{"rendered":"<p>A prefeita Margarida Salom\u00e3o assinou o documento que estabelece procedimentos b\u00e1sicos e as orienta\u00e7\u00f5es para elabora\u00e7\u00e3o do Plano Plurianual (PPA) Popular para o quadri\u00eanio 2022-2025, que visa construir um governo e uma cidade que conta com a participa\u00e7\u00e3o popular. Fica estabelecido, na publica\u00e7\u00e3o, que o desenvolvimento do plano \u00e9 de responsabilidades da Secretaria de Planejamento [&hellip;]<\/p>\n","protected":false},"author":246,"featured_media":181116,"comment_status":"closed","ping_status":"closed","sticky":false,"template":"","format":"standard","meta":{"footnotes":""},"categories":[253,436,439],"tags":[],"class_list":["post-181115","post","type-post","status-publish","format-standard","has-post-thumbnail","hentry","category-cidade","category-destaque-da-semana","category-ultima-hora"],"_links":{"self":[{"href":"https:\/\/diarioregionaldigital.com.br\/index.php?rest_route=\/wp\/v2\/posts\/181115","targetHints":{"allow":["GET"]}}],"collection":[{"href":"https:\/\/diarioregionaldigital.com.br\/index.php?rest_route=\/wp\/v2\/posts"}],"about":[{"href":"https:\/\/diarioregionaldigital.com.br\/index.php?rest_route=\/wp\/v2\/types\/post"}],"author":[{"embeddable":true,"href":"https:\/\/diarioregionaldigital.com.br\/index.php?rest_route=\/wp\/v2\/users\/246"}],"replies":[{"embeddable":true,"href":"https:\/\/diarioregionaldigital.com.br\/index.php?rest_route=%2Fwp%2Fv2%2Fcomments&post=181115"}],"version-history":[{"count":1,"href":"https:\/\/diarioregionaldigital.com.br\/index.php?rest_route=\/wp\/v2\/posts\/181115\/revisions"}],"predecessor-version":[{"id":181117,"href":"https:\/\/diarioregionaldigital.com.br\/index.php?rest_route=\/wp\/v2\/posts\/181115\/revisions\/181117"}],"wp:featuredmedia":[{"embeddable":true,"href":"https:\/\/diarioregionaldigital.com.br\/index.php?rest_route=\/wp\/v2\/media\/181116"}],"wp:attachment":[{"href":"https:\/\/diarioregionaldigital.com.br\/index.php?rest_route=%2Fwp%2Fv2%2Fmedia&parent=181115"}],"wp:term":[{"taxonomy":"category","embeddable":true,"href":"https:\/\/diarioregionaldigital.com.br\/index.php?rest_route=%2Fwp%2Fv2%2Fcategories&post=181115"},{"taxonomy":"post_tag","embeddable":true,"href":"https:\/\/diarioregionaldigital.com.br\/index.php?rest_route=%2Fwp%2Fv2%2Ftags&post=181115"}],"curies":[{"name":"wp","href":"https:\/\/api.w.org\/{rel}","templated":true}]}}