{"id":181112,"date":"2021-04-16T19:56:45","date_gmt":"2021-04-16T22:56:45","guid":{"rendered":"https:\/\/diarioregionaldigital.com.br\/?p=181112"},"modified":"2021-04-16T19:56:45","modified_gmt":"2021-04-16T22:56:45","slug":"prefeita-cobra-definicoes-para-saude-e-economia-na-pandemia-em-reuniao-com-presidente-da-almg","status":"publish","type":"post","link":"https:\/\/diarioregionaldigital.com.br\/?p=181112","title":{"rendered":"Prefeita cobra defini\u00e7\u00f5es para sa\u00fade e economia na pandemia em reuni\u00e3o com presidente da ALMG"},"content":{"rendered":"<p>Nesta sexta-feira.16, a prefeita Margarida Salom\u00e3o esteve na Assembleia Legislativa do Estado de Minas Gerais (ALMG), em Belo Horizonte, reunida com outros prefeitos e prefeitas de cidades com mais de 100 mil habitantes do estado. Segundo informa\u00e7\u00f5es do site da Prefeitura de Juiz de Fora, o encontro \u00e9 uma articula\u00e7\u00e3o com o objetivo de tratar com o presidente da ALMG, Agostinho Patrus, sobre as dificuldades enfrentadas, particularmente pelos maiores munic\u00edpios, os quais possuem caracter\u00edsticas em comum por serem polos regionais.<\/p>\n<p>&#8220;N\u00f3s queremos que o governo do estado de Minas nos trate como merecemos, com transfer\u00eancia de recursos para a sa\u00fade, com uma defini\u00e7\u00e3o clara de cronograma de passagem de vacinas para os munic\u00edpios. N\u00f3s n\u00e3o podemos continuar na inseguran\u00e7a de quando as vacinas v\u00e3o chegar, quantas v\u00e3o chegar. N\u00e3o h\u00e1 esquema de log\u00edstica que resista a uma imprecis\u00e3o dessas&#8221;, declarou a chefe do Executivo Municipal.<\/p>\n<p>A Prefeita destacou tamb\u00e9m a necessidade do apoio vindo do estado na retomada econ\u00f4mica e no atendimento aos problemas sociais que acomete os munic\u00edpios. &#8220;Posso dizer por Juiz de Fora, onde estamos promovendo um grande movimento com a campanha Juiz de Fora Solid\u00e1ria, de recolhimento de doa\u00e7\u00f5es de alimentos para pessoas que est\u00e3o em situa\u00e7\u00e3o de muita vulnerabilidade. Nossa prioridade \u00e9 defender as vidas e, para isso, \u00e9 preciso uma a\u00e7\u00e3o conjunta das prefeituras com o governo de Minas Gerais&#8221;.<\/p>\n","protected":false},"excerpt":{"rendered":"<p>Nesta sexta-feira.16, a prefeita Margarida Salom\u00e3o esteve na Assembleia Legislativa do Estado de Minas Gerais (ALMG), em Belo Horizonte, reunida com outros prefeitos e prefeitas de cidades com mais de 100 mil habitantes do estado. Segundo informa\u00e7\u00f5es do site da Prefeitura de Juiz de Fora, o encontro \u00e9 uma articula\u00e7\u00e3o com o objetivo de tratar [&hellip;]<\/p>\n","protected":false},"author":246,"featured_media":181113,"comment_status":"closed","ping_status":"closed","sticky":false,"template":"","format":"standard","meta":{"footnotes":""},"categories":[253,440,439],"tags":[],"class_list":["post-181112","post","type-post","status-publish","format-standard","has-post-thumbnail","hentry","category-cidade","category-destaques-do-dia","category-ultima-hora"],"_links":{"self":[{"href":"https:\/\/diarioregionaldigital.com.br\/index.php?rest_route=\/wp\/v2\/posts\/181112","targetHints":{"allow":["GET"]}}],"collection":[{"href":"https:\/\/diarioregionaldigital.com.br\/index.php?rest_route=\/wp\/v2\/posts"}],"about":[{"href":"https:\/\/diarioregionaldigital.com.br\/index.php?rest_route=\/wp\/v2\/types\/post"}],"author":[{"embeddable":true,"href":"https:\/\/diarioregionaldigital.com.br\/index.php?rest_route=\/wp\/v2\/users\/246"}],"replies":[{"embeddable":true,"href":"https:\/\/diarioregionaldigital.com.br\/index.php?rest_route=%2Fwp%2Fv2%2Fcomments&post=181112"}],"version-history":[{"count":1,"href":"https:\/\/diarioregionaldigital.com.br\/index.php?rest_route=\/wp\/v2\/posts\/181112\/revisions"}],"predecessor-version":[{"id":181114,"href":"https:\/\/diarioregionaldigital.com.br\/index.php?rest_route=\/wp\/v2\/posts\/181112\/revisions\/181114"}],"wp:featuredmedia":[{"embeddable":true,"href":"https:\/\/diarioregionaldigital.com.br\/index.php?rest_route=\/wp\/v2\/media\/181113"}],"wp:attachment":[{"href":"https:\/\/diarioregionaldigital.com.br\/index.php?rest_route=%2Fwp%2Fv2%2Fmedia&parent=181112"}],"wp:term":[{"taxonomy":"category","embeddable":true,"href":"https:\/\/diarioregionaldigital.com.br\/index.php?rest_route=%2Fwp%2Fv2%2Fcategories&post=181112"},{"taxonomy":"post_tag","embeddable":true,"href":"https:\/\/diarioregionaldigital.com.br\/index.php?rest_route=%2Fwp%2Fv2%2Ftags&post=181112"}],"curies":[{"name":"wp","href":"https:\/\/api.w.org\/{rel}","templated":true}]}}