{"id":181108,"date":"2021-04-16T19:49:56","date_gmt":"2021-04-16T22:49:56","guid":{"rendered":"https:\/\/diarioregionaldigital.com.br\/?p=181108"},"modified":"2021-04-16T19:49:56","modified_gmt":"2021-04-16T22:49:56","slug":"ubs-santos-dumont-da-inicio-a-vacinacao-contra-a-covid-19-e-influenza","status":"publish","type":"post","link":"https:\/\/diarioregionaldigital.com.br\/?p=181108","title":{"rendered":"UBS Santos Dumont d\u00e1 in\u00edcio \u00e0 vacina\u00e7\u00e3o contra a Covid-19 e Influenza"},"content":{"rendered":"<p>Agora a Unidade B\u00e1sica de Sa\u00fade (UBS) do bairro Santos Dumont tamb\u00e9m realiza vacina\u00e7\u00e3o contra a Covid-19 e Influenza na cidade de Juiz de Fora. Com mais essa, o atendimento est\u00e1 sendo realizado em 46 UBSs. De acordo com informa\u00e7\u00f5es do site da Prefeitura de Juiz de Fora, a vacina\u00e7\u00e3o contra o coronav\u00edrus (Covid-19) ocorre na parte da manh\u00e3, das 8h \u00e0s 11h, e contra a Influenza ocorre das 13h \u00e0s 16h. No hor\u00e1rio das 11h \u00e0s 13h ser\u00e3o realizadas desinfec\u00e7\u00e3o e limpeza das unidades. \u00c0s quintas-feiras, as unidades funcionam at\u00e9 as 14h. O restante do tempo \u00e9 destinado a trabalhos internos.<\/p>\n<p>Al\u00e9m das 46 UBSs a vacina\u00e7\u00e3o contra \u00e0 Covid-19, pode ser buscada no Departamento de Sa\u00fade do Idoso (DSI), de segunda a sexta, das 8h \u00e0s 16h, e no Sport Club Juiz de Fora, das 9h \u00e0s 16h.<\/p>\n<p>A vacina\u00e7\u00e3o contra a Influenza ser\u00e1 realizada \u00e0 tarde nas 46 UBSs e no Departamento de Sa\u00fade da Mulher da Crian\u00e7a e Adolescente (DSMCA), das 8h \u00e0s 14h. A vacina oferecida para a popula\u00e7\u00e3o ser\u00e1 trivalente, pois protege contra os tr\u00eas tipos principais do v\u00edrus influenza em circula\u00e7\u00e3o: Influenza A (H1N1), Influenza A (H3N2) e Influenza B. Os pais devem levar o cart\u00e3o de vacina das crian\u00e7as a serem imunizadas.<\/p>\n<p><b>Confira os endere\u00e7os de todas as UBSs com vacina\u00e7\u00e3o contra a Covid-19:<\/b><\/p>\n<p>1. UBS Alto Graja\u00fa; Rua Doutor Leonel Jaguaribe, 178;<br \/>\n2. UBS Bairro Industrial; Rua Jo\u00e3o Gualberto,110;<br \/>\n3. UBS Barreira do Triunfo; Avenida Juscelino Kubitscheck, s\/n\u00ba;<br \/>\n4. UBS Benfica; Rua Guararapes, 106;<br \/>\n5. UBS Borboleta; Rua Tenente Paulo Maria Delage, 229;<br \/>\n6. UBS Centro Sul; Avenida Rio Branco, 3132;<br \/>\n7. UBS Cidade do Sol; Rua Gustavo Capanema, 70;<br \/>\n8. UBS Dom Bosco; Rua Jo\u00e3o Manata, 93;<br \/>\n9. UBS Esplanada; Rua Bias Fortes, 74;<br \/>\n10.UBS Filgueiras; Rua Orlando Riani, 2.200;<br \/>\n11.UBS Furtado de Menezes; Rua Furtado de Menezes, 19 \u00c0;<br \/>\n12.UBS Grama; Pra\u00e7a \u00c1ureo Carneiro s\/n;<br \/>\n13.UBS Granjas Beth\u00e2nia; Rua Nove de Julho, 294;<br \/>\n14.UBS Ipiranga; Rua Etiene Loures, 85;<br \/>\n15.UBS Jardim da Lua; Rua Natalino Jos\u00e9 de Paula, 314;<br \/>\n16.UBS Jardim Esperan\u00e7a; Rua Padre Jo\u00e3o Micheleto, 35;<br \/>\n17.UBS Jardim Natal; Rua Tenente Lucas Drumond, 370;<br \/>\n18.UBS Joquei Clube I; Rua Antonio Armando Pereira, 140;<br \/>\n19.UBS Joquei Clube II; Rua Antonio Guimar\u00e3es Peralva, 130;<br \/>\n20.UBS Linhares; Rua Ministro Odilon Braga, s\/n\u00ba;<br \/>\n21.UBS Marumbi; Rua Bar\u00e3o do Retiro, 1.462;<br \/>\n22.UBS Milho Branco; Rua Nicolau Schuery, s\/n\u00ba;<br \/>\n23.UBS Monte Castelo; Rua Doutor Oswaldo Mascarenhas, s\/n\u00ba;<br \/>\n24.UBS Nossa Senhora Aparecida; Rua Nossa Senhora Aparecida, 775;<br \/>\n25.UBS Nossa Senhora das Gra\u00e7as; Rua Queluz 72;<br \/>\n26.UBS Nossa Senhora de Lourdes ;Rua In\u00e1cio Gama, 813;<br \/>\n27.UBS Nova Era; Rua Guimar\u00e3es Junior, 850;<br \/>\n28.UBS Parque Guarani; Rua Sofia Rafael Zacarias, 685;<br \/>\n29.UBS Progresso; Rua Jorge Knopp, 119;<br \/>\n30.UBS Retiro Rua; Sebasti\u00e3o Cardoso, 41;<br \/>\n31.UBS Santa Cec\u00edlia; Rua Gabriel Rodrigues, 900;<br \/>\n32.UBS Santa Cruz; Rua Doutor Antonio Mour\u00e3o Guimar\u00e3es, 245;<br \/>\n33.UBS Santa Efig\u00eania; Rua Jos\u00e9 Ferreira, 13;<br \/>\n34.UBS Santa Luzia; Rua Torre\u00f5es, s\/n\u00ba;<br \/>\n35.UBS Santa Rita; Rua Jos\u00e9 Vicente, 390;<br \/>\n36.UBS Santo Ant\u00f4nio; Rua Pedro Trogo, 285;<br \/>\n37.UBS Santos Dumont; Rua Alvaro Jos\u00e9 Rodrigues, 25;<br \/>\n38.UBS S\u00e3o Judas Tadeu; Rua Ernesto Pancini, 446;<br \/>\n39.UBS S\u00e3o Pedro; Rua Jo\u00e1o Louren\u00e7o Kelmer, 1433;<br \/>\n40.UBS S\u00e3o Sebasti\u00e3o; Rua Jorge Raimundo, 209;<br \/>\n41.UBS Teixeiras; Rua Cust\u00f3dio Furtado de Souza, 131;<br \/>\n42.UBS Vale dos Bandeirantes; Rua Laurindo Nocelli, 100;<br \/>\n43.UBS Vale Verde; Rua Marciano Pinto, 685;<br \/>\n44.UBS Vila Esperan\u00e7a; Rua Nova, 30;<br \/>\n45.UBS Vila Ideal; Avenida Francisco Valadares, 1910;<br \/>\n46.UBS Vila Olavo Costa; Rua Jacinto Marcelino, 16;<\/p>\n","protected":false},"excerpt":{"rendered":"<p>Agora a Unidade B\u00e1sica de Sa\u00fade (UBS) do bairro Santos Dumont tamb\u00e9m realiza vacina\u00e7\u00e3o contra a Covid-19 e Influenza na cidade de Juiz de Fora. Com mais essa, o atendimento est\u00e1 sendo realizado em 46 UBSs. De acordo com informa\u00e7\u00f5es do site da Prefeitura de Juiz de Fora, a vacina\u00e7\u00e3o contra o coronav\u00edrus (Covid-19) ocorre [&hellip;]<\/p>\n","protected":false},"author":246,"featured_media":181109,"comment_status":"closed","ping_status":"closed","sticky":false,"template":"","format":"standard","meta":{"footnotes":""},"categories":[253,440,439],"tags":[],"class_list":["post-181108","post","type-post","status-publish","format-standard","has-post-thumbnail","hentry","category-cidade","category-destaques-do-dia","category-ultima-hora"],"_links":{"self":[{"href":"https:\/\/diarioregionaldigital.com.br\/index.php?rest_route=\/wp\/v2\/posts\/181108","targetHints":{"allow":["GET"]}}],"collection":[{"href":"https:\/\/diarioregionaldigital.com.br\/index.php?rest_route=\/wp\/v2\/posts"}],"about":[{"href":"https:\/\/diarioregionaldigital.com.br\/index.php?rest_route=\/wp\/v2\/types\/post"}],"author":[{"embeddable":true,"href":"https:\/\/diarioregionaldigital.com.br\/index.php?rest_route=\/wp\/v2\/users\/246"}],"replies":[{"embeddable":true,"href":"https:\/\/diarioregionaldigital.com.br\/index.php?rest_route=%2Fwp%2Fv2%2Fcomments&post=181108"}],"version-history":[{"count":2,"href":"https:\/\/diarioregionaldigital.com.br\/index.php?rest_route=\/wp\/v2\/posts\/181108\/revisions"}],"predecessor-version":[{"id":181111,"href":"https:\/\/diarioregionaldigital.com.br\/index.php?rest_route=\/wp\/v2\/posts\/181108\/revisions\/181111"}],"wp:featuredmedia":[{"embeddable":true,"href":"https:\/\/diarioregionaldigital.com.br\/index.php?rest_route=\/wp\/v2\/media\/181109"}],"wp:attachment":[{"href":"https:\/\/diarioregionaldigital.com.br\/index.php?rest_route=%2Fwp%2Fv2%2Fmedia&parent=181108"}],"wp:term":[{"taxonomy":"category","embeddable":true,"href":"https:\/\/diarioregionaldigital.com.br\/index.php?rest_route=%2Fwp%2Fv2%2Fcategories&post=181108"},{"taxonomy":"post_tag","embeddable":true,"href":"https:\/\/diarioregionaldigital.com.br\/index.php?rest_route=%2Fwp%2Fv2%2Ftags&post=181108"}],"curies":[{"name":"wp","href":"https:\/\/api.w.org\/{rel}","templated":true}]}}