{"id":181105,"date":"2021-04-16T19:36:41","date_gmt":"2021-04-16T22:36:41","guid":{"rendered":"https:\/\/diarioregionaldigital.com.br\/?p=181105"},"modified":"2021-04-16T19:36:41","modified_gmt":"2021-04-16T22:36:41","slug":"calendario-de-vacinacao-para-idosos-acima-de-60-anos-e-divulgado-pela-pjf","status":"publish","type":"post","link":"https:\/\/diarioregionaldigital.com.br\/?p=181105","title":{"rendered":"Calend\u00e1rio de vacina\u00e7\u00e3o para idosos acima de 60 anos \u00e9 divulgado pela PJF"},"content":{"rendered":"<p>Nesta sexta-feira (16), foi divulgado o novo calend\u00e1rio de vacina\u00e7\u00e3o contra a Covid-19 na cidade. Segundo informa\u00e7\u00f5es dos site da Prefeitura de Juiz de Fora (PJF), a nova etapa tem in\u00edcio na pr\u00f3xima segunda-feira, 19, com a vacina\u00e7\u00e3o de idosos de 64 anos, e est\u00e1 sujeito a altera\u00e7\u00f5es de acordo com a chegada de doses no munic\u00edpio. \u00c9 poss\u00edvel conferir os hor\u00e1rios na tabela abaixo, as idades e os locais de vacina\u00e7\u00e3o.<\/p>\n<p>\u00c9 precisos que os idosos\u00a0 realizem o pr\u00e9-cadastramento no site da PJF, antes de se vacinarem. O pr\u00e9-cadastramento deve ser realizado exclusivamente por meio do <a href=\"https:\/\/covid19.pjf.mg.gov.br\/vacinacao_juiz_de_fora.php\"><b>portal da PJF<\/b><\/a>. O preenchimento \u00e9 simples. Os idosos ou seus familiares devem inserir dados como nome, CPF, data de nascimento, sexo, telefone, idade, e informar se est\u00e1 acamado ou se tem alguma comorbidade. O question\u00e1rio n\u00e3o \u00e9 um sistema de agendamento, pois tem o objetivo de agilizar o atendimento nos locais de vacina\u00e7\u00e3o e evitar aglomera\u00e7\u00f5es na aplica\u00e7\u00e3o das vacinas.<\/p>\n<p>Foi disponibilizado pela Prefeitura de Juiz de Fora mais um formul\u00e1rio para ser impresso, preenchido e entregue no momento da vacina\u00e7\u00e3o. Ele est\u00e1 acima do formul\u00e1rio do pr\u00e9-cadastramento e orienta o n\u00e3o preenchimento do campo \u201cEstabelecimento de sa\u00fade\u201d. \u00c9 preciso que os idosos apresentem tamb\u00e9m c\u00f3pia da identidade com foto e do comprovante de resid\u00eancia. Ser\u00e1 necess\u00e1ria uma declara\u00e7\u00e3o por escrito do titular da resid\u00eancia, confirmando que a pessoa reside no local, caso o comprovante n\u00e3o esteja em seu nome.<\/p>\n<p><b>Cronograma de vacina\u00e7\u00e3o de 19 a 30 de abril<\/b><\/p>\n<p><b>Segunda-feira, 19 de abril.<\/b>\u00a0Vacina\u00e7\u00e3o de idosos com 64 anos ou mais, em uma das 46 UBSs, das 8h \u00e0s 11h; no Departamento de Sa\u00fade do Idoso (DSI), das 8h \u00e0s 16h; e no Sport Club Juiz de Fora, das 8h \u00e0s 16h. Pessoas nascidas de janeiro a junho.<\/p>\n<p><b>Ter\u00e7a-feira, 20 de abril.<\/b>\u00a0Vacina\u00e7\u00e3o de idosos com 64 anos ou mais, em uma das 46 UBSs, de 8h \u00e0s 11h; no Departamento de Sa\u00fade do Idoso (DSI), das 8h \u00e0s 16h; e no Sport Club Juiz de Fora, das 8h \u00e0s 16h. Pessoas nascidas de julho a dezembro.<\/p>\n<p><b>Quarta-feira, 21 de abril.<\/b>\u00a0Vacina\u00e7\u00e3o de idosos com 63 anos ou mais, em uma das 46 UBSs, das 8h \u00e0s 11h; no Departamento de Sa\u00fade do Idoso (DSI), das 8h \u00e0s 16h; e no Sport Club Juiz de Fora, das 8h \u00e0s 16h. Pessoas nascidas de janeiro a junho.<\/p>\n<p><b>Quinta-feira, 22 de abril.<\/b>\u00a0Vacina\u00e7\u00e3o de idosos com 63 anos ou mais, em uma das 46 UBSs, das 8h \u00e0s 11h; no Departamento de Sa\u00fade do Idoso (DSI), das 8h \u00e0s 16h; e no Sport Club Juiz de Fora, das 8h \u00e0s 16h. Pessoas nascidas de julho a dezembro.<\/p>\n<p><b>Sexta-feira, 23 de abril.<\/b>\u00a0Vacina\u00e7\u00e3o de idosos com 62 anos ou mais, em uma das 46 UBSs, das 8h \u00e0s 11h; no Departamento de Sa\u00fade do Idoso (DSI), das 8h \u00e0s 16h; e no Sport Club Juiz de Fora, das 8h \u00e0s 16h. Pessoas nascidas de janeiro a junho.<\/p>\n<p><b>S\u00e1bado, 24 de abril.<\/b>\u00a0Vacina\u00e7\u00e3o de idosos com 62 anos ou mais, no Sport Club Juiz de Fora, das 8h \u00e0s 16h. Pessoas nascidas de julho a dezembro.<\/p>\n<p><b>Segunda-feira, 26 de abril.<\/b>\u00a0Vacina\u00e7\u00e3o de idosos com 62 anos ou mais, em uma das 46 UBSs, das 8h \u00e0s 11h; no Departamento de Sa\u00fade do Idoso (DSI), das 8h \u00e0s 16h; e no Sport Club Juiz de Fora, das 8h \u00e0s 16h.<\/p>\n<p><b>Ter\u00e7a-feira, 27 de abril.<\/b>\u00a0Vacina\u00e7\u00e3o de idosos com 61 anos ou mais, em uma das 46 UBSs, das 8h \u00e0s 11h; no Departamento de Sa\u00fade do Idoso (DSI), das 8h \u00e0s 16h; e no Sport Club Juiz de Fora, das 8h \u00e0s 16h. Pessoas nascidas de janeiro a junho.<\/p>\n<p><b>Quarta-feira, 28 de abril.<\/b>\u00a0Vacina\u00e7\u00e3o de idosos com 61 anos ou mais, em uma das 46 UBSs, das 8h \u00e0s 11h; no Departamento de Sa\u00fade do Idoso (DSI), das 8h \u00e0s 16h; e no Sport Club Juiz de Fora, das 8h \u00e0s 16h. Pessoas nascidas de julho a dezembro.<\/p>\n<p><b>Quinta-feira, 29 de abril.<\/b>\u00a0Vacina\u00e7\u00e3o de idosos com 60 anos ou mais, em uma das 46 UBSs, das 8h \u00e0s 11h; no Departamento de Sa\u00fade do Idoso (DSI), das 8h \u00e0s 16h; e no Sport Club Juiz de Fora, das 8h \u00e0s 16h. Pessoas nascidas de janeiro a junho.<\/p>\n<p><b>Sexta, 30 de abril.<\/b>\u00a0Vacina\u00e7\u00e3o de idosos com 60 anos ou mais, em uma das 46 UBSs, das 8h \u00e0s 11h; no Departamento de Sa\u00fade do Idoso (DSI), das 8h \u00e0s 16h; e no Sport Club Juiz de Fora, das 8h \u00e0s 16h. Pessoas nascidas de julho a dezembro.<\/p>\n<p><b>Endere\u00e7o dos postos de vacina\u00e7\u00e3o e hor\u00e1rios de atendimento:<\/b><br \/>\nO hor\u00e1rio de funcionamento das UBS \u00e9 das 8h \u00e0s 11h.<br \/>\nO hor\u00e1rio de funcionamento do DSI \u00e9 das 8h \u00e0s 16h.<br \/>\nO hor\u00e1rio de funcionamento do Sport Club JF \u00e9 das 8h \u00e0s 16h.<\/p>\n<p><b>Confira os endere\u00e7os de todas as UBSs com vacina\u00e7\u00e3o contra a Covid-19:<\/b><br \/>\n1. UBS Alto Graja\u00fa; Rua Doutor Leonel Jaguaribe, 178;<br \/>\n2. UBS Bairro Industrial; Rua Jo\u00e3o Gualberto,110;<br \/>\n3. UBS Barreira do Triunfo; Avenida Juscelino Kubitscheck, s\/n\u00ba;<br \/>\n4. UBS Benfica; Rua Guararapes, 106;<br \/>\n5. UBS Borboleta; Rua Tenente Paulo Maria Delage, 229;<br \/>\n6. UBS Centro Sul; Avenida Rio Branco, 3132;<br \/>\n7. UBS Cidade do Sol; Rua Gustavo Capanema, 70;<br \/>\n8. UBS Dom Bosco; Rua Jo\u00e3o Manata, 93;<br \/>\n9. UBS Esplanada; Rua Bias Fortes, 74;<br \/>\n10.UBS Filgueiras; Rua Orlando Riani, 2.200;<br \/>\n11.UBS Furtado de Menezes; Rua Furtado de Menezes, 19 \u00c0;<br \/>\n12.UBS Grama; Pra\u00e7a \u00c1ureo Carneiro s\/n;<br \/>\n13.UBS Granjas Beth\u00e2nia; Rua Nove de Julho, 294;<br \/>\n14.UBS Ipiranga; Rua Etiene Loures, 85;<br \/>\n15.UBS Jardim da Lua; Rua Natalino Jos\u00e9 de Paula, 314;<br \/>\n16.UBS Jardim Esperan\u00e7a; Rua Padre Jo\u00e3o Micheleto, 35;<br \/>\n17.UBS Jardim Natal; Rua Tenente Lucas Drumond, 370;<br \/>\n18.UBS Joquei Clube I; Rua Antonio Armando Pereira, 140;<br \/>\n19.UBS Joquei Clube II; Rua Antonio Guimar\u00e3es Peralva, 130;<br \/>\n20.UBS Linhares; Rua Ministro Odilon Braga, s\/n\u00ba;<br \/>\n21.UBS Marumbi; Rua Bar\u00e3o do Retiro, 1.462;<br \/>\n22.UBS Milho Branco; Rua Nicolau Schuery, s\/n\u00ba;<br \/>\n23.UBS Monte Castelo; Rua Doutor Oswaldo Mascarenhas, s\/n\u00ba;<br \/>\n24.UBS Nossa Senhora Aparecida; Rua Nossa Senhora Aparecida, 775;<br \/>\n25.UBS Nossa Senhora das Gra\u00e7as; Rua Queluz 72;<br \/>\n26.UBS Nossa Senhora de Lourdes ;Rua In\u00e1cio Gama, 813;<br \/>\n27.UBS Nova Era; Rua Guimar\u00e3es Junior, 850;<br \/>\n28.UBS Parque Guarani; Rua Sofia Rafael Zacarias, 685;<br \/>\n29.UBS Progresso; Rua Jorge Knopp, 119;<br \/>\n30.UBS Retiro Rua; Sebasti\u00e3o Cardoso, 41;<br \/>\n31.UBS Santa Cec\u00edlia; Rua Gabriel Rodrigues, 900;<br \/>\n32.UBS Santa Cruz; Rua Doutor Antonio Mour\u00e3o Guimar\u00e3es, 245;<br \/>\n33.UBS Santa Efig\u00eania; Rua Jos\u00e9 Ferreira, 13;<br \/>\n34.UBS Santa Luzia; Rua Torre\u00f5es, s\/n\u00ba;<br \/>\n35.UBS Santa Rita; Rua Jos\u00e9 Vicente, 390;<br \/>\n36.UBS Santo Ant\u00f4nio; Rua Pedro Trogo, 285;<br \/>\n37.UBS Santos Dumont; Rua Alvaro Jos\u00e9 Rodrigues, 25;<br \/>\n38.UBS S\u00e3o Judas Tadeu; Rua Ernesto Pancini, 446;<br \/>\n39.UBS S\u00e3o Pedro; Rua Jo\u00e1o Louren\u00e7o Kelmer, 1433;<br \/>\n40.UBS S\u00e3o Sebasti\u00e3o; Rua Jorge Raimundo, 209;<br \/>\n41.UBS Teixeiras; Rua Cust\u00f3dio Furtado de Souza, 131;<br \/>\n42.UBS Vale dos Bandeirantes; Rua Laurindo Nocelli, 100;<br \/>\n43.UBS Vale Verde; Rua Marciano Pinto, 685;<br \/>\n44.UBS Vila Esperan\u00e7a; Rua Nova, 30;<br \/>\n45.UBS Vila Ideal; Avenida Francisco Valadares, 1910;<br \/>\n46.UBS Vila Olavo Costa; Rua Jacinto Marcelino, 16;<\/p>\n","protected":false},"excerpt":{"rendered":"<p>Nesta sexta-feira (16), foi divulgado o novo calend\u00e1rio de vacina\u00e7\u00e3o contra a Covid-19 na cidade. Segundo informa\u00e7\u00f5es dos site da Prefeitura de Juiz de Fora (PJF), a nova etapa tem in\u00edcio na pr\u00f3xima segunda-feira, 19, com a vacina\u00e7\u00e3o de idosos de 64 anos, e est\u00e1 sujeito a altera\u00e7\u00f5es de acordo com a chegada de doses [&hellip;]<\/p>\n","protected":false},"author":246,"featured_media":181106,"comment_status":"closed","ping_status":"closed","sticky":false,"template":"","format":"standard","meta":{"footnotes":""},"categories":[253,440,439],"tags":[],"class_list":["post-181105","post","type-post","status-publish","format-standard","has-post-thumbnail","hentry","category-cidade","category-destaques-do-dia","category-ultima-hora"],"_links":{"self":[{"href":"https:\/\/diarioregionaldigital.com.br\/index.php?rest_route=\/wp\/v2\/posts\/181105","targetHints":{"allow":["GET"]}}],"collection":[{"href":"https:\/\/diarioregionaldigital.com.br\/index.php?rest_route=\/wp\/v2\/posts"}],"about":[{"href":"https:\/\/diarioregionaldigital.com.br\/index.php?rest_route=\/wp\/v2\/types\/post"}],"author":[{"embeddable":true,"href":"https:\/\/diarioregionaldigital.com.br\/index.php?rest_route=\/wp\/v2\/users\/246"}],"replies":[{"embeddable":true,"href":"https:\/\/diarioregionaldigital.com.br\/index.php?rest_route=%2Fwp%2Fv2%2Fcomments&post=181105"}],"version-history":[{"count":1,"href":"https:\/\/diarioregionaldigital.com.br\/index.php?rest_route=\/wp\/v2\/posts\/181105\/revisions"}],"predecessor-version":[{"id":181107,"href":"https:\/\/diarioregionaldigital.com.br\/index.php?rest_route=\/wp\/v2\/posts\/181105\/revisions\/181107"}],"wp:featuredmedia":[{"embeddable":true,"href":"https:\/\/diarioregionaldigital.com.br\/index.php?rest_route=\/wp\/v2\/media\/181106"}],"wp:attachment":[{"href":"https:\/\/diarioregionaldigital.com.br\/index.php?rest_route=%2Fwp%2Fv2%2Fmedia&parent=181105"}],"wp:term":[{"taxonomy":"category","embeddable":true,"href":"https:\/\/diarioregionaldigital.com.br\/index.php?rest_route=%2Fwp%2Fv2%2Fcategories&post=181105"},{"taxonomy":"post_tag","embeddable":true,"href":"https:\/\/diarioregionaldigital.com.br\/index.php?rest_route=%2Fwp%2Fv2%2Ftags&post=181105"}],"curies":[{"name":"wp","href":"https:\/\/api.w.org\/{rel}","templated":true}]}}